{"id":264710,"date":"2025-12-01T02:27:16","date_gmt":"2025-12-01T02:27:16","guid":{"rendered":"https:\/\/www.europesays.com\/es\/264710\/"},"modified":"2025-12-01T02:27:16","modified_gmt":"2025-12-01T02:27:16","slug":"la-tinta-de-tatuaje-puede-alterar-la-respuesta-a-vacunas-y-afectar-al-sistema-inmune-estudio","status":"publish","type":"post","link":"https:\/\/www.europesays.com\/es\/264710\/","title":{"rendered":"La tinta de tatuaje puede alterar la respuesta a vacunas y afectar al sistema inmune: estudio"},"content":{"rendered":"<p>.<\/p>\n<p>.<\/p>\n<p>.<\/p>\n<p>.<\/p>\n<p>.<\/p>\n<p>.<\/p>\n<p>.<\/p>\n<p>.<\/p>\n<p>.<\/p>\n<p>.<\/p>\n<p>.<\/p>\n<p>.<\/p>\n<p>.<\/p>\n<p>Investigadores europeos detectaron que la tinta usada en tatuajes genera inflamaci\u00f3n prolongada en los ganglios linf\u00e1ticos que drenan la zona tatuada. Esto puede afectar el sistema inmune y modificar la respuesta del organismo ante ciertas vacunas, entre otros efectos.<\/p>\n<p>El trabajo, publicado en la revista\u00a0<a href=\"https:\/\/www.pnas.org\/doi\/10.1073\/pnas.2510392122\" rel=\"nofollow noopener\" target=\"_blank\">PNAS<\/a>\u00a0de la\u00a0Academia Nacional de Ciencias de los Estados Unidos, combina experimentos en ratones y an\u00e1lisis en c\u00e9lulas humanas. El equipo de investigaci\u00f3n re\u00fane expertos de Suiza, Alemania, Italia, Rep\u00fablica Checa y Francia.<\/p>\n<p>Los autores observaron que los <strong>pigmentos negros, rojos y verdes<\/strong> viajan por el sistema linf\u00e1tico y se alojan en macr\u00f3fagos. Ah\u00ed permanecen al menos dos meses, manteniendo una reacci\u00f3n inflamatoria cr\u00f3nica que modifica se\u00f1ales qu\u00edmicas locales.<\/p>\n<p>Al vacunar a animales tatuados, la respuesta de anticuerpos frente a COVID-19 disminuy\u00f3 cuando la inyecci\u00f3n coincidi\u00f3 con la zona tatuada.<\/p>\n<p>     <a href=\"https:\/\/ad.doubleclick.net\/ddm\/trackclk\/N544001.2726800ENTREPENURMX\/B34110106.429823592;dc_trk_aid=622859913;dc_trk_cid=242394324;dc_lat=;dc_rdid=;tag_for_child_directed_treatment=;tfua=;gdpr=${GDPR};gdpr_consent=${GDPR_CONSENT_755};ltd=;dc_tdv=1\" target=\"blank\" rel=\"nofollow noopener\"><br \/>\n        <img decoding=\"async\" src=\"https:\/\/www.europesays.com\/es\/wp-content\/uploads\/2025\/10\/1_Entrepreneur_Central-Desktop_1449x150.webp.webp\" class=\"banner_central_impression only-desktop\" data-id=\"g21_skin_BANAMEX_Nov2025\" alt=\"Banner Central Desktop\"\/><\/p>\n<p>        <img decoding=\"async\" src=\"https:\/\/www.europesays.com\/es\/wp-content\/uploads\/2025\/10\/1_Entrepreneur_Central-Mobile_320x100.webp.webp\" class=\"banner_central_impression only-mobile\" data-id=\"g21_skin_BANAMEX_Nov2025\" alt=\"Banner Central Mobile\"\/><\/p>\n<p>            <\/a><\/p>\n<p>\u00bfC\u00f3mo afecta la tinta de tatuaje al sistema inmune?<\/p>\n<p>El estudio mostr\u00f3 que la tinta de tatuaje se transporta desde la piel hacia los ganglios de drenaje y queda atrapada dentro de macr\u00f3fagos.<\/p>\n<p>Seg\u00fan describen los autores, en los ensayos los macr\u00f3fagos capturaron los pigmentos y no lograron degradarlos. Esto provoc\u00f3 muerte celular repetida y mantuvo un ciclo continuo de captura y p\u00e9rdida celular en los ganglios. Esa acumulaci\u00f3n gener\u00f3 inflamaci\u00f3n cr\u00f3nica y alter\u00f3 las se\u00f1ales qu\u00edmicas locales, con cambios funcionales en la capacidad de filtrado inmune de esos \u00f3rganos.<\/p>\n<p>Los investigadores constataron la permanencia de pigmento en ganglios por al menos dos meses y destacaron que los efectos variaron seg\u00fan el color y la cantidad de tinta empleada.<\/p>\n<p>El impacto de la tinta de tatuaje sobre las vacunas<\/p>\n<p>Al comparar respuestas inmunes, el equipo aplic\u00f3 vacunas contra COVID-19 y contra la gripe en ratones tatuados y en otros \u2018de control\u2019, sin tinta.<\/p>\n<p>Cuando la vacuna se administr\u00f3 en la misma zona tatuada, la producci\u00f3n de anticuerpos anti-RBD cay\u00f3 frente a la observada en animales sin tatuaje o vacunados en sitios distintos. La tinta roja y la verde mostraron adem\u00e1s una ca\u00edda de anticuerpos IgM en ciertos esquemas.<\/p>\n<p>En contraste, la vacuna de influenza inactivada provoc\u00f3 en algunos animales una respuesta mayor a la esperada, lo que indica que la inflamaci\u00f3n cr\u00f3nica puede amplificar determinadas respuestas inmunes seg\u00fan el tipo de inmunizaci\u00f3n.<\/p>\n<p>Recomendaciones, limitaciones y voces expertas<\/p>\n<p>Los autores subrayan la necesidad de validar estos hallazgos en estudios cl\u00ednicos en humanos antes de sacar conclusiones definitivas. Adem\u00e1s, piden regular los ingredientes con los que se fabrican las tintas para tatuajes.<\/p>\n<p>Advierten que el tama\u00f1o, la ubicaci\u00f3n y la composici\u00f3n del tatuaje condicionan la magnitud del efecto. Tambi\u00e9n recomiendan que, en la pr\u00e1ctica cl\u00ednica, podr\u00edan considerar evitar aplicar vacunas sobre tatuajes recientes o extensos, por lo menos hasta contar con evidencia cl\u00ednica s\u00f3lida de su seguridad.<\/p>\n<p>La infect\u00f3loga Alejandra Gaiano se\u00f1al\u00f3 que el efecto parece local y mediano plazo. Dijo que \u201cquiz\u00e1 no se deber\u00edan aplicar vacunas sobre los tatuajes\u201d hasta disponer de m\u00e1s estudios, seg\u00fan recoge Infobae.<\/p>\n<p>No es la primera advertencia<\/p>\n<p>Cabe recordar que en julio de 2022 en la industria del tatuaje de Estados Unidos se empez\u00f3 a debatir la seguridad de las tintas de colores. En marzo de ese a\u00f1o, la FDA anunci\u00f3 una investigaci\u00f3n sobre <a href=\"https:\/\/emprendedor.com\/prohibiran-tintas-para-tatuajes-de-colores-en-2023-estados-unidos-europa-tatuadores-industria\/\" rel=\"nofollow noopener\" target=\"_blank\">los riesgos sanitarios de estos pigmentos<\/a>.<\/p>\n<p>La agencia advirti\u00f3 que algunos compuestos podr\u00edan ser cancer\u00edgenos, una inquietud reforzada por estudios que mostraron la migraci\u00f3n de sustancias hacia los ganglios linf\u00e1ticos, tal como se\u00f1al\u00f3 Jamison Chung en The Regulatory Review.<\/p>\n<p>Todo esto luego de que la Uni\u00f3n Europea prohibi\u00f3 m\u00e1s de cuatro mil sustancias qu\u00edmicas t\u00f3xicas usadas en tintas, incluidos colorantes azoicos y alcohol isoprop\u00edlico.<\/p>\n<p><a href=\"https:\/\/emprendedor.com\/tag\/danos-a-la-salud\/\" rel=\"nofollow noopener\" target=\"_blank\"> Da\u00f1os a la salud<\/a><a href=\"https:\/\/emprendedor.com\/tag\/riesgos-de-los-tatuajes\/\" rel=\"nofollow noopener\" target=\"_blank\"> Riesgos de los tatuajes<\/a><a href=\"https:\/\/emprendedor.com\/tag\/sistema-inmune\/\" rel=\"nofollow noopener\" target=\"_blank\"> sistema inmune<\/a><a href=\"https:\/\/emprendedor.com\/tag\/tatuajes\/\" rel=\"nofollow noopener\" target=\"_blank\"> Tatuajes<\/a><a href=\"https:\/\/emprendedor.com\/tag\/tinta-de-tatuaje\/\" rel=\"nofollow noopener\" target=\"_blank\"> tinta de tatuaje<\/a><a href=\"https:\/\/emprendedor.com\/tag\/tintas-para-tatuajes\/\" rel=\"nofollow noopener\" target=\"_blank\"> Tintas para tatuajes<\/a><a href=\"https:\/\/emprendedor.com\/tag\/vacunas\/\" rel=\"nofollow noopener\" target=\"_blank\"> Vacunas<\/a><\/p>\n<p>\t\t\t\t\t\t\t\t\t\t\t\t\t<a href=\"https:\/\/revistadigital.mx\/emprende-septiembre-octubre-2025\/\" target=\"_blank\" rel=\"nofollow noopener\"><br \/>\n\t\t\t\t\t\t\t\t\t\t\t\t\t\t\t\t\t<img decoding=\"async\" src=\"https:\/\/www.europesays.com\/es\/wp-content\/uploads\/2025\/10\/EMPRENDE-BANNER-2172x506-1.gif\" width=\"100%\"\/><img\/><\/p>\n<p>\t\t\t\t\t\t\t\t\t\t\t\t\t\t\t\t<\/a><\/p>\n<p>    <img loading=\"lazy\" decoding=\"async\" src=\"https:\/\/www.europesays.com\/es\/wp-content\/uploads\/2025\/10\/WhatsApp-Image-2022-02-02-at-3.42.00-PM.jpeg\" alt=\"autor\" width=\"40\" height=\"40\"\/><br \/>\n    <a href=\"https:\/\/emprendedor.com\/author\/mdelriog21-com-mx\/\" title=\"Entradas de Mairem Del R\u00edo\" rel=\"author nofollow noopener\" target=\"_blank\">Mairem Del R\u00edo<\/a>    Adicta a ver series y pel\u00edculas, hacer (un poco de) ejercicio y cambiar mi color de cabello. Tambi\u00e9n soy periodista, con m\u00e1s de 16 a\u00f1os de experiencia y dedicada 100% a medios digitales desde 2011. He sido desde reportera y community manager, hasta editora en varios medios y agencias. Mis \u00e1reas de expertise son tan diversas como contrastantes: espect\u00e1culos, viajes, estilo de vida, salud, negocios y finanzas. Ahora estoy enfocada en el ecosistema emprendedor, criptomonedas, NFTs, metaversos y la prometedora industria del cannabis en M\u00e9xico.<\/p>\n","protected":false},"excerpt":{"rendered":". . . . . . . . . . . . . Investigadores europeos detectaron que la&hellip;\n","protected":false},"author":2,"featured_media":264711,"comment_status":"","ping_status":"","sticky":false,"template":"","format":"standard","meta":{"footnotes":""},"categories":[92],"tags":[65674,25,24,165,65675,166,10149,23,25829,65676,65677,1454],"class_list":{"0":"post-264710","1":"post","2":"type-post","3":"status-publish","4":"format-standard","5":"has-post-thumbnail","7":"category-salud","8":"tag-danos-a-la-salud","9":"tag-es","10":"tag-espana","11":"tag-health","12":"tag-riesgos-de-los-tatuajes","13":"tag-salud","14":"tag-sistema-inmune","15":"tag-spain","16":"tag-tatuajes","17":"tag-tinta-de-tatuaje","18":"tag-tintas-para-tatuajes","19":"tag-vacunas"},"share_on_mastodon":{"url":"https:\/\/pubeurope.com\/@es\/115641951685261015","error":""},"_links":{"self":[{"href":"https:\/\/www.europesays.com\/es\/wp-json\/wp\/v2\/posts\/264710","targetHints":{"allow":["GET"]}}],"collection":[{"href":"https:\/\/www.europesays.com\/es\/wp-json\/wp\/v2\/posts"}],"about":[{"href":"https:\/\/www.europesays.com\/es\/wp-json\/wp\/v2\/types\/post"}],"author":[{"embeddable":true,"href":"https:\/\/www.europesays.com\/es\/wp-json\/wp\/v2\/users\/2"}],"replies":[{"embeddable":true,"href":"https:\/\/www.europesays.com\/es\/wp-json\/wp\/v2\/comments?post=264710"}],"version-history":[{"count":0,"href":"https:\/\/www.europesays.com\/es\/wp-json\/wp\/v2\/posts\/264710\/revisions"}],"wp:featuredmedia":[{"embeddable":true,"href":"https:\/\/www.europesays.com\/es\/wp-json\/wp\/v2\/media\/264711"}],"wp:attachment":[{"href":"https:\/\/www.europesays.com\/es\/wp-json\/wp\/v2\/media?parent=264710"}],"wp:term":[{"taxonomy":"category","embeddable":true,"href":"https:\/\/www.europesays.com\/es\/wp-json\/wp\/v2\/categories?post=264710"},{"taxonomy":"post_tag","embeddable":true,"href":"https:\/\/www.europesays.com\/es\/wp-json\/wp\/v2\/tags?post=264710"}],"curies":[{"name":"wp","href":"https:\/\/api.w.org\/{rel}","templated":true}]}}