{"id":264712,"date":"2025-12-01T02:28:22","date_gmt":"2025-12-01T02:28:22","guid":{"rendered":"https:\/\/www.europesays.com\/es\/264712\/"},"modified":"2025-12-01T02:28:22","modified_gmt":"2025-12-01T02:28:22","slug":"el-viernes-5-de-diciembre-zambomba-navidena-en-la-rosaleda-de-campamento","status":"publish","type":"post","link":"https:\/\/www.europesays.com\/es\/264712\/","title":{"rendered":"El viernes 5 de diciembre, Zambomba Navide\u00f1a en La Rosaleda de Campamento"},"content":{"rendered":"<p>La Delegaci\u00f3n de Cultura del Ayuntamiento de San Roque, con la colaboraci\u00f3n de la Tenencia de Alcald\u00eda del Arco de la Bah\u00eda, organiza la zambomba navide\u00f1a que tendr\u00e1 lugar el pr\u00f3ximo viernes 5 de diciembre en los jardines de La Rosaleda, en Campamento. Adem\u00e1s de actuaciones musicales, que comenzar\u00e1n a las 19.30 horas, habr\u00e1 animaci\u00f3n y actividades infantiles entre las 19.00 y las 21.00 horas.<\/p>\n<p>La teniente de alcalde delegada de Cultura, Ana Ruiz, present\u00f3 recientemente este acto junto al teniente de alcalde delegado de la Bah\u00eda, David Ramos. A la presentaci\u00f3n asisti\u00f3 asimismo la concejal delegada del Valle del Guadiaro, ya que tambi\u00e9n se dio a conocer la zambomba organizada en Pueblo Nuevo el viernes 28 de noviembre en Pueblo Nuevo.<\/p>\n<p>Los tres ediles invitaron a asistir a estas zambombas a las vecinas y vecinos de las citadas barriadas, y recordaron que tanto desde Cultura como de otros departamentos municipales se est\u00e1n organizando actividades de este tipo tanto en el Teatro Juan Luis Galiardo como en plazas de todo el municipio, as\u00ed como en belenes vivientes, a las que hay que sumar las que impulsar\u00e1n distintos colectivos.<\/p>\n<p>En cuanto a la zambomba del pr\u00f3ximo viernes 5 de diciembre en Campamento, las actuaciones comenzar\u00e1n a las 19.30 horas en los jardines del Edificio La Rosaleda, si bien entre las 19.00 y las 21.00 los m\u00e1s peque\u00f1os podr\u00e1n disfrutar de animaci\u00f3n y actividades infantiles. La m\u00fasica llegar\u00e1 a cargo de la Zambomba Navide\u00f1a, que contar\u00e1 con artistas de Jerez y de otros municipios andaluces, as\u00ed como con \u201cNavidad Gitana\u201d, una formaci\u00f3n convocada por el sanroque\u00f1o Manuel Peralta.<\/p>\n<p>El plato fuerte correr\u00e1 a cargo de la Zambomba Navide\u00f1a, un conjunto art\u00edstico formado por Tomasa Pe\u00f1a, Mar\u00eda Pe\u00f1a, Roc\u00edo Parilla, Luis Montoya, Pedro Montoya, Rub\u00e9n Mart\u00ednez y Perico Navarro.<\/p>\n<p>En cuanto a Navidad Gitana, es un grupo de artistas que impulsa el sanroque\u00f1o Manuel Peralta, quien adem\u00e1s se encargar\u00e1 de tocar la guitarra. Entre los cantantes se contar\u00e1 con Kimera Fern\u00e1ndez, una artista linense que lleg\u00f3 a la final de la sexta temporada del programa \u201cSe llama Copla\u201d, as\u00ed como con Antonio C\u00f3rdoba, cantaor nacido en Cabra pero residente en Algeciras. Tambi\u00e9n actuar\u00e1 la algecire\u00f1a La Manuela, mientras que la percusi\u00f3n llegar\u00e1 de la mano de Marote.<\/p>\n<p>En cuanto al cartel de Pueblo Nuevo, lo abr\u00eda la Zambomba de Remedios Reyes, a la que se sumaba Antonio Albadalejo y su banda. Adem\u00e1s, se inclu\u00eda una actuaci\u00f3n de baile por la academia Power Dance Varinia y de los temas pinchados por el Dj AndyDuo.<\/p>\n","protected":false},"excerpt":{"rendered":"La Delegaci\u00f3n de Cultura del Ayuntamiento de San Roque, con la colaboraci\u00f3n de la Tenencia de Alcald\u00eda del&hellip;\n","protected":false},"author":2,"featured_media":264713,"comment_status":"","ping_status":"","sticky":false,"template":"","format":"standard","meta":{"footnotes":""},"categories":[91],"tags":[1250,2193,2191,146,147,25,24,2190,2186,2189,2185,2187,23,2192,2188],"class_list":{"0":"post-264712","1":"post","2":"type-post","3":"status-publish","4":"format-standard","5":"has-post-thumbnail","7":"category-entretenimiento","8":"tag-ayuntamiento","9":"tag-cadiz","10":"tag-campamento","11":"tag-entertainment","12":"tag-entretenimiento","13":"tag-es","14":"tag-espana","15":"tag-guadiaro","16":"tag-roque","17":"tag-san-enrique","18":"tag-san-roque","19":"tag-soto-grande","20":"tag-spain","21":"tag-taraguilla","22":"tag-torreguadiaro"},"share_on_mastodon":{"url":"https:\/\/pubeurope.com\/@es\/115641955456137061","error":""},"_links":{"self":[{"href":"https:\/\/www.europesays.com\/es\/wp-json\/wp\/v2\/posts\/264712","targetHints":{"allow":["GET"]}}],"collection":[{"href":"https:\/\/www.europesays.com\/es\/wp-json\/wp\/v2\/posts"}],"about":[{"href":"https:\/\/www.europesays.com\/es\/wp-json\/wp\/v2\/types\/post"}],"author":[{"embeddable":true,"href":"https:\/\/www.europesays.com\/es\/wp-json\/wp\/v2\/users\/2"}],"replies":[{"embeddable":true,"href":"https:\/\/www.europesays.com\/es\/wp-json\/wp\/v2\/comments?post=264712"}],"version-history":[{"count":0,"href":"https:\/\/www.europesays.com\/es\/wp-json\/wp\/v2\/posts\/264712\/revisions"}],"wp:featuredmedia":[{"embeddable":true,"href":"https:\/\/www.europesays.com\/es\/wp-json\/wp\/v2\/media\/264713"}],"wp:attachment":[{"href":"https:\/\/www.europesays.com\/es\/wp-json\/wp\/v2\/media?parent=264712"}],"wp:term":[{"taxonomy":"category","embeddable":true,"href":"https:\/\/www.europesays.com\/es\/wp-json\/wp\/v2\/categories?post=264712"},{"taxonomy":"post_tag","embeddable":true,"href":"https:\/\/www.europesays.com\/es\/wp-json\/wp\/v2\/tags?post=264712"}],"curies":[{"name":"wp","href":"https:\/\/api.w.org\/{rel}","templated":true}]}}