{"id":264715,"date":"2025-12-01T02:31:14","date_gmt":"2025-12-01T02:31:14","guid":{"rendered":"https:\/\/www.europesays.com\/es\/264715\/"},"modified":"2025-12-01T02:31:14","modified_gmt":"2025-12-01T02:31:14","slug":"implicaciones-de-la-caida-del-todopoderoso-asesor-ucraniano","status":"publish","type":"post","link":"https:\/\/www.europesays.com\/es\/264715\/","title":{"rendered":"implicaciones de la ca\u00edda del todopoderoso asesor ucraniano"},"content":{"rendered":"<p class=\"article-text\">\n        El sistema pol\u00edtico de Ucrania se prepara para una \u201cminirrevoluci\u00f3n\u201d, ya que el presidente del pa\u00eds, Volod\u00edmir Zelenski, se ve obligado a <a href=\"https:\/\/www.eldiario.es\/internacional\/autoridades-anticorrupcion-ucrania-registran-casa-mano-derecha-zelenski_1_12804133.html\" data-mrf-recirculation=\"links-noticia\" class=\"link\" rel=\"nofollow noopener\" target=\"_blank\">adaptarse a la vida sin su asesor m\u00e1s cercano<\/a>, su principal ejecutor y su colaborador m\u00e1s leal, Andriy Yermak, <a href=\"https:\/\/www.theguardian.com\/world\/2025\/nov\/28\/ukraines-anti-corruption-agencies-search-home-zelenskyy-chief-aide-andriy-yermak\" target=\"_blank\" data-mrf-recirculation=\"links-noticia\" class=\"link\" rel=\"nofollow noopener\">que dimiti\u00f3 el viernes<\/a> tras los registros policiales en su apartamento como parte de una investigaci\u00f3n anticorrupci\u00f3n cada vez m\u00e1s amplia.\n    <\/p>\n<p class=\"article-text\">\n        La dimisi\u00f3n de Yermak podr\u00eda tener consecuencias tremendas para la gobernanza interna, as\u00ed como para la posici\u00f3n negociadora de Ucrania en las conversaciones para poner fin a la guerra con Rusia, donde hab\u00eda ejercido como jefe de la delegaci\u00f3n ucraniana en las conversaciones de paz con la Casa Blanca.\n    <\/p>\n<p class=\"article-text\">\n        \u201cEs una minirrevoluci\u00f3n en el sistema pol\u00edtico y en el sistema de gobierno\u201d, afirma el analista pol\u00edtico Volod\u00edmir Fesenko, con sede en Kiev. \u201cYermak era el elemento clave del sistema de poder que Zelenski hab\u00eda construido\u201d.\n    <\/p>\n<p class=\"article-text\">\n        Yermak, un antiguo abogado especializado en propiedad intelectual, se convirti\u00f3 en productor de pel\u00edculas de serie B y luego en abogado de la productora de Zelenski, cuando este todav\u00eda era actor. Cuando su amigo gan\u00f3 las elecciones presidenciales de 2019, Yermak entr\u00f3 en la pol\u00edtica con \u00e9l, primero como asesor de pol\u00edtica exterior y, un a\u00f1o despu\u00e9s, como jefe de gabinete.\n    <\/p>\n<p class=\"article-text\">\n        Yermak parec\u00eda haberse vuelto intocable al acercarse cada vez m\u00e1s al presidente durante los a\u00f1os de guerra a gran escala. Dirig\u00eda los aspectos m\u00e1s delicados de la pol\u00edtica exterior de Ucrania, hablaba regularmente con los asesores de seguridad nacional de los pa\u00edses aliados y estaba a cargo del equipo que trabajaba en las negociaciones de paz.\n    <\/p>\n<p>            <img decoding=\"async\" class=\"lazy\" loading=\"lazy\" data-src=\"https:\/\/static.eldiario.es\/clip\/86edb3cd-e22a-47ef-9365-0f3927c20e52_16-9-discover-aspect-ratio_default_1131425.jpg\" src=\"data:image\/svg+xml,%3Csvg xmlns=\" http:=\"\" viewbox=\"0 0 4990 2807\" alt=\"El jefe de Gabinete de Zelenski, Adriy Yermak, en un imagen de archivo.\"\/><\/p>\n<p class=\"article-text\">\n        Tambi\u00e9n era el principal mediador pol\u00edtico de Zelenski, a menudo daba \u00f3rdenes a los ministros y era considerado por muchos como la personificaci\u00f3n de la voluntad del presidente. Fue Yermak quien <a href=\"https:\/\/www.theguardian.com\/world\/ng-interactive\/2025\/aug\/25\/general-envoy-future-ukraine-president-valerii-zaluzhnyi-london-waiting-game\" target=\"_blank\" data-mrf-recirculation=\"links-noticia\" class=\"link\" rel=\"nofollow noopener\">viaj\u00f3 a Londres para reunirse con el excomandante del ej\u00e9rcito Valerii Zaluzhnyi<\/a>, considerado por muchos como el rival pol\u00edtico m\u00e1s peligroso de Zelenski, y le propuso que se uniera al equipo del presidente.\n    <\/p>\n<p class=\"article-text\">\n        Pocas personas de la \u00e9lite ucraniana apreciaban a Yermak, pero muchos expresaban una admiraci\u00f3n a rega\u00f1adientes por su \u00e9tica de trabajo y sus intrigas despiadadas. Algunos consideraban que el nivel de control, inusual en una democracia, estaba justificado por el contexto de guerra. Adem\u00e1s, su papel como figura odiada a menudo ayudaba a proteger a Zelenski.\n    <\/p>\n<p class=\"article-text\">\n        Incluso cuando el viernes se registr\u00f3 el apartamento de Yermak, pocos esperaban que eso lo expulsara de su cargo, ya que se hab\u00eda extendido la idea de que Zelenski no sacrificar\u00eda a su ayudante de mayor confianza a cualquier precio.\n    <\/p>\n<p class=\"article-text\">\n        Aunque Yermak no ha sido acusado de nada hasta el momento, la investigaci\u00f3n anticorrupci\u00f3n amenaza con dominar la agenda informativa y provocar una crisis en toda regla, en medio del <a href=\"https:\/\/www.theguardian.com\/world\/2025\/nov\/16\/zelenskyy-pledges-to-clean-up-ukraine-energy-sector-amid-corruption-scandal\" target=\"_blank\" data-mrf-recirculation=\"links-noticia\" class=\"link\" rel=\"nofollow noopener\">creciente descontento p\u00fablico por la corrupci\u00f3n<\/a>.\n    <\/p>\n<p class=\"article-text\">\n        La popularidad de Zelenski ya se hab\u00eda visto gravemente afectada por el esc\u00e1ndalo. Este s\u00e1bado, el medio Ukrainska Pravda inform\u00f3 a trav\u00e9s de fuentes que los investigadores hab\u00edan incautado varios ordenadores port\u00e1tiles y tel\u00e9fonos m\u00f3viles del apartamento de Yermak para su an\u00e1lisis.\n    <\/p>\n<p class=\"article-text\">\n        \u201cPara Zelenski, habr\u00eda sido una decisi\u00f3n dif\u00edcil de tomar, ya que entend\u00eda la necesidad pol\u00edtica, pero depend\u00eda psicol\u00f3gicamente de Yermak\u201d, afirma Fesenko, quien sugiere que lo m\u00e1s probable era que la dimisi\u00f3n de Yermak hubiera sido decisi\u00f3n suya y no una orden de Zelenski. \u201cCreo que Yermak entendi\u00f3 que, si ca\u00eda, arrastrar\u00eda a Zelenski con \u00e9l, y decidi\u00f3 sacrificarse para salvar a Zelenski\u201d.\n    <\/p>\n<p class=\"article-text\">\n        Como siempre ocurre tras la ca\u00edda de una figura pol\u00edtica poderosa, el periodo de reajuste podr\u00eda ser complicado. Algunos de los fieles seguidores de Yermak temer\u00e1n ahora por sus puestos de trabajo, mientras que muchos otros miembros de la \u00e9lite dar\u00e1n un suspiro de alivio y esperar\u00e1n obtener un acceso m\u00e1s directo al presidente.\n    <\/p>\n<p class=\"article-text\">\n        \u201cYermak controlaba no solo los contactos del presidente con el mundo exterior, sino tambi\u00e9n la informaci\u00f3n que llegaba al presidente\u201d, afirma Olena Prokopenko, investigadora principal del German Marshall Fund.\n    <\/p>\n<p class=\"article-text\">\n        Se cre\u00eda que Yermak controlaba una red de canales de Telegram que difamaban a quienes se cruzaban en su camino, y era conocido por controlar ferozmente el acceso a Zelenski. \u201cHab\u00eda alrededor de cinco o seis personas que ten\u00edan acceso directo al presidente, y Yermak intent\u00f3 expulsarlas sistem\u00e1ticamente\u201d, dice Fesenko.\n    <\/p>\n<p class=\"article-text\">\n        Uno de los que ha logrado resistir es el veterano jefe de inteligencia militar Kyrylo Budanov, que ha sobrevivido a varios intentos de despido liderados por Yermak. Otros que se enemistaron con Yermak o que se consideraban demasiado populares fueron despedidos sin contemplaciones.\n    <\/p>\n<p class=\"article-text\">\n        Se espera que Zelenski anuncie un sustituto en breve. La mayor\u00eda de los nombres que se han barajado hasta ahora pertenecen al c\u00edrculo m\u00e1s cercano al presidente, pero es poco probable que quien sea elegido tenga un poder similar al de Yermak, al menos inicialmente.\n    <\/p>\n<p class=\"article-text\">\n        Esto podr\u00eda suponer un reto para un Zelenski debilitado, especialmente si la <a href=\"https:\/\/www.eldiario.es\/internacional\/gobierno-ucraniano-aparta-ministro-justicia-sospechas-corrupcion_1_12760551.html\" data-mrf-recirculation=\"links-noticia\" class=\"link\" rel=\"nofollow noopener\" target=\"_blank\">investigaci\u00f3n sobre corrupci\u00f3n<\/a> da lugar a nuevas revelaciones. Por otra parte, podr\u00eda aportar a su presidencia, ya prolongada m\u00e1s de un a\u00f1o desde su fecha prevista debido a la imposibilidad de celebrar elecciones durante la ley marcial, la afluencia de ideas nuevas y una toma de decisiones m\u00e1s consensuada, algo que muchos han estado pidiendo.\n    <\/p>\n<p>    <a href=\"https:\/\/www.eldiario.es\/internacional\/autoridades-anticorrupcion-ucrania-registran-casa-mano-derecha-zelenski_1_12804133.html\" data-mrf-recirculation=\"saber-mas-abajo\" data-dl-event=\"saber-mas-abajo\" rel=\"nofollow noopener\" target=\"_blank\"><\/p>\n<p class=\"know-more__title\">Andr\u00ed Yermak, mano derecha de Zelenski, dimite tras los registros de las autoridades anticorrupci\u00f3n en su domicilio\n<\/p>\n<p>            <img decoding=\"async\" class=\"lazy\" loading=\"lazy\" data-src=\"https:\/\/static.eldiario.es\/clip\/86edb3cd-e22a-47ef-9365-0f3927c20e52_16-9-aspect-ratio_default_0.jpg\" src=\"data:image\/svg+xml,%3Csvg xmlns=\" http:=\"\" viewbox=\"0 0 880 495\" alt=\"Andr\u00ed Yermak, mano derecha de Zelenski, dimite tras los registros de las autoridades anticorrupci\u00f3n en su domicilio\"\/><\/p>\n<p>                        <\/a><\/p>\n<p class=\"article-text\">\n        \u201cExiste una demanda muy fuerte en la sociedad ucraniana para que se revise el contrato social entre el presidente y el pueblo, y para que se reestructure la relaci\u00f3n entre el presidente y el gabinete y el parlamento\u201d, afirma Prokopenko.\n    <\/p>\n","protected":false},"excerpt":{"rendered":"El sistema pol\u00edtico de Ucrania se prepara para una \u201cminirrevoluci\u00f3n\u201d, ya que el presidente del pa\u00eds, Volod\u00edmir Zelenski,&hellip;\n","protected":false},"author":2,"featured_media":264716,"comment_status":"","ping_status":"","sticky":false,"template":"","format":"standard","meta":{"footnotes":""},"categories":[42],"tags":[5404,889,1237,17,18,700,13,14,11,61,62,63,64,19,20,3013,9,10,15,16,5403,2151,952,12,21,22,65,66,67],"class_list":{"0":"post-264715","1":"post","2":"type-post","3":"status-publish","4":"format-standard","5":"has-post-thumbnail","7":"category-internacional","8":"tag-africa","9":"tag-america","10":"tag-asia","11":"tag-breaking-news","12":"tag-breakingnews","13":"tag-europa","14":"tag-featured-news","15":"tag-featurednews","16":"tag-headlines","17":"tag-internacional","18":"tag-international","19":"tag-international-news","20":"tag-internationalnews","21":"tag-latest-news","22":"tag-latestnews","23":"tag-mundo","24":"tag-news","25":"tag-noticias","26":"tag-noticias-destacadas","27":"tag-noticiasdestacadas","28":"tag-oriente-medio","29":"tag-periodismo","30":"tag-politica","31":"tag-titulares","32":"tag-ultimas-noticias","33":"tag-ultimasnoticias","34":"tag-world","35":"tag-world-news","36":"tag-worldnews"},"share_on_mastodon":{"url":"https:\/\/pubeurope.com\/@es\/115641967196174455","error":""},"_links":{"self":[{"href":"https:\/\/www.europesays.com\/es\/wp-json\/wp\/v2\/posts\/264715","targetHints":{"allow":["GET"]}}],"collection":[{"href":"https:\/\/www.europesays.com\/es\/wp-json\/wp\/v2\/posts"}],"about":[{"href":"https:\/\/www.europesays.com\/es\/wp-json\/wp\/v2\/types\/post"}],"author":[{"embeddable":true,"href":"https:\/\/www.europesays.com\/es\/wp-json\/wp\/v2\/users\/2"}],"replies":[{"embeddable":true,"href":"https:\/\/www.europesays.com\/es\/wp-json\/wp\/v2\/comments?post=264715"}],"version-history":[{"count":0,"href":"https:\/\/www.europesays.com\/es\/wp-json\/wp\/v2\/posts\/264715\/revisions"}],"wp:featuredmedia":[{"embeddable":true,"href":"https:\/\/www.europesays.com\/es\/wp-json\/wp\/v2\/media\/264716"}],"wp:attachment":[{"href":"https:\/\/www.europesays.com\/es\/wp-json\/wp\/v2\/media?parent=264715"}],"wp:term":[{"taxonomy":"category","embeddable":true,"href":"https:\/\/www.europesays.com\/es\/wp-json\/wp\/v2\/categories?post=264715"},{"taxonomy":"post_tag","embeddable":true,"href":"https:\/\/www.europesays.com\/es\/wp-json\/wp\/v2\/tags?post=264715"}],"curies":[{"name":"wp","href":"https:\/\/api.w.org\/{rel}","templated":true}]}}