{"id":264717,"date":"2025-12-01T02:32:08","date_gmt":"2025-12-01T02:32:08","guid":{"rendered":"https:\/\/www.europesays.com\/es\/264717\/"},"modified":"2025-12-01T02:32:08","modified_gmt":"2025-12-01T02:32:08","slug":"interior-silencia-otro-ataque-yihadista-ahora-en-madrid","status":"publish","type":"post","link":"https:\/\/www.europesays.com\/es\/264717\/","title":{"rendered":"Interior silencia otro ataque yihadista, ahora en Madrid"},"content":{"rendered":"<p style=\"\">A las 13.55 horas del s\u00e1bado de la semana pasada la Polic\u00eda tuvo noticia de que un hombre hab\u00eda acuchillado a tres personas en una plazuela de la calle Mart\u00ednez de la Riva, en el madrile\u00f1o distrito de Puente de Vallecas. Hab\u00eda sido un  &#8230; ataque repentino, sin m\u00f3vil alguno, porque el agresor no conoc\u00eda a las v\u00edctimas, heridas leves. Hasta ah\u00ed, un incidente <a href=\"https:\/\/www.abc.es\/espana\/madrid\/georgevich-marinkovic-clanes-reyerta-bernabeu-acuchillaron-tras-20240522191108-nt.html\" target=\"_self\" data-voc-vtm-id=\"in-text-traffic\" title=\"m\u00e1s de los muchos de la capital\" rel=\"nofollow noopener\">m\u00e1s de los muchos de la capital<\/a>. Pero a las 16.45 horas cambia el escenario: un adolescente de 16 a\u00f1os llama al 091 y dice que su hermano, de 18 y espa\u00f1ol aunque de origen magreb\u00ed, porta un cuchillo de grandes dimensiones y est\u00e1 muy alterado dentro del domicilio familiar, en el n\u00famero 69 de la calle Pe\u00f1a de Atalaya. <\/p>\n<p class=\"voc-p\" style=\"\">Ante la sospecha de que pudiera ser el mismo individuo -por la cercan\u00eda entre ambos puntos, entre otros detalles-, todas las patrullas de la Polic\u00eda Nacional y Municipal de la zona acuden hasta all\u00ed. Hablan con el chaval para tener m\u00e1s detalles de lo que sucede e intentan que el atrincherado se entregue, pero<strong> \u00e9ste responde con <strong>amenazas de muerte<\/strong><\/strong>.<\/p>\n<p class=\"voc-p\" style=\"\">As\u00ed las cosas, se activa al Subgrupo Operativo Antiterrorista de Reacci\u00f3n (SOAR), equipado con subfusiles. Los agentes llaman a la puerta, pero el sospechoso no abre. Desde dentro, las amenazas contin\u00faan. Se oyen rezos en \u00e1rabe y gritos de que se iban a ir con \u00e9l. As\u00ed que deciden entrar, a pesar de que saben que es peligroso. Cuando derriban la puerta, el joven se abalanza sobre ellos armado con un cuchillo mientras grita<strong> \u00ab\u00a1Allahu Akbar!\u00bb<\/strong> (\u00ab\u00a1Al\u00e1 es grande!\u00bb). Los polic\u00edas tienen que abrir fuego y el agresor recibe tres disparos.<\/p>\n<p class=\"voc-p\" style=\"\">Desde el mismo s\u00e1bado la Polic\u00eda se decant\u00f3 por que se trataba de un incidente yihadista y la investigaci\u00f3n pas\u00f3 a la Brigada Provincial de Informaci\u00f3n. Las diligencias, adem\u00e1s, pasaron a ser instruidas por la juez Mar\u00eda Tard\u00f3n al tratarse de un supuesto delito de terrorismo. \u00abNosotros no tenemos dudas; adem\u00e1s, <strong>el perfil de este individuo<\/strong>, inestable y sin relaciones sociales, es el cl\u00e1sico de los actores solitarios y nos fijamos mucho en los que re\u00fanen esas caracter\u00edsticas\u00bb, se\u00f1alan fuentes de la investigaci\u00f3n. \u00abAhora trabajamos en conocer c\u00f3mo ha sido su proceso de radicalizaci\u00f3n\u00bb, a\u00f1aden. <\/p>\n<p class=\"voc-title\">Lo m\u00e1s sorprendente de todo es que no es la primera vez que el Departamento de Fernando Grande-Marlaska se resiste a valorar p\u00fablicamente episodios de la misma o m\u00e1s gravedad que el ocurrido en Madrid<\/p>\n<p class=\"voc-p\" style=\"\">A pesar de la gravedad del incidente el Ministerio del Interior no ha hecho comentario alguno. Como en otras ocasiones ha guardado silencio, a pesar de que seguimos en un <strong>nivel 4 sobre 5 de alerta terrorista<\/strong> y de que nos acercamos a unas fechas muy sensibles, las Fiestas de Navidad, en el que las Fuerzas de Seguridad est\u00e1n especialmente alerta para evitar ataques del terrorismo yihadista.<\/p>\n<p class=\"voc-p\" style=\"\">Lo m\u00e1s sorprendente de todo es que no es la primera vez que el Departamento de <strong>Fernando Grande-Marlaska<\/strong> se resiste a valorar p\u00fablicamente episodios de la misma o m\u00e1s gravedad que el ocurrido en Madrid.<\/p>\n<p class=\"voc-p\" style=\"\">El 13 de octubre de 2021 Grande-Marlaska reproch\u00f3 a Vox en el Congreso que relacionara con un atentado terrorista el atropello ocurrido el 17 de septiembre anterior en <a href=\"https:\/\/www.abc.es\/sociedad\/domingo-vuelve-jugar-domino-torre-pacheco-solo-20250717181558-nt.html?ref=https%3A%2F%2Fwww.abc.es%2Fsociedad%2Fdomingo-vuelve-jugar-domino-torre-pacheco-solo-20250717181558-nt.html\" target=\"_self\" data-voc-vtm-id=\"in-text-traffic\" title=\"un bar de Torre Pacheco (Murcia)\" data-mrf-link=\"www.abc.es\" rel=\"nofollow noopener\">un bar de Torre Pacheco (Murcia)<\/a>, se\u00f1alando adem\u00e1s que pod\u00eda deberse a la acci\u00f3n de una persona con problemas mentales. Sin embargo, para entonces la Jefatura de Informaci\u00f3n de la Guardia Civil, independientemente de la salud mental del individuo, ya ten\u00eda claro que era un ataque yihadista.<\/p>\n<p>\nUn cuchillo clavado\n<\/p>\n<p class=\"voc-p\" style=\"\">La verdad es que los investigadores lo supieron desde el principio. En el coche encontraron al agresor con un cuchillo clavado. Hab\u00eda colocado el mango en el volante y la punta del filo en su cuerpo, para que se le clavara en el momento del choque. Adem\u00e1s, hallaron tres notas en el veh\u00edculo en las que hablaba de \u00abatentado terrorista\u00bb y del \u00abislam\u00bb, adem\u00e1s de otras consideraciones relativas a sus estancias en centros de menores. En todas las anotaciones estaba escrito en \u00e1rabe la Shahada, la declaraci\u00f3n de fe isl\u00e1mica: \u00ab<strong>No hay m\u00e1s Dios que Al\u00e1 y Mahoma<\/strong> es su profeta\u00bb. La causa fue instruida por la Audiencia Nacional al considerar el juez Alejandro Abascal que se trat\u00f3 de un acto de terrorismo.<\/p>\n<p class=\"voc-p\" style=\"\">Un par de a\u00f1os despu\u00e9s, en enero de 2023, Marlaska volvi\u00f3 a mostrar sus reticencias a calificar de atentado terrorista el asesinato de un sacrist\u00e1n en Algeciras, en un suceso en el que tambi\u00e9n un sacerdote sufri\u00f3 heridas muy graves. Y ello a pesar de que<strong> el juez de la Audiencia Nacional<\/strong> Joaqu\u00edn Gadea escribiera en el auto por el que autorizaba la entrada y registro del domicilio del autor de los hechos que actu\u00f3 guiado por una \u00abvoluntad terrorista\u00bb, que entonces vincul\u00f3 con el \u00absalafismo yihadista\u00bb. <\/p>\n<p class=\"voc-title\">\u00abParece que si no se habla de esto no existe el problema, y es un error. Un d\u00eda ocurrir\u00e1 algo realmente grave y el impacto en la sociedad ser\u00e1 mucho mayor\u00bb, a\u00f1aden fuentes consultadas por ABC<\/p>\n<p class=\"voc-p\" style=\"\">Pues bien, seg\u00fan afirmaba entonces Interior, el asesino no ten\u00eda el perfil de un yihadista, en contra del criterio de los investigadores que precisaban que, independientemente del estado de salud mental del agresor, sus motivaciones eran inequ\u00edvocamente yihadistas.<strong> Nadie del Gobierno acudi\u00f3 al entierro<\/strong>. Precisamente este viernes la Audiencia Nacional absolvi\u00f3 al acusado al apreciar la eximente completa de alteraci\u00f3n psiqui\u00e1trica, al contrario de lo que sosten\u00eda el fiscal y una magistrada del Tribunal, que emiti\u00f3 un voto particular, entre otras razones porque con esa sentencia las v\u00edctimas se quedar\u00edan sin las ayudas del Estado.<\/p>\n<p>\n\u00abNo hay instrucciones\u00bb\n<\/p>\n<p class=\"voc-p\" style=\"\">ABC se ha puesto en contacto con el Ministerio del Interior para conocer las razones de este cambio de actitud respecto a lo que suced\u00eda con el terrorismo de ETA, cuando ese departamento no s\u00f3lo lideraba la informaci\u00f3n sobre cualquier incidente, sino que tambi\u00e9n hac\u00eda las valoraciones que en cada momento consideraba oportunas. \u00abNo hay <strong>ninguna instrucci\u00f3n al respecto<\/strong>, m\u00e1s all\u00e1 de que se intenta ser muy cautos hasta que se conoce exactamente qu\u00e9 ha sucedido\u00bb, se aseguran desde el ministerio.<\/p>\n<p class=\"voc-p\" style=\"\">Sin embargo, hay quien hace interpretaciones menos amables: \u00abDa la sensaci\u00f3n de que no se quiere hablar sobre este tipo de casos para que pasen inadvertidos\u00bb, dicen fuentes de la lucha contra el terrorismo consultadas por ABC, que muestran su sorpresa por la poca repercusi\u00f3n social y medi\u00e1tica que tienen. \u00ab<strong>Parece que si no se habla de esto no existe<\/strong> el problema, y es un error. Un d\u00eda ocurrir\u00e1 algo realmente grave y el impacto en la sociedad ser\u00e1 mucho mayor\u00bb, a\u00f1aden.<\/p>\n<p class=\"voc-p\" style=\"\">Llama la atenci\u00f3n, adem\u00e1s, que en los siete a\u00f1os que lleva Marlaska como ministro del Interior s\u00f3lo una vez ha convocado a los partidos pol\u00edticos para hablar de terrorismo. Fue en octubre de 2023, en el marco de la respuesta militar <strong>de Israel en Gaza<\/strong> tras los brutales ataques terroristas de Ham\u00e1s y despu\u00e9s de dos atentados yihadistas en Francia y B\u00e9gica. <\/p>\n<p class=\"voc-p\" style=\"\">Ni antes ni desde entonces el ministro ha considerado oportuno reunirse con los representantes de la oposici\u00f3n a pesar de que se han producido ataques yihadistas con resultado de muerte, como ya se ha se\u00f1alado.<\/p>\n<p class=\"voc-p\" style=\"\">La verdad es que si no lo ha hecho ha sido por decisi\u00f3n suya, porque el Partido Popular ha pedido en varias ocasiones que se convocara una reuni\u00f3n de los partidos <strong>firmantes del Pacto Antiterrorista<\/strong>, una de ellas, por cierto, con ocasi\u00f3n del asesinato en Algeciras. Sin embargo, esa solicitud no es que no haya sido atendida por el Ministerio del Interior; es que ni siquiera ha merecido una respuesta por su parte.<\/p>\n","protected":false},"excerpt":{"rendered":"A las 13.55 horas del s\u00e1bado de la semana pasada la Polic\u00eda tuvo noticia de que un hombre&hellip;\n","protected":false},"author":2,"featured_media":264718,"comment_status":"","ping_status":"","sticky":false,"template":"","format":"standard","meta":{"footnotes":""},"categories":[8],"tags":[17,18,25,24,13,14,11,15119,584,19,20,205,9,10,15,16,65678,23,12,21,22,59597],"class_list":{"0":"post-264717","1":"post","2":"type-post","3":"status-publish","4":"format-standard","5":"has-post-thumbnail","7":"category-espana","8":"tag-breaking-news","9":"tag-breakingnews","10":"tag-es","11":"tag-espana","12":"tag-featured-news","13":"tag-featurednews","14":"tag-headlines","15":"tag-incidente","16":"tag-interior","17":"tag-latest-news","18":"tag-latestnews","19":"tag-madrid","20":"tag-news","21":"tag-noticias","22":"tag-noticias-destacadas","23":"tag-noticiasdestacadas","24":"tag-silencia","25":"tag-spain","26":"tag-titulares","27":"tag-ultimas-noticias","28":"tag-ultimasnoticias","29":"tag-yihadista"},"share_on_mastodon":{"url":"https:\/\/pubeurope.com\/@es\/115641971222496697","error":""},"_links":{"self":[{"href":"https:\/\/www.europesays.com\/es\/wp-json\/wp\/v2\/posts\/264717","targetHints":{"allow":["GET"]}}],"collection":[{"href":"https:\/\/www.europesays.com\/es\/wp-json\/wp\/v2\/posts"}],"about":[{"href":"https:\/\/www.europesays.com\/es\/wp-json\/wp\/v2\/types\/post"}],"author":[{"embeddable":true,"href":"https:\/\/www.europesays.com\/es\/wp-json\/wp\/v2\/users\/2"}],"replies":[{"embeddable":true,"href":"https:\/\/www.europesays.com\/es\/wp-json\/wp\/v2\/comments?post=264717"}],"version-history":[{"count":0,"href":"https:\/\/www.europesays.com\/es\/wp-json\/wp\/v2\/posts\/264717\/revisions"}],"wp:featuredmedia":[{"embeddable":true,"href":"https:\/\/www.europesays.com\/es\/wp-json\/wp\/v2\/media\/264718"}],"wp:attachment":[{"href":"https:\/\/www.europesays.com\/es\/wp-json\/wp\/v2\/media?parent=264717"}],"wp:term":[{"taxonomy":"category","embeddable":true,"href":"https:\/\/www.europesays.com\/es\/wp-json\/wp\/v2\/categories?post=264717"},{"taxonomy":"post_tag","embeddable":true,"href":"https:\/\/www.europesays.com\/es\/wp-json\/wp\/v2\/tags?post=264717"}],"curies":[{"name":"wp","href":"https:\/\/api.w.org\/{rel}","templated":true}]}}