{"id":264719,"date":"2025-12-01T02:33:12","date_gmt":"2025-12-01T02:33:12","guid":{"rendered":"https:\/\/www.europesays.com\/es\/264719\/"},"modified":"2025-12-01T02:33:12","modified_gmt":"2025-12-01T02:33:12","slug":"cinco-jovenes-de-entre-17-y-25-anos-mueren-en-dos-accidentes-en-cantabria-y-granada","status":"publish","type":"post","link":"https:\/\/www.europesays.com\/es\/264719\/","title":{"rendered":"cinco j\u00f3venes de entre 17 y 25 a\u00f1os mueren en dos accidentes en Cantabria y Granada"},"content":{"rendered":"<p class=\"c-paragraph\">Jornada tr\u00e1gica en las carreteras espa\u00f1olas. Cinco j\u00f3venes de entre 17 y 25 a\u00f1os han muerto este domingo en dos accidentes ocurridos en <a href=\"https:\/\/www.20minutos.es\/tags\/lugares\/cantabria.html\" title=\"Cantabria\" rel=\"nofollow noopener\" target=\"_blank\">Cantabria<\/a> y <a href=\"https:\/\/www.20minutos.es\/tags\/lugares\/granada.html\" title=\"Granada\" rel=\"nofollow noopener\" target=\"_blank\">Granada<\/a>. Por un lado, <b>los tres primeros fallecidos se han producido de madrugada<\/b> despu\u00e9s de que su veh\u00edculo se saliera de la v\u00eda en la que circulaban a su paso\u00a0la localidad c\u00e1ntabra de <b>Cabez\u00f3n de la Sal<\/b>. A ello se ha sumado m\u00e1s tarde el fallecimiento de otros dos j\u00f3venes en el municipio granadino de <b>Hu\u00e9tor Santill\u00e1n<\/b> despu\u00e9s de que su coche chocara contra un muro.\u00a0<\/p>\n<p class=\"c-paragraph\">El primero de ambos sucesos ha involucrado as\u00ed a <b>tres j\u00f3venes de 22, 23 y 25 a\u00f1os.<\/b> Seg\u00fan ha informado Delegaci\u00f3n de Gobierno en <a href=\"https:\/\/www.20minutos.es\/tags\/lugares\/cantabria.html\" title=\"Cantabria\" rel=\"nofollow noopener\" target=\"_blank\">Cantabria<\/a>, mientras viajaban de madrugada por la N-634, el conductor ha perdido el control del veh\u00edculo por causas que a\u00fan se est\u00e1n investigando. Tras ello, el turismo <b>ha acabado subi\u00e9ndose a una isleta y ha acabado dando varias vueltas<\/b> hasta quedar detenido en el aparcamiento de un restaurante cercano.\u00a0<\/p>\n<p class=\"c-paragraph\">Las v\u00edctimas eran vecinos de Cabez\u00f3n de la Sal, Casar de Periedo y Virgen de la Pe\u00f1a y<b> sus familiares han tenido que ser atendidos por psic\u00f3logos<\/b> del Gobierno de Cantabria, que ha activado el protocolo operativo de m\u00faltiples v\u00edctimas, seg\u00fan ha informado el Ejecutivo regional en un comunicado.<\/p>\n<p class=\"c-paragraph\">Los hechos se han producido concretamente a la altura del kil\u00f3metro 244,9 de la carretera, antes del puente de Virgen de la Pe\u00f1a. Hasta el lugar han acudido\u00a0efectivos del Sector de Tr\u00e1fico de la Guardia Civil, sanitarios del 061 y tambi\u00e9n los Bomberos auton\u00f3micos del 112, quienes tuvieron que\u00a0<b><b>excarcelar al chico que se encontraba en la parte trasera<\/b><\/b>\u00a0del veh\u00edculo.\u00a0El joven a\u00fan permanec\u00eda con vida, pero ha fallecido cuando estaba siendo auxiliado por los servicios sanitarios.<\/p>\n<p class=\"c-paragraph\">La presidenta de Cantabria, Mar\u00eda Jos\u00e9 S\u00e1enz de Buruaga, ha mostrado a trav\u00e9s de las redes sociales<b> su\u00a0consternaci\u00f3n\u00a0por el tr\u00e1gico suceso.<\/b> \u00abNo hay consuelo para las familias. Mi p\u00e9same y todo mi afecto en este momento tan triste\u00bb, ha manifestado en un mensaje en X.<\/p>\n<p>Otros dos fallecidos en Granada<\/p>\n<p class=\"c-paragraph\">En el segundo de los sucesos han fallecido dos j\u00f3venes de 21 y 17 a\u00f1os despu\u00e9s de que el veh\u00edculo en el que viajaban<b> colisionara contra el muro de una rotonda en Hu\u00e9tar Santill\u00e1<\/b>n, de donde eran las v\u00edctimas y por las que el Ayuntamiento ha decretado tres d\u00edas de luto oficial.<\/p>\n<p class=\"c-paragraph\">En este caso, el suceso se ha producido a la 13.40 horas en la careretera A-4003, en la rotonda que sube a las canteras, seg\u00fan ha destacado el coordinador de emergencias 112. Han sido testigos de los hechos quienes han avisado a las autoridades y<b> han solicitado asistencia sanitaria urgente para los dos ocupantes<\/b>, que estaban atrapados y se encontraban en estado grave, uno de ellos en parada cardiorespiratoria.\u00a0<\/p>\n<p class=\"c-paragraph\">Hasta el lugar han acudido la Guardia Civil de Tr\u00e1fico, los Bomberos de Granada y efectivos sanitarios, que han movilizado dos UVI m\u00f3vil. Tambi\u00e9n han estado presentes la agrupaci\u00f3n de voluntarios de Protecci\u00f3n Civil de la localidad. Pese al trabajo de los equipos m\u00e9dicos, <b>los dos ocupantes han acabado falleciendo.\u00a0<\/b><\/p>\n<p class=\"c-paragraph\">Seg\u00fan ha se\u00f1alado el alcalde del municipio, Jos\u00e9 Carlos Ortega, ambos eran dos chicos <b>\u00abmuy conocidos e integrados\u00bb en la localidad<\/b>, de apenas 2.000 habitantes y que en 2007 ya sufri\u00f3 la p\u00e9rdida de otros tres j\u00f3venes, uno de ellos menor de edad, en el mismo punto donde se ha producido el accidente este domingo, por lo que ha reclamado una soluci\u00f3n urgente.\u00a0<\/p>\n<p class=\"c-paragraph\">Tal y como ha indicado el regidor, en el momento del accidente volv\u00edan de jugar al f\u00fatbol con otros amigos y compa\u00f1eros de su pe\u00f1a de los domingos. El mayor de los dos, que era quien conduc\u00eda el turismo,<b> estaba adem\u00e1s muy involucrado en actividades teatrales <\/b>y culturales de la localidad. Desde el Ayuntamiento han declarado estar \u00abconmocionados\u00bb por los hechos.\u00a0<\/p>\n","protected":false},"excerpt":{"rendered":"Jornada tr\u00e1gica en las carreteras espa\u00f1olas. Cinco j\u00f3venes de entre 17 y 25 a\u00f1os han muerto este domingo&hellip;\n","protected":false},"author":2,"featured_media":264720,"comment_status":"","ping_status":"","sticky":false,"template":"","format":"standard","meta":{"footnotes":""},"categories":[5],"tags":[17,18,815,1053,25,24,9767,13,14,11,4207,19,20,9,10,15,16,23,12,29532,21,22],"class_list":{"0":"post-264719","1":"post","2":"type-post","3":"status-publish","4":"format-standard","5":"has-post-thumbnail","7":"category-titulares","8":"tag-breaking-news","9":"tag-breakingnews","10":"tag-carreteras","11":"tag-domingo","12":"tag-es","13":"tag-espana","14":"tag-espanolas","15":"tag-featured-news","16":"tag-featurednews","17":"tag-headlines","18":"tag-las","19":"tag-latest-news","20":"tag-latestnews","21":"tag-news","22":"tag-noticias","23":"tag-noticias-destacadas","24":"tag-noticiasdestacadas","25":"tag-spain","26":"tag-titulares","27":"tag-tragico","28":"tag-ultimas-noticias","29":"tag-ultimasnoticias"},"share_on_mastodon":{"url":"https:\/\/pubeurope.com\/@es\/115641975001413571","error":""},"_links":{"self":[{"href":"https:\/\/www.europesays.com\/es\/wp-json\/wp\/v2\/posts\/264719","targetHints":{"allow":["GET"]}}],"collection":[{"href":"https:\/\/www.europesays.com\/es\/wp-json\/wp\/v2\/posts"}],"about":[{"href":"https:\/\/www.europesays.com\/es\/wp-json\/wp\/v2\/types\/post"}],"author":[{"embeddable":true,"href":"https:\/\/www.europesays.com\/es\/wp-json\/wp\/v2\/users\/2"}],"replies":[{"embeddable":true,"href":"https:\/\/www.europesays.com\/es\/wp-json\/wp\/v2\/comments?post=264719"}],"version-history":[{"count":0,"href":"https:\/\/www.europesays.com\/es\/wp-json\/wp\/v2\/posts\/264719\/revisions"}],"wp:featuredmedia":[{"embeddable":true,"href":"https:\/\/www.europesays.com\/es\/wp-json\/wp\/v2\/media\/264720"}],"wp:attachment":[{"href":"https:\/\/www.europesays.com\/es\/wp-json\/wp\/v2\/media?parent=264719"}],"wp:term":[{"taxonomy":"category","embeddable":true,"href":"https:\/\/www.europesays.com\/es\/wp-json\/wp\/v2\/categories?post=264719"},{"taxonomy":"post_tag","embeddable":true,"href":"https:\/\/www.europesays.com\/es\/wp-json\/wp\/v2\/tags?post=264719"}],"curies":[{"name":"wp","href":"https:\/\/api.w.org\/{rel}","templated":true}]}}