{"id":264721,"date":"2025-12-01T02:41:09","date_gmt":"2025-12-01T02:41:09","guid":{"rendered":"https:\/\/www.europesays.com\/es\/264721\/"},"modified":"2025-12-01T02:41:09","modified_gmt":"2025-12-01T02:41:09","slug":"gabriele-procida-reclama-su-sitio-en-el-madrid","status":"publish","type":"post","link":"https:\/\/www.europesays.com\/es\/264721\/","title":{"rendered":"Gabriele Procida reclama su sitio en el Madrid"},"content":{"rendered":"<p class=\"\"><b>Gabriele Procida<\/b> lleg\u00f3 este verano al <b>Real Madrid<\/b> para tratar de recuperar el esplendor que reflejaba como precoz promesa italiana y que perdi\u00f3 durante su estancia en <b>Alemania<\/b> con el <b>Alba Berl\u00edn<\/b>.<\/p>\n<p class=\"\">Joven a\u00fan, tan solo 23 a\u00f1os, firm\u00f3 por tres temporadas, hasta 2028, con un conjunto blanco en el que a\u00fan no ha encontrado regularidad en este primer tramo de temporada. El de <b>Lipomo<\/b> solamente ha jugado un partido en la <b>Euroliga<\/b> en 13 jornadas. En la <b>Liga Endesa<\/b>, ha tenido m\u00e1s oportunidades, con siete encuentros de ocho posibles antes de un par\u00f3n por las <b>Ventanas<\/b> de clasificaci\u00f3n para el <b>Mundial de Qatar 2027<\/b>, donde se ha sacado la espina.<\/p>\n<p class=\"\">En la sorprendente derrota de <b>Italia<\/b> frente a <b>Islandia<\/b> (76-81) se dispar\u00f3 hasta los 16 puntos (3 de 6 desde el triple) y 5 rebotes para 18 de valoraci\u00f3n en 24:59. Un tiempo sobre la pista que pulveriza su media de 9:39 en la <b>ACB<\/b>. Su m\u00e1xima fueron los 17 minutos contra el <b>San Pablo Burgos<\/b>.<\/p>\n<p class=\"\">Sin embargo, fue en el asalto transalpino a <b>Lituania<\/b> (81-82), donde <b>Procida<\/b> dej\u00f3 una huella imborrable. El ala-p\u00edvot anot\u00f3 18 de sus 24 puntos en un \u00faltimo cuarto en el que Italia logr\u00f3 28. Los b\u00e1lticos, 27.<\/p>\n<p class=\"\">Tuvo un momento de inspiraci\u00f3n divina con tres triples seguidos que llevaron el marcador del 57-59 al 63-68. Y eso que el lanzamiento desde el per\u00edmetro era su gran asignatura pendiente: presenta un 25% de acierto en sus tres a\u00f1os en el <b>Alba Berl\u00edn<\/b> en la <b>Euroliga<\/b>. Con el <b>Madrid<\/b>, por el momento, lleva un 1 de 7 en la <b>Liga Endesa<\/b>. En <b>Europa<\/b>, no ha lanzado.<\/p>\n<p class=\"\">Su actuaci\u00f3n permiti\u00f3 a <b>Italia<\/b> mantenerse con vida frente a <b>Lituania<\/b>, que so\u00f1\u00f3 con el triunfo: a falta de 13 segundos, <b>Arnas Velicka<\/b> acert\u00f3 un triple que pon\u00eda el 81-80. <b>Nico Mannion<\/b> se encarg\u00f3 de despertarlos con una penetraci\u00f3n y el 81-82 final. Un triunfo que deja el grupo D con las cuatro selecciones empatadas a uno tras el tambi\u00e9n triunfo de este domingo de <b>Gran Breta\u00f1a<\/b> sobre <b>Islandia<\/b> (84-90).<\/p>\n<p>Noticias relacionadas<\/p>\n<p class=\"\"><b>\u00a1Tus opiniones importan!<\/b><\/p>\n<p class=\"\">Comenta en los art\u00edculos y suscr\u00edbete gratis a nuestra <a href=\"https:\/\/asfan.as.com\/newsletters\/\" target=\"_blank\" rel=\"nofollow noopener\" title=\"https:\/\/asfan.as.com\/newsletters\/\">newsletter<\/a> y a las alertas informativas en la <a href=\"https:\/\/as.com\/aplicacion-de-as-n\/\" target=\"_blank\" rel=\"nofollow noopener\" title=\"https:\/\/as.com\/aplicacion-de-as-n\/\">App<\/a> o el canal de <a href=\"https:\/\/www.whatsapp.com\/channel\/0029VaAasdA7j6g745nz9M10\" target=\"_blank\" rel=\"nofollow noopener\" title=\"https:\/\/www.whatsapp.com\/channel\/0029VaAasdA7j6g745nz9M10\">WhatsApp<\/a>. \u00bfBuscas licenciar contenido? Haz clic <a href=\"https:\/\/profesional.elpais.com\/soluciones-sindicacion?utm_medium=interno&amp;utm_source=crosslinking&amp;utm_campaign=sindicacion_as_pie_articulos\" target=\"_blank\" rel=\"nofollow noopener\" title=\"https:\/\/profesional.elpais.com\/soluciones-sindicacion?utm_medium=interno&amp;utm_source=crosslinking&amp;utm_campaign=sindicacion_as_pie_articulos\">aqu\u00ed<\/a><\/p>\n","protected":false},"excerpt":{"rendered":"Gabriele Procida lleg\u00f3 este verano al Real Madrid para tratar de recuperar el esplendor que reflejaba como precoz&hellip;\n","protected":false},"author":2,"featured_media":264722,"comment_status":"","ping_status":"","sticky":false,"template":"","format":"standard","meta":{"footnotes":""},"categories":[269],"tags":[299,298,168,25,24,23,167],"class_list":{"0":"post-264721","1":"post","2":"type-post","3":"status-publish","4":"format-standard","5":"has-post-thumbnail","7":"category-baloncesto","8":"tag-baloncesto","9":"tag-basketball","10":"tag-deportes","11":"tag-es","12":"tag-espana","13":"tag-spain","14":"tag-sports"},"share_on_mastodon":{"url":"https:\/\/pubeurope.com\/@es\/115642006494291630","error":""},"_links":{"self":[{"href":"https:\/\/www.europesays.com\/es\/wp-json\/wp\/v2\/posts\/264721","targetHints":{"allow":["GET"]}}],"collection":[{"href":"https:\/\/www.europesays.com\/es\/wp-json\/wp\/v2\/posts"}],"about":[{"href":"https:\/\/www.europesays.com\/es\/wp-json\/wp\/v2\/types\/post"}],"author":[{"embeddable":true,"href":"https:\/\/www.europesays.com\/es\/wp-json\/wp\/v2\/users\/2"}],"replies":[{"embeddable":true,"href":"https:\/\/www.europesays.com\/es\/wp-json\/wp\/v2\/comments?post=264721"}],"version-history":[{"count":0,"href":"https:\/\/www.europesays.com\/es\/wp-json\/wp\/v2\/posts\/264721\/revisions"}],"wp:featuredmedia":[{"embeddable":true,"href":"https:\/\/www.europesays.com\/es\/wp-json\/wp\/v2\/media\/264722"}],"wp:attachment":[{"href":"https:\/\/www.europesays.com\/es\/wp-json\/wp\/v2\/media?parent=264721"}],"wp:term":[{"taxonomy":"category","embeddable":true,"href":"https:\/\/www.europesays.com\/es\/wp-json\/wp\/v2\/categories?post=264721"},{"taxonomy":"post_tag","embeddable":true,"href":"https:\/\/www.europesays.com\/es\/wp-json\/wp\/v2\/tags?post=264721"}],"curies":[{"name":"wp","href":"https:\/\/api.w.org\/{rel}","templated":true}]}}