{"id":264725,"date":"2025-12-01T02:43:10","date_gmt":"2025-12-01T02:43:10","guid":{"rendered":"https:\/\/www.europesays.com\/es\/264725\/"},"modified":"2025-12-01T02:43:10","modified_gmt":"2025-12-01T02:43:10","slug":"jose-luis-puche-antonio-banderas-me-encargo-una-de-las-obras-mas-importantes-que-he-hecho-en-mi-vida-pense-que-seria-un-cliente-puntual-pero-nos-hicimos-muy-buenos-amigos","status":"publish","type":"post","link":"https:\/\/www.europesays.com\/es\/264725\/","title":{"rendered":"Jos\u00e9 Luis Puche: \u201cAntonio Banderas me encarg\u00f3 una de las obras m\u00e1s importantes que he hecho en mi vida. Pens\u00e9 que ser\u00eda un cliente puntual, pero nos hicimos muy buenos amigos\u201d"},"content":{"rendered":"<p><img decoding=\"async\" alt=\"Jos Luis Puche es malague\u00f1o y cuenta con un estudio en Nueva York donde reside y otro en su tierra natal.\" loading=\"lazy\" class=\"ResponsiveImageContainer-eNxvmU cfBbTk responsive-image__image\"   src=\"https:\/\/www.europesays.com\/es\/wp-content\/uploads\/2025\/12\/093a3986.jpg\"\/><\/p>\n<p>Jos\u00e9 Luis Puche es malague\u00f1o y cuenta con un estudio en Nueva York, donde reside, y otro en su tierra natal.<\/p>\n<p>LORENZO CARNERO<\/p>\n<p class=\"has-dropcap\">L<strong>os cuadros de Picasso<\/strong> formaron parte de la infancia del artista <strong>Jos\u00e9 Luis Puche<\/strong> (M\u00e1laga, 1976), que los ve\u00eda en las paredes de su colegio. \u201cNo ten\u00eda referencias art\u00edsticas en mi entorno. He tenido desde ni\u00f1o predilecci\u00f3n por la est\u00e9tica, siempre me gust\u00f3 pintar, ir a museos y la m\u00fasica cl\u00e1sica. Mi madre pon\u00eda vinilos de zarzuela y creo que eso cal\u00f3 hondo\u201d, nos cuenta desde su estudio en Nueva York. \u201cTrasladarme hasta aqu\u00ed siempre me rond\u00f3 por la cabeza, es el n\u00facleo cultural del mundo, pero pensaba que era m\u00e1s un sue\u00f1o irrealizable que algo tangible. Un d\u00eda <a href=\"https:\/\/www.revistavanityfair.es\/articulos\/antonio-banderas-celebra-su-65-cumpleanos-asi-lo-describen-sus-amigos\" rel=\"nofollow noopener\" target=\"_blank\"><strong>Antonio Banderas<\/strong><\/a>, al que conoc\u00eda personalmente desde hac\u00eda unos meses, me lo sugiri\u00f3 y la charla fue tan sincera e interesante que al llegar a casa me sent\u00e9 con <strong>Mar<\/strong>, mi mujer, y comenzamos a venir para comprobar que era como yo pensaba y verificar que era sostenible vivir aqu\u00ed\u201d, nos explica mientras recuerda que fue complicado gestionar el visado para artistas \u2014\u201cQue curiosamente se llama Visado para Personas con Habilidades Extraordinarias\u201d, bromea\u2014. Ha hecho exposiciones en S\u00eddney, Nueva York o Par\u00eds y ha creado obras muy importantes a nivel sentimental para \u00e9l, como el cartel para la Semana Santa malague\u00f1a de 2020 o Pap\u00e1, una obra realizada ex profeso para el Centre Pompidou de M\u00e1laga que es un retrato de su progenitor: \u201cUn regalo que me llevar\u00e9 para toda la vida\u201d.<\/p>\n<p>El protagonista de Dolor y gloria ha sido un gran apoyo en su trayectoria. \u201cMe encarg\u00f3 uno de los trabajos m\u00e1s importantes que he hecho en mi vida, Todos los mundos posibles, una obra de grand\u00edsimo formato para el Teatro del Soho CaixaBank de M\u00e1laga. Ah\u00ed volcamos los dos mucha ilusi\u00f3n: la suya por tener algo que deseaba desde que era adolescente y la m\u00eda por la responsabilidad de acompa\u00f1arlo en un sue\u00f1o que al fin se hizo realidad. Hace justo un a\u00f1o me pidi\u00f3 la mayor parte de la escenograf\u00eda de Gypsy, una veintena de cuadros que son v\u00eddeos proyectados sobre el escenario. \u00a1Hasta la cr\u00edtica internacional destac\u00f3 el resultado!\u201d, dice con orgullo. Ser artista en tiempos de la IA no es f\u00e1cil. \u201cQuien piense que el artista es un lobo solitario y van a ir a descubrirte a tu estudio, est\u00e1 equivocado. Debes saber mostrarte de un modo equilibrado y con un contexto econ\u00f3mico sostenible que te permita vivir de tu trabajo. Yo soy muy met\u00f3dico, desde que llegu\u00e9 a Nueva York no he dejado ni un solo d\u00eda de trabajar\u201d, a\u00f1ade. \u201cEn Nueva York hay infinidad de est\u00edmulos que te invitan a pensar, y ese es el comienzo de una obra. Todo ello hace que el nivel de exigencia sea mayor y la calidad art\u00edstica aumente. Trabajar en M\u00e1laga es hacerlo con un peso hist\u00f3rico apabullante, desde los fenicios hasta nuestros d\u00edas. Huellas extraordinarias que te obligan a estar al nivel\u201d, concluye.<\/p>\n","protected":false},"excerpt":{"rendered":"Jos\u00e9 Luis Puche es malague\u00f1o y cuenta con un estudio en Nueva York, donde reside, y otro en&hellip;\n","protected":false},"author":2,"featured_media":264726,"comment_status":"","ping_status":"","sticky":false,"template":"","format":"standard","meta":{"footnotes":""},"categories":[174],"tags":[3083,229,255,146,147,25,24,256,23],"class_list":{"0":"post-264725","1":"post","2":"type-post","3":"status-publish","4":"format-standard","5":"has-post-thumbnail","7":"category-famosos","8":"tag-antonio-banderas","9":"tag-arte","10":"tag-celebrities","11":"tag-entertainment","12":"tag-entretenimiento","13":"tag-es","14":"tag-espana","15":"tag-famosos","16":"tag-spain"},"share_on_mastodon":{"url":"https:\/\/pubeurope.com\/@es\/115642014762303823","error":""},"_links":{"self":[{"href":"https:\/\/www.europesays.com\/es\/wp-json\/wp\/v2\/posts\/264725","targetHints":{"allow":["GET"]}}],"collection":[{"href":"https:\/\/www.europesays.com\/es\/wp-json\/wp\/v2\/posts"}],"about":[{"href":"https:\/\/www.europesays.com\/es\/wp-json\/wp\/v2\/types\/post"}],"author":[{"embeddable":true,"href":"https:\/\/www.europesays.com\/es\/wp-json\/wp\/v2\/users\/2"}],"replies":[{"embeddable":true,"href":"https:\/\/www.europesays.com\/es\/wp-json\/wp\/v2\/comments?post=264725"}],"version-history":[{"count":0,"href":"https:\/\/www.europesays.com\/es\/wp-json\/wp\/v2\/posts\/264725\/revisions"}],"wp:featuredmedia":[{"embeddable":true,"href":"https:\/\/www.europesays.com\/es\/wp-json\/wp\/v2\/media\/264726"}],"wp:attachment":[{"href":"https:\/\/www.europesays.com\/es\/wp-json\/wp\/v2\/media?parent=264725"}],"wp:term":[{"taxonomy":"category","embeddable":true,"href":"https:\/\/www.europesays.com\/es\/wp-json\/wp\/v2\/categories?post=264725"},{"taxonomy":"post_tag","embeddable":true,"href":"https:\/\/www.europesays.com\/es\/wp-json\/wp\/v2\/tags?post=264725"}],"curies":[{"name":"wp","href":"https:\/\/api.w.org\/{rel}","templated":true}]}}