{"id":264727,"date":"2025-12-01T02:46:26","date_gmt":"2025-12-01T02:46:26","guid":{"rendered":"https:\/\/www.europesays.com\/es\/264727\/"},"modified":"2025-12-01T02:46:26","modified_gmt":"2025-12-01T02:46:26","slug":"el-presidente-de-rtve-denuncia-el-hostigamiento-a-una-periodista-en-la-protesta-de-ferraz-fascistas-haciendo-de-fascistas","status":"publish","type":"post","link":"https:\/\/www.europesays.com\/es\/264727\/","title":{"rendered":"El presidente de RTVE denuncia el hostigamiento a una periodista en la protesta de Ferraz: \u00abFascistas haciendo de fascistas\u00bb"},"content":{"rendered":"<p class=\"ft-text\">El presidente de RTVE, <strong>Jos\u00e9 Pablo L\u00f3pez<\/strong>, ha denunciado este domingo el hostigamiento al que ha sido sometida la periodista de Televisi\u00f3n Espa\u00f1ola <strong>Laura Pav\u00eda <\/strong>durante una informaci\u00f3n en directo por los asistentes a la protesta convocada por la organizaci\u00f3n juvenil Revuelta, pr\u00f3xima a Vox, ante la sede del PSOE en Madrid.<\/p>\n<p class=\"ft-text\">En un mensaje en la red social X, L\u00f3pez ha acusado de \u00abfascistas\u00bb a quienes han tratado de impedir a la reportera hacer su trabajo desde la calle Ferraz. <strong>\u00abFascistas haciendo cosas de fascistas<\/strong> dentro del clima creado contra la televisi\u00f3n p\u00fablica y sus profesionales en el que todo vale\u00bb, ha denunciado el presidente la corporaci\u00f3n, que acompa\u00f1aba el mensaje con un v\u00eddeo donde se observaba el momento de tensi\u00f3n durante el informativo de la televisi\u00f3n p\u00fablica.<\/p>\n<p class=\"ft-text\">Mientras la reportera trataba de informar de la concentraci\u00f3n, varios de los asistentes han puesto una bandera de Espa\u00f1a delante de la periodista y han tapado la c\u00e1mara con las manos mientras gritaban muy pr\u00f3ximos a ella soflamas contra el presidente del Gobierno,<strong> Pedro S\u00e1nchez<\/strong>. \u00ab<strong>Intentamos hacer nuestro trabajo, est\u00e1 siendo un poco complicado\u00bb<\/strong>, aseguraba la periodista al final de su intervenci\u00f3n.<\/p>\n<p class=\"ft-text\">La protesta en la calle Ferraz, que hab\u00eda sido convocada en redes sociales y <strong>no estaba autorizada por la Delegaci\u00f3n del Gobierno<\/strong>, fue promovida por la organizaci\u00f3n juvenil Revuelta, organizaci\u00f3n juvenil ligada a Vox, y en ella participaron decenas de personas. En el desarrollo de la protesta se registraron algunos choques con la Polic\u00eda, que detuvo al menos a uno de los manifestantes, seg\u00fan confirm\u00f3 a EFE la Delegaci\u00f3n del Gobierno en Madrid.<\/p>\n","protected":false},"excerpt":{"rendered":"El presidente de RTVE, Jos\u00e9 Pablo L\u00f3pez, ha denunciado este domingo el hostigamiento al que ha sido sometida&hellip;\n","protected":false},"author":2,"featured_media":264728,"comment_status":"","ping_status":"","sticky":false,"template":"","format":"standard","meta":{"footnotes":""},"categories":[171],"tags":[6775,146,147,25,24,65679,13040,205,5398,1461,518,23,214],"class_list":{"0":"post-264727","1":"post","2":"type-post","3":"status-publish","4":"format-standard","5":"has-post-thumbnail","7":"category-tv","8":"tag-denuncia","9":"tag-entertainment","10":"tag-entretenimiento","11":"tag-es","12":"tag-espana","13":"tag-hostigamiento","14":"tag-jose-pablo-lopez","15":"tag-madrid","16":"tag-periodista","17":"tag-presidente","18":"tag-rtve","19":"tag-spain","20":"tag-tv"},"share_on_mastodon":{"url":"https:\/\/pubeurope.com\/@es\/115642026075630995","error":""},"_links":{"self":[{"href":"https:\/\/www.europesays.com\/es\/wp-json\/wp\/v2\/posts\/264727","targetHints":{"allow":["GET"]}}],"collection":[{"href":"https:\/\/www.europesays.com\/es\/wp-json\/wp\/v2\/posts"}],"about":[{"href":"https:\/\/www.europesays.com\/es\/wp-json\/wp\/v2\/types\/post"}],"author":[{"embeddable":true,"href":"https:\/\/www.europesays.com\/es\/wp-json\/wp\/v2\/users\/2"}],"replies":[{"embeddable":true,"href":"https:\/\/www.europesays.com\/es\/wp-json\/wp\/v2\/comments?post=264727"}],"version-history":[{"count":0,"href":"https:\/\/www.europesays.com\/es\/wp-json\/wp\/v2\/posts\/264727\/revisions"}],"wp:featuredmedia":[{"embeddable":true,"href":"https:\/\/www.europesays.com\/es\/wp-json\/wp\/v2\/media\/264728"}],"wp:attachment":[{"href":"https:\/\/www.europesays.com\/es\/wp-json\/wp\/v2\/media?parent=264727"}],"wp:term":[{"taxonomy":"category","embeddable":true,"href":"https:\/\/www.europesays.com\/es\/wp-json\/wp\/v2\/categories?post=264727"},{"taxonomy":"post_tag","embeddable":true,"href":"https:\/\/www.europesays.com\/es\/wp-json\/wp\/v2\/tags?post=264727"}],"curies":[{"name":"wp","href":"https:\/\/api.w.org\/{rel}","templated":true}]}}