{"id":264729,"date":"2025-12-01T02:49:18","date_gmt":"2025-12-01T02:49:18","guid":{"rendered":"https:\/\/www.europesays.com\/es\/264729\/"},"modified":"2025-12-01T02:49:18","modified_gmt":"2025-12-01T02:49:18","slug":"el-racing-suma-y-sigue-4-0-real-racing-club","status":"publish","type":"post","link":"https:\/\/www.europesays.com\/es\/264729\/","title":{"rendered":"El Racing suma y sigue (4-0) | Real Racing Club"},"content":{"rendered":"<p class=\"MsoNormal\">El <strong>Racing <\/strong>sum\u00f3 otra victoria -es la <strong>d\u00e9cima del campeonato 2025\/26<\/strong>&#8211; y se mantiene, con 32 puntos, <strong>col\u00edder<\/strong> -con los mismos registros que el Deportivo- de <strong>LaLiga Hypermotion<\/strong>. Los verdiblancos, que cuajaron un encuentro s\u00f3lido encuentro, se impusieron con claridad a la <strong>Sociedad Deportiva Eibar (4-0)<\/strong> con tantos de Vicente, Villalibre, Javi Castro y Sangalli. El conjunto c\u00e1ntabro, arropado por <strong>casi 20.000 aficionados<\/strong>, mantuvo por segunda semana consecutiva su puerta a cero antes de afrontar dos compromisos consecutivos a domicilio: ante la <strong>Sociedad Deportiva Ponferradina<\/strong>, en la Copa del Rey, y el <strong>C\u00e1diz CF<\/strong> en el Nuevo Mirandilla en la decimos\u00e9ptima jornada liguera. \u00a0\u00a0\u00a0<\/p>\n<p class=\"MsoNormal\"><strong>\u00cd\u00f1igo <\/strong>en el doble pivote, en sustituci\u00f3n del <strong>sancionado Maguette<\/strong> -cumpl\u00eda ciclo de amarillas-, fue la \u00fanica alteraci\u00f3n del 11 racinguista respecto al que hab\u00eda superado, hace siete d\u00edas, al Burgos CF en <strong>El Plant\u00edo (0-2)<\/strong>. <strong>Jos\u00e9 Alberto<\/strong> aplic\u00f3 la m\u00e1xima que reza \u2018lo que funciona, no se toca\u2019 y acert\u00f3, puesto que los c\u00e1ntabros llegaron al descanso con dos tantos de ventaja. Y eso que antes de la media hora verdiblancos y azulgranas se repartieron las llegadas con peligro. La primera del Racing fue un <strong>lanzamiento de Andr\u00e9s<\/strong> que acab\u00f3 en c\u00f3rner y la segunda una <strong>incorporaci\u00f3n de Pablo Ram\u00f3n desde campo propio <\/strong>que finaliz\u00f3 con un lanzamiento lejano repelido por el portero del cuadro armero -el guardameta tambi\u00e9n ataj\u00f3 el posterior rechace de Salinas-, en tanto que las dos visitantes estuvieron en las botas de Corpas y fueron <strong>abortadas por Ezkieta<\/strong> con gran seguridad.<\/p>\n<p>D\u00e9cimo gol<\/p>\n<p class=\"MsoNormal\">Tras este intercambio de golpes lleg\u00f3 una jugada verdiblanca de campanillas con sendos pases, al primer toque, entre Villallibre, Andr\u00e9s y Canales que fue finalizada por el mediapunta vasco con un toque sutil que, por poco, se fue por encima del larguero. El Sardinero esperaba el tanto de los suyos y en el 36 <strong>Salinas dej\u00f3 la pelota en la frontal a Vicente<\/strong>, <strong>que se la acomod\u00f3 y con la derecha la ajust\u00f3 al poste de Magunagoitia<\/strong>. Imparable. 1-0. Los casi 20.000 espectadores presentes en el estadio celebraron el tanto del atacante de Derio, que en el 43 ejecut\u00f3 un saque de esquina desde la izquierda que <strong>Villalibre pein\u00f3 en el primer palo <\/strong>y se convirti\u00f3, tras una espectacular par\u00e1bola, en el 2-0. <strong>D\u00e9cimo tanto del \u2018b\u00fafalo\u2019 en LaLiga Hypermotion<\/strong> y fiesta en el bando racinguista.<\/p>\n<p class=\"MsoNormal\">El segundo arranc\u00f3, pr\u00e1cticamente como acab\u00f3 el primero, con un tanto de estrategia del Racing. Vicente sac\u00f3 otro c\u00f3rner desde la izquierda y <strong>Javi Castro, que entr\u00f3 al punto de penalti, cabece\u00f3 al interior del arco rival<\/strong>. 3-0. Segunda diana del curso para el central madrile\u00f1o y, de nuevo, bufandas verdiblancas al cielo de El Sardinero. La victoria no pod\u00eda escaparse y <strong>Jos\u00e9 Alberto<\/strong>, en el 58, hizo sus dos primeros cambios: <strong>Sangalli y Jeremy<\/strong> suplieron a Andr\u00e9s y Villalibre, que se marcharon del campo con una gran ovaci\u00f3n. Siete m\u00e1s tarde Pablo Ram\u00f3n, que f\u00edsicamente no se encontraba al 100%, dej\u00f3 su plaza a <strong>Facu<\/strong>.<\/p>\n<p>Buena interpretaci\u00f3n<\/p>\n<p class=\"MsoNormal\">Quedaba un cuarto de hora para el final y a falta de poco m\u00e1s de 10 minutos Vicente sac\u00f3 r\u00e1pido una falta para <strong>Sangalli<\/strong>,que con la derecha<strong> puso el 4-0 con un chut cruzado<\/strong>. El extremo vizca\u00edno dio su tercera asistencia de la tarde y el donostiarra volvi\u00f3 a levantar a la grada de sus localidades con otra celebraci\u00f3n antes de que <strong>Yeray y Arana<\/strong> salieran al campo y de que Ezkieta despejara un tiro cruzado del cuadro eibarr\u00e9s.<strong> Final.<\/strong><\/p>\n<p class=\"MsoNormal\">El entrenador del Racing, <strong>Jos\u00e9 Alberto<\/strong>, dijo que su equipo \u201chab\u00eda hecho una buena interpretaci\u00f3n del partido\u201d y se mostr\u00f3 \u201cen l\u00edneas generales, contento por el partido. <strong>Ha sido una victoria de equipo solidario y ese es el camino<\/strong>. El equipo est\u00e1 por encima de todo y de todos\u201d. El t\u00e9cnico verdiblanco a\u00f1adi\u00f3 que \u201csi algo hemos aprendido de a\u00f1os anteriores es que la clasificaci\u00f3n en la jornada 16 no vale de nada, <strong>lo que cuenta es lo que est\u00e1 por venir<\/strong>\u201d. \u00a0<\/p>\n<p>FICHA T\u00c9CNICA<\/p>\n<p class=\"MsoNormal\"><strong>Racing:<\/strong> Ezkieta, Mantilla, Javi Castro, Pablo Ram\u00f3n (Facu, 65), Salinas; \u00cd\u00f1igo, Gustavo Puerta (Yeray, 80), Andr\u00e9s (Sangalli, 58), Canales, Vicente (Arana, 80); Villalibre (Jeremy, 58).<\/p>\n<p class=\"MsoNormal\"><strong>SD Eibar:<\/strong> Magunagoitia, Cubero, Arambarri (Nolaskoain, 46), Javi (Magunazelaia, 58), Sergio, Guruzeta (Mada, 71), Corpas (Adu Ares, 71), Mart\u00f3n (Bautista, 58), Marco Moreno, Arbilla y Aleix Garrido.<\/p>\n<p class=\"MsoNormal\"><strong>\u00c1rbitro:<\/strong> \u00c1lvaro Moreno (madrile\u00f1o). Amonest\u00f3 a los visitantes Arambarri y Corpas. \u00a0<\/p>\n<p class=\"MsoNormal\"><strong>Goles:<\/strong> 1-0. Minuto 36. Vicente; 2-0. Minuto 43. Villalibre; 3-0. Minuto 49. Javi Castro; 4-0. Minuto 77. Sangalli.<\/p>\n<p class=\"MsoNormal\"><strong>Incidencias: <\/strong>decimosexta jornada de LaLiga Hypertmotion 2025\/26. Campos de Sport de El Sardinero. 19.139 espectadores. Antes del comienzo del partido los capitanes de ambos equipos, \u00cd\u00f1igo y Arbilla, se intercambiaron sus cromos de la colecci\u00f3n de Segunda Divisi\u00f3n realizada por Panini. \u00a0\u00a0<\/p>\n","protected":false},"excerpt":{"rendered":"El Racing sum\u00f3 otra victoria -es la d\u00e9cima del campeonato 2025\/26&#8211; y se mantiene, con 32 puntos, col\u00edder&hellip;\n","protected":false},"author":2,"featured_media":264730,"comment_status":"","ping_status":"","sticky":false,"template":"","format":"standard","meta":{"footnotes":""},"categories":[93],"tags":[168,25,24,23,167],"class_list":{"0":"post-264729","1":"post","2":"type-post","3":"status-publish","4":"format-standard","5":"has-post-thumbnail","7":"category-deportes","8":"tag-deportes","9":"tag-es","10":"tag-espana","11":"tag-spain","12":"tag-sports"},"share_on_mastodon":{"url":"https:\/\/pubeurope.com\/@es\/115642037989705552","error":""},"_links":{"self":[{"href":"https:\/\/www.europesays.com\/es\/wp-json\/wp\/v2\/posts\/264729","targetHints":{"allow":["GET"]}}],"collection":[{"href":"https:\/\/www.europesays.com\/es\/wp-json\/wp\/v2\/posts"}],"about":[{"href":"https:\/\/www.europesays.com\/es\/wp-json\/wp\/v2\/types\/post"}],"author":[{"embeddable":true,"href":"https:\/\/www.europesays.com\/es\/wp-json\/wp\/v2\/users\/2"}],"replies":[{"embeddable":true,"href":"https:\/\/www.europesays.com\/es\/wp-json\/wp\/v2\/comments?post=264729"}],"version-history":[{"count":0,"href":"https:\/\/www.europesays.com\/es\/wp-json\/wp\/v2\/posts\/264729\/revisions"}],"wp:featuredmedia":[{"embeddable":true,"href":"https:\/\/www.europesays.com\/es\/wp-json\/wp\/v2\/media\/264730"}],"wp:attachment":[{"href":"https:\/\/www.europesays.com\/es\/wp-json\/wp\/v2\/media?parent=264729"}],"wp:term":[{"taxonomy":"category","embeddable":true,"href":"https:\/\/www.europesays.com\/es\/wp-json\/wp\/v2\/categories?post=264729"},{"taxonomy":"post_tag","embeddable":true,"href":"https:\/\/www.europesays.com\/es\/wp-json\/wp\/v2\/tags?post=264729"}],"curies":[{"name":"wp","href":"https:\/\/api.w.org\/{rel}","templated":true}]}}