{"id":264731,"date":"2025-12-01T02:50:18","date_gmt":"2025-12-01T02:50:18","guid":{"rendered":"https:\/\/www.europesays.com\/es\/264731\/"},"modified":"2025-12-01T02:50:18","modified_gmt":"2025-12-01T02:50:18","slug":"huesca-lejos-de-rebasar-el-umbral-epidemico-de-la-gripe-como-en-zaragoza","status":"publish","type":"post","link":"https:\/\/www.europesays.com\/es\/264731\/","title":{"rendered":"Huesca, lejos de rebasar el umbral epid\u00e9mico de la gripe como en Zaragoza"},"content":{"rendered":"<p class=\"paragraph\">Las provincias de Huesca y Teruel se mantienen lejos de rebasar el umbral epid\u00e9mico, con 28,9 y 30,7 casos cada 100.000 habitantes, respectivamente, de manera que <b>se mantiene el nivel de riesgo 1<\/b>. Son algunos de los datos que ayer ofreci\u00f3 la directora general de Salud P\u00fablica del Gobierno de Arag\u00f3n, Nuria Gay\u00e1n a la agencia Europa Press.<\/p>\n<p class=\"paragraph\">La provincia de Zaragoza, sin embargo, es la que presenta un ascenso m\u00e1s acusado, con 76,1 casos por 100.000 habitantes, por lo que <b>se ha activado el nivel 2<\/b> de riesgo en la zona.<\/p>\n<p class=\"paragraph\">Y es que la gripe ha adelantado su llegada a Espa\u00f1a y \u201cacelera\u201d su transmisi\u00f3n por el norte del pa\u00eds, superando el umbral epid\u00e9mico en muchas de las comunidades aut\u00f3nomas de esta zona entre cuatro y siete semanas antes de lo esperado seg\u00fan sus series hist\u00f3ricas. Arag\u00f3n, precisamente, es una de las comunidades aut\u00f3nomas que <b>ha declarado la epidemia de gripe<\/b>, con 63,4 casos cada 100.000 habitantes. Este dato est\u00e1 alentado, sin embargo, por el ascenso de afectados en la provincia de Zaragoza, sobre todo en la capital ya que en las provincias de Huesca y Teruel es mucho m\u00e1s bajo.<\/p>\n<p class=\"paragraph\">Para frenar el avance de este virus, Arag\u00f3n <b>ha abierto la vacunaci\u00f3n<\/b> sin cita previa para todos los ciudadanos -incluidos en los grupos de riesgo- que residan en la comunidad aut\u00f3noma. Deber\u00e1n acudir al Hospital Provincial Nuestra Se\u00f1ora de Gracia, en horario de 9:00 a 19:00 horas.<\/p>\n<p class=\"paragraph\">\u201cEs importante que <b>acudan a vacunarse<\/b>\u201d, anim\u00f3 Gay\u00e1n, agregando que la vacunaci\u00f3n sin cita previa es una \u201cuna medida que intentamos que ayude a la conciliaci\u00f3n familiar y a las personas que por motivos laborales no pueden ir a su centro de salud\u201d.<\/p>\n<p class=\"paragraph\">Este a\u00f1o, el Gobierno de Arag\u00f3n ha adquirido cinco tipos distintos de vacunas de gripe, en total 419.000 dosis, cuyo <b>coste ha estado en torno a los 3,8 millones de euros<\/b>.<\/p>\n<p class=\"paragraph\">Los grupos a los que <b>se recomienda la vacunaci\u00f3n<\/b> incluyen, adem\u00e1s de mayores de 60 a\u00f1os, ni\u00f1os hasta los 8 a\u00f1os y personas con patolog\u00edas de riesgo, a embarazadas en cualquier trimestre y mujeres en puerperio hasta los seis meses si no se vacunaron durante la gestaci\u00f3n. Tambi\u00e9n figuran trabajadores sanitarios y sociosanitarios, personal de educaci\u00f3n infantil, servicios p\u00fablicos esenciales y personas expuestas laboralmente a animales en granjas o fauna silvestre.<\/p>\n","protected":false},"excerpt":{"rendered":"Las provincias de Huesca y Teruel se mantienen lejos de rebasar el umbral epid\u00e9mico, con 28,9 y 30,7&hellip;\n","protected":false},"author":2,"featured_media":264732,"comment_status":"","ping_status":"","sticky":false,"template":"","format":"standard","meta":{"footnotes":""},"categories":[92],"tags":[49385,25,24,165,1265,65680,166,23,62199,491],"class_list":{"0":"post-264731","1":"post","2":"type-post","3":"status-publish","4":"format-standard","5":"has-post-thumbnail","7":"category-salud","8":"tag-epidemico","9":"tag-es","10":"tag-espana","11":"tag-health","12":"tag-huesca","13":"tag-rebasar","14":"tag-salud","15":"tag-spain","16":"tag-umbral","17":"tag-zaragoza"},"share_on_mastodon":{"url":"https:\/\/pubeurope.com\/@es\/115642041830833652","error":""},"_links":{"self":[{"href":"https:\/\/www.europesays.com\/es\/wp-json\/wp\/v2\/posts\/264731","targetHints":{"allow":["GET"]}}],"collection":[{"href":"https:\/\/www.europesays.com\/es\/wp-json\/wp\/v2\/posts"}],"about":[{"href":"https:\/\/www.europesays.com\/es\/wp-json\/wp\/v2\/types\/post"}],"author":[{"embeddable":true,"href":"https:\/\/www.europesays.com\/es\/wp-json\/wp\/v2\/users\/2"}],"replies":[{"embeddable":true,"href":"https:\/\/www.europesays.com\/es\/wp-json\/wp\/v2\/comments?post=264731"}],"version-history":[{"count":0,"href":"https:\/\/www.europesays.com\/es\/wp-json\/wp\/v2\/posts\/264731\/revisions"}],"wp:featuredmedia":[{"embeddable":true,"href":"https:\/\/www.europesays.com\/es\/wp-json\/wp\/v2\/media\/264732"}],"wp:attachment":[{"href":"https:\/\/www.europesays.com\/es\/wp-json\/wp\/v2\/media?parent=264731"}],"wp:term":[{"taxonomy":"category","embeddable":true,"href":"https:\/\/www.europesays.com\/es\/wp-json\/wp\/v2\/categories?post=264731"},{"taxonomy":"post_tag","embeddable":true,"href":"https:\/\/www.europesays.com\/es\/wp-json\/wp\/v2\/tags?post=264731"}],"curies":[{"name":"wp","href":"https:\/\/api.w.org\/{rel}","templated":true}]}}