{"id":264735,"date":"2025-12-01T02:53:18","date_gmt":"2025-12-01T02:53:18","guid":{"rendered":"https:\/\/www.europesays.com\/es\/264735\/"},"modified":"2025-12-01T02:53:18","modified_gmt":"2025-12-01T02:53:18","slug":"este-movil-poco-de-gama-alta-acaba-de-salir-a-la-venta-y-ya-esta-rebajado-130-euros","status":"publish","type":"post","link":"https:\/\/www.europesays.com\/es\/264735\/","title":{"rendered":"Este m\u00f3vil POCO de gama alta acaba de salir a la venta y ya est\u00e1 rebajado 130 euros"},"content":{"rendered":"<p class=\"ng-star-inserted\">Si hay una marca que ha sabido redefinir lo que esperamos de la gama alta a un precio accesible, esa es POCO, y con el lanzamiento del F8 Pro <b>ha dado un golpe sobre la mesa<\/b>. Este dispositivo llega para satisfacer a los usuarios m\u00e1s exigentes que no est\u00e1n dispuestos a gastar las cuatro cifras que piden otros fabricantes, ofreciendo un <b>equilibrio perfecto entre rendimiento y dise\u00f1o<\/b>.<\/p>\n<p class=\"ng-star-inserted\">Hablemos del precio. El POCO F8 Pro tiene un PVPR de 649,99 euros para la versi\u00f3n de 12 GB de RAM y 256 GB, pero <a title=\"lo puedes encontrar en Amazon por tan solo 519,90 euros\" href=\"https:\/\/www.amazon.es\/dp\/B0FT3XVPX2\/?tag=lr-tecnologia-ofertas-antonio-21\" rel=\"nofollow,sponsored noopener\" target=\"_blank\">lo puedes encontrar en Amazon por tan solo 519,90 euros<\/a>. En principio, <b>esta oferta termina el 1 de diciembre<\/b>, as\u00ed que te recomendamos a\u00f1adirlo a la cesta cuanto antes si decides comprarlo. En el momento de escribir estas l\u00edneas hay unidades disponibles en color negro, azul y plata.<\/p>\n<p>Un m\u00f3vil de gama alta con un precio muy competitivo<\/p>\n<p class=\"ng-star-inserted\"> POCO ha ido a lo seguro y para que su dispositivo ofrezca un buen rendimiento bajo cualquier escenario se ha decantado por el procesador <b>Qualcomm Snapdragon 8 Elite<\/b>. Da igual las aplicaciones que tengas en segundo plano o el juego que quieras jugar, <b>da la talla en todo momento<\/b>. Por otro lado, su pantalla AMOLED de 6,59 pulgadas <b>es impresionante<\/b>, no solo por tener una resoluci\u00f3n de 2.510 por 1.156 p\u00edxeles y ofrecer una gran nitidez, sino tambi\u00e9n por su tasa de refresco de hasta 120 Hz y el brillo m\u00e1ximo de 3.500 nits. <\/p>\n<p class=\"ng-star-inserted\"> Pero la potencia no sirve de nada si la bater\u00eda no est\u00e1 a la altura y ofrece una autonom\u00eda paup\u00e9rrima, y aqu\u00ed el POCO F8 Pro no decepciona, aunque no sea el mejor terminal del mercado en este aspecto. El dispositivo lleva una <b>bater\u00eda de 6.210 mAh<\/b> y soporta carga r\u00e1pida de 100 vatios. \u00a1Casi nada! Para rizar el rizo, el POCO F8 Pro cuenta con certificaci\u00f3n IP68, por lo que es <b>resistente al polvo y al agua<\/b>. Por \u00faltimo, no est\u00e1 de m\u00e1s mencionar que <b>viene con HyperOS 3<\/b> (basado en Android 16). <\/p>\n<p>Si estabas esperando alguna oferta interesante para hacerte con un smartphone de gama alta, sin duda, el POCO F8 Pro es un m\u00f3vil que <b>no te decepcionar\u00e1<\/b>. Aprovecha que tiene un <b>20 % de descuento<\/b> en Amazon y hazte con \u00e9l antes de que finalice la oferta.<\/p>\n<p>Este art\u00edculo est\u00e1 pensado para ayudarte a descubrir productos de tu inter\u00e9s o para que tomes una mejor decisi\u00f3n de compra. Algunos de los enlaces que incluye son de afiliados, por lo que si realizas una compra a trav\u00e9s de ellos La Raz\u00f3n podr\u00eda recibir una peque\u00f1a comisi\u00f3n. Este hecho no influye en nuestras recomendaciones ni en el precio que pagas por el producto.<\/p>\n","protected":false},"excerpt":{"rendered":"Si hay una marca que ha sabido redefinir lo que esperamos de la gama alta a un precio&hellip;\n","protected":false},"author":2,"featured_media":264736,"comment_status":"","ping_status":"","sticky":false,"template":"","format":"standard","meta":{"footnotes":""},"categories":[81],"tags":[119,123,124,25,24,117,121,122,23,118,120],"class_list":{"0":"post-264735","1":"post","2":"type-post","3":"status-publish","4":"format-standard","5":"has-post-thumbnail","7":"category-ciencia-y-tecnologia","8":"tag-ciencia","9":"tag-ciencia-y-tecnologia","10":"tag-cienciaytecnologia","11":"tag-es","12":"tag-espana","13":"tag-science","14":"tag-science-and-technology","15":"tag-scienceandtechnology","16":"tag-spain","17":"tag-technology","18":"tag-tecnologia"},"share_on_mastodon":{"url":"https:\/\/pubeurope.com\/@es\/115642053623329060","error":""},"_links":{"self":[{"href":"https:\/\/www.europesays.com\/es\/wp-json\/wp\/v2\/posts\/264735","targetHints":{"allow":["GET"]}}],"collection":[{"href":"https:\/\/www.europesays.com\/es\/wp-json\/wp\/v2\/posts"}],"about":[{"href":"https:\/\/www.europesays.com\/es\/wp-json\/wp\/v2\/types\/post"}],"author":[{"embeddable":true,"href":"https:\/\/www.europesays.com\/es\/wp-json\/wp\/v2\/users\/2"}],"replies":[{"embeddable":true,"href":"https:\/\/www.europesays.com\/es\/wp-json\/wp\/v2\/comments?post=264735"}],"version-history":[{"count":0,"href":"https:\/\/www.europesays.com\/es\/wp-json\/wp\/v2\/posts\/264735\/revisions"}],"wp:featuredmedia":[{"embeddable":true,"href":"https:\/\/www.europesays.com\/es\/wp-json\/wp\/v2\/media\/264736"}],"wp:attachment":[{"href":"https:\/\/www.europesays.com\/es\/wp-json\/wp\/v2\/media?parent=264735"}],"wp:term":[{"taxonomy":"category","embeddable":true,"href":"https:\/\/www.europesays.com\/es\/wp-json\/wp\/v2\/categories?post=264735"},{"taxonomy":"post_tag","embeddable":true,"href":"https:\/\/www.europesays.com\/es\/wp-json\/wp\/v2\/tags?post=264735"}],"curies":[{"name":"wp","href":"https:\/\/api.w.org\/{rel}","templated":true}]}}