{"id":264737,"date":"2025-12-01T02:55:14","date_gmt":"2025-12-01T02:55:14","guid":{"rendered":"https:\/\/www.europesays.com\/es\/264737\/"},"modified":"2025-12-01T02:55:14","modified_gmt":"2025-12-01T02:55:14","slug":"muere-la-influencer-stephanie-pieper-a-los-31-anos","status":"publish","type":"post","link":"https:\/\/www.europesays.com\/es\/264737\/","title":{"rendered":"Muere la influencer Stephanie Pieper a los 31 a\u00f1os"},"content":{"rendered":"<p class=\"\"><b>El \u00e1mbito de las redes sociales y la creaci\u00f3n de contenido vuelve a te\u00f1irse de luto tras darse a conocer el triste fallecimiento de Stephanie Piper a los 31 a\u00f1os<\/b> de edad. La joven, nacida en Austria, fue <b>hallada sin vida en un bosque ubicado en Eslovenia<\/b> una semana despu\u00e9s de la notificaci\u00f3n de su desaparici\u00f3n.<\/p>\n<p class=\"\">Seg\u00fan cuenta el diario austriaco <b>\u2018Kronen Zeitung\u2019<\/b>, el cuerpo de Pieper fue encontrado despu\u00e9s de que su exnovio, que tambi\u00e9n tiene 31 a\u00f1os, <b>confesara haber sido el responsable de su muerte<\/b>. El joven admiti\u00f3 haberla <b>estrangulado<\/b>, lo que ocasion\u00f3 su deceso, para posteriormente <b>esconderla en el interior de una maleta y abandonarla en el bosque esloveno<\/b>.<\/p>\n<p class=\"\">Stephanie Pieper <b>desapareci\u00f3 el domingo 23 de noviembre<\/b>. Y es que, seg\u00fan informan las autoridades policiales de Estiria, durante el s\u00e1bado 22 de noviembre, <b>la joven regresaba a su vivienda despu\u00e9s de haber disfrutado de una fiesta navide\u00f1a, se baj\u00f3 de un taxi junto a una amiga, lleg\u00f3 a su apartamento\u2026 Y entonces, su rastro se perdi\u00f3 por completo<\/b>.<\/p>\n<p>Sus familiares avisaron de la situaci\u00f3n<\/p>\n<p class=\"\">Al d\u00eda siguiente, es decir, el citado domingo, <b>los familiares de la creadora de contenido de belleza austriaca dieron la voz de alarma<\/b> despu\u00e9s de que la joven no se presentase a una sesi\u00f3n de fotos que estaba planeada para dicha jornada. <\/p>\n<p>Noticias relacionadas<a href=\"https:\/\/as.com\/tikitakas\/famosos\/muere-el-influencer-y-entrenador-personal-dmitry-nuyanzin-tras-seguir-un-reto-para-adelgazar-f202511-n\/\" class=\"s_m_w\" title=\"El ruso ten\u00eda que ganar 25 kilos de peso para despu\u00e9s perderlos con un m\u00e9todo de adelgazamiento.\" data-tb-link=\"\" rel=\"nofollow noopener\" target=\"_blank\"><img decoding=\"async\" src=\"https:\/\/www.europesays.com\/es\/wp-content\/uploads\/2025\/12\/GMOKSOXSMJHQNMBYDKVF6TPIGA.png\" alt=\"Muere el influencer y entrenador personal Dmitry Nuyanzin tras seguir un reto para adelgazar\" class=\"\" height=\"9\" width=\"16\"   loading=\"lazy\" data-tb-thumbnail=\"\"\/><\/a><a href=\"https:\/\/as.com\/tikitakas\/famosos\/muere-la-influencer-y-cantante-de-la-rosa-f202511-n\/\" class=\"s_m_w\" title=\"La joven, de 22 a\u00f1os, falleci\u00f3 en la madrugada del s\u00e1bado durante un tiroteo en Los \u00c1ngeles, seg\u00fan confirma TMZ.\" data-tb-link=\"\" rel=\"nofollow noopener\" target=\"_blank\"><img decoding=\"async\" src=\"https:\/\/www.europesays.com\/es\/wp-content\/uploads\/2025\/12\/5YSHES2URVBDHOZHPSEX7VTCAU.png\" alt=\"Muere la influencer y cantante De la Rosa\" class=\"\" height=\"9\" width=\"16\"   loading=\"lazy\" data-tb-thumbnail=\"\"\/><\/a><\/p>\n<p class=\"\">Eso s\u00ed, la desaparici\u00f3n no se confirm\u00f3 hasta el <b>mi\u00e9rcoles 26 de noviembre<\/b>, cuando las autoridades lanzaron un comunicado informando de su desaparici\u00f3n despu\u00e9s de que <b>no se presentase a trabajar y que fuera imposible establecer contacto con ella<\/b>.<\/p>\n<p class=\"\"><b>\u00a1Tus opiniones importan!<\/b> Comenta en los art\u00edculos y suscr\u00edbete gratis a nuestra <a href=\"https:\/\/asfan.as.com\/newsletters\/\" target=\"_blank\" rel=\"nofollow noopener\" title=\"https:\/\/asfan.as.com\/newsletters\/\">newsletter<\/a> y a las alertas informativas en la <a href=\"https:\/\/as.com\/aplicacion-de-as-n\/\" target=\"_blank\" rel=\"nofollow noopener\" title=\"https:\/\/as.com\/aplicacion-de-as-n\/\">App<\/a> o el canal de <a href=\"https:\/\/www.whatsapp.com\/channel\/0029VaAasdA7j6g745nz9M10\" target=\"_blank\" rel=\"nofollow noopener\" title=\"https:\/\/www.whatsapp.com\/channel\/0029VaAasdA7j6g745nz9M10\">WhatsApp<\/a>. \u00bfBuscas licenciar contenido? Haz clic <a href=\"https:\/\/profesional.elpais.com\/soluciones-sindicacion?utm_medium=interno&amp;utm_source=crosslinking&amp;utm_campaign=sindicacion_as_pie_articulos\" target=\"_blank\" rel=\"nofollow noopener\" title=\"https:\/\/profesional.elpais.com\/soluciones-sindicacion?utm_medium=interno&amp;utm_source=crosslinking&amp;utm_campaign=sindicacion_as_pie_articulos\">aqu\u00ed<\/a><\/p>\n","protected":false},"excerpt":{"rendered":"El \u00e1mbito de las redes sociales y la creaci\u00f3n de contenido vuelve a te\u00f1irse de luto tras darse&hellip;\n","protected":false},"author":2,"featured_media":264738,"comment_status":"","ping_status":"","sticky":false,"template":"","format":"standard","meta":{"footnotes":""},"categories":[42],"tags":[17,18,13,14,11,61,62,63,64,19,20,9,10,15,16,12,21,22,65,66,67],"class_list":{"0":"post-264737","1":"post","2":"type-post","3":"status-publish","4":"format-standard","5":"has-post-thumbnail","7":"category-internacional","8":"tag-breaking-news","9":"tag-breakingnews","10":"tag-featured-news","11":"tag-featurednews","12":"tag-headlines","13":"tag-internacional","14":"tag-international","15":"tag-international-news","16":"tag-internationalnews","17":"tag-latest-news","18":"tag-latestnews","19":"tag-news","20":"tag-noticias","21":"tag-noticias-destacadas","22":"tag-noticiasdestacadas","23":"tag-titulares","24":"tag-ultimas-noticias","25":"tag-ultimasnoticias","26":"tag-world","27":"tag-world-news","28":"tag-worldnews"},"share_on_mastodon":{"url":"https:\/\/pubeurope.com\/@es\/115642062050536695","error":""},"_links":{"self":[{"href":"https:\/\/www.europesays.com\/es\/wp-json\/wp\/v2\/posts\/264737","targetHints":{"allow":["GET"]}}],"collection":[{"href":"https:\/\/www.europesays.com\/es\/wp-json\/wp\/v2\/posts"}],"about":[{"href":"https:\/\/www.europesays.com\/es\/wp-json\/wp\/v2\/types\/post"}],"author":[{"embeddable":true,"href":"https:\/\/www.europesays.com\/es\/wp-json\/wp\/v2\/users\/2"}],"replies":[{"embeddable":true,"href":"https:\/\/www.europesays.com\/es\/wp-json\/wp\/v2\/comments?post=264737"}],"version-history":[{"count":0,"href":"https:\/\/www.europesays.com\/es\/wp-json\/wp\/v2\/posts\/264737\/revisions"}],"wp:featuredmedia":[{"embeddable":true,"href":"https:\/\/www.europesays.com\/es\/wp-json\/wp\/v2\/media\/264738"}],"wp:attachment":[{"href":"https:\/\/www.europesays.com\/es\/wp-json\/wp\/v2\/media?parent=264737"}],"wp:term":[{"taxonomy":"category","embeddable":true,"href":"https:\/\/www.europesays.com\/es\/wp-json\/wp\/v2\/categories?post=264737"},{"taxonomy":"post_tag","embeddable":true,"href":"https:\/\/www.europesays.com\/es\/wp-json\/wp\/v2\/tags?post=264737"}],"curies":[{"name":"wp","href":"https:\/\/api.w.org\/{rel}","templated":true}]}}