{"id":264739,"date":"2025-12-01T02:56:13","date_gmt":"2025-12-01T02:56:13","guid":{"rendered":"https:\/\/www.europesays.com\/es\/264739\/"},"modified":"2025-12-01T02:56:13","modified_gmt":"2025-12-01T02:56:13","slug":"entre-jovenes-y-tramando-una-boda-de-conveniencia","status":"publish","type":"post","link":"https:\/\/www.europesays.com\/es\/264739\/","title":{"rendered":"entre j\u00f3venes y tramando una boda de conveniencia"},"content":{"rendered":"<p style=\"\">Dos vendedores a los que <strong>Marti\u00f1o Ramos Soto<\/strong> compraba habitualmente fruta y viandas lo vieron todo desde la esquina: una patrulla con tres agentes de emigraci\u00f3n de la polic\u00eda cubana, vestidos de verde, llam\u00f3 a la puerta de su apartamento y, poco despu\u00e9s, bajaron  &#8230; con \u00e9l, maletas en mano, para introducirlo en el veh\u00edculo. Se abortaba as\u00ed<strong> una fuga de cinco meses y una vida tranquila en Cuba<\/strong> que el pr\u00f3fugo quer\u00eda culminar con un matrimonio de conveniencia pagado para regularizar su situaci\u00f3n en la isla por la v\u00eda r\u00e1pida.<\/p>\n<p class=\"voc-p\" style=\"\">En julio, Marti\u00f1o puso tierra de por medio para evitar cumplir una pena de m\u00e1s de 13 a\u00f1os de prisi\u00f3n que la Audiencia Provincial de Orense le impuso por violar de forma s\u00e1dica y durante a\u00f1os a una alumna menor de edad. Desde entonces y hasta el viernes 21 de noviembre, cuando fue detenido, el profesor trat\u00f3 de llevar en La Habana una vida \u00ablo m\u00e1s discreta posible\u00bb, seg\u00fan apuntan a ABC fuentes de Interpol Espa\u00f1a. <strong>Se hac\u00eda pasar por un empresario que estaba all\u00ed para \u00abdesconectar\u00bb<\/strong> una temporada. Sin embargo, bajo ese disfraz, se escond\u00edan actitudes que llamaron la atenci\u00f3n en los c\u00edrculos por los que se mov\u00eda.<\/p>\n<p>\nActitudes sospechosas\n<\/p>\n<p class=\"voc-p\" style=\"\">No era el caso de los vendedores que ese viernes lo vieron, por \u00faltima vez, subir al coche policial. Ellos describen a Marti\u00f1o como una persona \u00abmuy amable, tranquila\u00bb, que acostumbraba ir con su c\u00e1mara a un parque cercano al piso que ten\u00eda alquilado en el barrio habanero de El Vedado, informa Camila Acosta. Testimonios de personas que lo conocieron de cerca, sin embargo, <strong>apuntan a maneras de actuar que despertaban suspicacias<\/strong> entre los grupos que frecuentaba.<\/p>\n<p class=\"voc-p\" style=\"\">Ir\u00e9 L\u00e1zara Goitizolo Rodr\u00edguez, escritora y artista visual cubana, lo conoci\u00f3 en octubre durante un certamen de poes\u00eda en el centro cultural Nodo Habana, frecuentado por artistas. El \u00abespa\u00f1ol\u00bb, como tantos otros, estaba all\u00ed tomando fotos a quienes recitaban. Al d\u00eda siguiente, Ir\u00e9 volvi\u00f3 al Nodo Habana con una amiga y, estando en el bar, Marti\u00f1o se les acerc\u00f3. <strong>Les tom\u00f3 una fotograf\u00eda y convers\u00f3 con ellas:<\/strong> \u00abMe dijo que me hab\u00eda visto en el evento anterior, que le gust\u00f3 mi poes\u00eda y la m\u00fasica que hago\u00bb, explica a ABC en una conversaci\u00f3n por redes sociales. Marti\u00f1o le pidi\u00f3 su correo electr\u00f3nico y su cuenta de Instagram para enviarle las im\u00e1genes: \u00abMe envi\u00f3 la foto de ese d\u00eda y solo una del d\u00eda anterior\u00bb.<\/p>\n<p><img decoding=\"async\" loading=\"lazy\" src=\"https:\/\/www.europesays.com\/es\/wp-content\/uploads\/2025\/12\/repor2-U58110175104gnO-760x427@diario_abc.jpg\" class=\"voc-img\" width=\"760\" height=\"427\" alt=\"Una de las im\u00e1genes que Marti\u00f1o tom\u00f3 de las dos chicas\" data-voc-vtm-id=\"in-text-traffic\"\/><\/p>\n<p>Una de las im\u00e1genes que Marti\u00f1o tom\u00f3 de las dos chicas<\/p>\n<p>CEDIDA<\/p>\n<p class=\"voc-p\" style=\"\">Volvieron a encontrarse unas semanas despu\u00e9s, ya en noviembre, en una exposici\u00f3n colectiva de fotograf\u00eda. All\u00ed insisti\u00f3 en que fueran a tomar algo y las invit\u00f3 a un &#8216;listening&#8217; del disco que Rosal\u00eda acababa de publicar. Pero hab\u00eda algo extra\u00f1o en todo aquello:<strong> \u00abSe preocupaba por nosotras en exceso,<\/strong> y a m\u00ed pr\u00e1cticamente me acababa de conocer\u00bb, relata Ir\u00e9. Marti\u00f1o \u00abse comportaba como un adolescente, tratando de encajar con grupos de j\u00f3venes\u00bb. Las chicas con las que acud\u00eda a los eventos eran veintea\u00f1eras, cuando \u00e9l ya ronda los 50 a\u00f1os.<\/p>\n<p>\nCon un ojo encima\n<\/p>\n<p class=\"voc-p\" style=\"\">Cuando todo esto suced\u00eda, entre octubre y noviembre, la Polic\u00eda Nacional Revolucionaria de Cuba ya ten\u00eda a Marti\u00f1o controlado, explican a ABC fuentes de Interpol Espa\u00f1a. Despu\u00e9s de que la unidad de Fugitivos de la Polic\u00eda Nacional descubriera el enrevesado itinerario a\u00e9reo que el pr\u00f3fugo orensano sigui\u00f3 como maniobra de despiste \u2014Portugal, Brasil, Per\u00fa y Cuba\u2014, todo apuntaba a que se escond\u00eda en la isla. Mientras entre Espa\u00f1a y las autoridades cubanas se tramitaba la documentaci\u00f3n para detenerlo, <strong>los agentes no le quitaron el ojo de encima para evitar que saliera<\/strong> del pa\u00eds caribe\u00f1o.<\/p>\n<p class=\"voc-p\" style=\"\">La detenci\u00f3n se practic\u00f3, como se ha dicho, el 21 de noviembre. \u00bfC\u00f3mo reaccion\u00f3? \u00abMantiene una actitud pac\u00edfica, pero se muestra sorprendido, diciendo que debe de tratarse de un error\u00bb, a\u00f1aden fuentes de Interpol. No es hasta que los agentes lo llevan a comisar\u00eda \u2014ese momento en el que los vendedores de la esquina lo ven bajar con sus maletas\u2014 cuando admite que tiene pendiente una condena por violar de forma reiterada a una alumna del instituto. La detenci\u00f3n se precipita, seg\u00fan las mismas fuentes, porque los investigadores se dan cuenta de que <strong>estaba \u00abiniciando gestiones\u00bb para pagarse un matrimonio de conveniencia<\/strong> y conseguir un permiso de residencia en Cuba por la v\u00eda r\u00e1pida.<\/p>\n<p><img decoding=\"async\" loading=\"lazy\" src=\"https:\/\/www.europesays.com\/es\/wp-content\/uploads\/2025\/12\/repor1-U61123038446gQC-760x427@diario_abc.jpg\" class=\"voc-img\" width=\"760\" height=\"427\" alt=\"Otra de las im\u00e1genes tomadas por Marti\u00f1o\" data-voc-vtm-id=\"in-text-traffic\"\/><\/p>\n<p>Otra de las im\u00e1genes tomadas por Marti\u00f1o<\/p>\n<p>CEDIDA<\/p>\n<p class=\"voc-p\" style=\"\">Llegar al pa\u00eds caribe\u00f1o \u2014con el que Espa\u00f1a no tiene ning\u00fan acuerdo marco de extradici\u00f3n, aunque ello no impedir\u00e1 su entrega\u2014 era el objetivo de Marti\u00f1o cuando emprendi\u00f3 su huida. La intuici\u00f3n no fall\u00f3 a los agentes de la unidad de Fugitivos cuando asumieron la investigaci\u00f3n: como vecino de Orense, era probable que escapara a trav\u00e9s de Portugal. Y as\u00ed fue. Con la colaboraci\u00f3n de sus hom\u00f3logos portugueses, la Polic\u00eda detect\u00f3 que hab\u00eda tomado un vuelo de Lisboa a Brasil. De all\u00ed pas\u00f3 a Lima, y de la capital peruana a La Habana. Los investigadores, seg\u00fan relatan a ABC, <strong>tienen claro que su plan siempre fue llegar a Cuba.<\/strong> Las escalas, todas ellas de muy pocos d\u00edas, solo pretend\u00edan despistar.<\/p>\n<p>\nPerfil de Instagram abierto\n<\/p>\n<p class=\"voc-p\" style=\"\">Todas estas maniobras desembocaron en la invenci\u00f3n de una vida en La Habana que, como queda dicho, mostraba muchas lagunas. La prudencia que exhib\u00eda en unas cosas se la saltaba en otras, especialmente en las redes, donde lleg\u00f3 a abrirse un perfil de Instagram \u2014activo hasta hace pocos d\u00edas\u2014 en el que colgaba parte de las fotograf\u00edas que hac\u00eda a modelos y artistas en distintos eventos.<strong> Era un perfil abierto, de acceso p\u00fablico,<\/strong> aunque para camuflar ligeramente su identidad hab\u00eda castellanizado su nombre y recurrido a su segundo apellido: Mart\u00edn Soto. Con ese nombre se presentaba tambi\u00e9n en los c\u00edrculos que frecuentaba en la ciudad.<\/p>\n<p class=\"voc-p\" style=\"\">Pese a la fuga y la nueva vida que intent\u00f3 construirse en Cuba, tarde o temprano Marti\u00f1o acabar\u00e1 siendo entregado a los tribunales espa\u00f1oles para cumplir la pena de m\u00e1s de 13 a\u00f1os de c\u00e1rcel a la que fue sentenciado. En julio de 2024, la Audiencia Provincial de Orense dio por probado que este profesor de m\u00fasica, que hab\u00eda militado en la formaci\u00f3n pol\u00edtica En Marea,<strong> hab\u00eda violado de forma reiterada a una alumna desde los 12 hasta los 16 a\u00f1os.<\/strong> Lo hac\u00eda, tal y como certific\u00f3 despu\u00e9s un auto del Tribunal Superior de Xustiza de Galicia (TSXG), de manera s\u00e1dica. Hab\u00eda contactado con ella de forma an\u00f3nima por Instagram. Ahora, con su captura, tanto la joven \u2014ya mayor de edad\u2014 como su familia pueden empezar a ver un poco de luz.<\/p>\n<p>La entrega no ser\u00e1 inmediata pese a la disposici\u00f3n de Cuba<\/p>\n<p class=\"voc-p\">Cuba \u00abtiene muy buena predisposici\u00f3n\u00bb para entregar a Marti\u00f1o a las autoridades espa\u00f1olas aunque no exista un convenio de extradici\u00f3n entre ambos pa\u00edses, explican a ABC fuentes de Interpol. Pero no ser\u00e1, como dijo con exceso de optimismo el delegado del Gobierno en Galicia, una cuesti\u00f3n ni de horas ni de d\u00edas. La burocracia es compleja y a varias bandas. Los plazos podr\u00edan acortarse, eso s\u00ed, si el propio Marti\u00f1o acepta la entrega y no trata de demorarlo. En caso contrario, tendr\u00eda que abrirse en Cuba un proceso judicial que podr\u00eda prolongarse meses. \u00abCuando Cuba lo resuelva, se lo comunicar\u00e1 al Ministerio de Justicia; este, a nosotros, y nosotros organizaremos su viaje a Espa\u00f1a\u00bb, detalla a ABC Interpol.<\/p>\n","protected":false},"excerpt":{"rendered":"Dos vendedores a los que Marti\u00f1o Ramos Soto compraba habitualmente fruta y viandas lo vieron todo desde la&hellip;\n","protected":false},"author":2,"featured_media":264740,"comment_status":"","ping_status":"","sticky":false,"template":"","format":"standard","meta":{"footnotes":""},"categories":[8],"tags":[3158,17,18,65686,1164,25,24,13,14,11,433,19,20,65684,9,10,15,16,23,12,65685,21,22],"class_list":{"0":"post-264739","1":"post","2":"type-post","3":"status-publish","4":"format-standard","5":"has-post-thumbnail","7":"category-espana","8":"tag-boda","9":"tag-breaking-news","10":"tag-breakingnews","11":"tag-conveniencia","12":"tag-cuba","13":"tag-es","14":"tag-espana","15":"tag-featured-news","16":"tag-featurednews","17":"tag-headlines","18":"tag-jovenes","19":"tag-latest-news","20":"tag-latestnews","21":"tag-martino","22":"tag-news","23":"tag-noticias","24":"tag-noticias-destacadas","25":"tag-noticiasdestacadas","26":"tag-spain","27":"tag-titulares","28":"tag-tramando","29":"tag-ultimas-noticias","30":"tag-ultimasnoticias"},"share_on_mastodon":{"url":"https:\/\/pubeurope.com\/@es\/115642065628914529","error":""},"_links":{"self":[{"href":"https:\/\/www.europesays.com\/es\/wp-json\/wp\/v2\/posts\/264739","targetHints":{"allow":["GET"]}}],"collection":[{"href":"https:\/\/www.europesays.com\/es\/wp-json\/wp\/v2\/posts"}],"about":[{"href":"https:\/\/www.europesays.com\/es\/wp-json\/wp\/v2\/types\/post"}],"author":[{"embeddable":true,"href":"https:\/\/www.europesays.com\/es\/wp-json\/wp\/v2\/users\/2"}],"replies":[{"embeddable":true,"href":"https:\/\/www.europesays.com\/es\/wp-json\/wp\/v2\/comments?post=264739"}],"version-history":[{"count":0,"href":"https:\/\/www.europesays.com\/es\/wp-json\/wp\/v2\/posts\/264739\/revisions"}],"wp:featuredmedia":[{"embeddable":true,"href":"https:\/\/www.europesays.com\/es\/wp-json\/wp\/v2\/media\/264740"}],"wp:attachment":[{"href":"https:\/\/www.europesays.com\/es\/wp-json\/wp\/v2\/media?parent=264739"}],"wp:term":[{"taxonomy":"category","embeddable":true,"href":"https:\/\/www.europesays.com\/es\/wp-json\/wp\/v2\/categories?post=264739"},{"taxonomy":"post_tag","embeddable":true,"href":"https:\/\/www.europesays.com\/es\/wp-json\/wp\/v2\/tags?post=264739"}],"curies":[{"name":"wp","href":"https:\/\/api.w.org\/{rel}","templated":true}]}}