{"id":264742,"date":"2025-12-01T03:05:09","date_gmt":"2025-12-01T03:05:09","guid":{"rendered":"https:\/\/www.europesays.com\/es\/264742\/"},"modified":"2025-12-01T03:05:09","modified_gmt":"2025-12-01T03:05:09","slug":"los-internacionales-del-surne-bilbao-lucen-con-sus-selecciones","status":"publish","type":"post","link":"https:\/\/www.europesays.com\/es\/264742\/","title":{"rendered":"Los internacionales del Surne Bilbao lucen con sus selecciones"},"content":{"rendered":"<p>\n        Con <strong>Melwin Pantzar<\/strong> qued\u00e1ndose en \u00faltima instancia <strong>fuera de la convocatoria<\/strong> de Suecia por cuestiones personales, han sido finalmente <a href=\"https:\/\/www.deia.eus\/bilbao-basket\/2025\/11\/24\/surne-bilbao-fiba-aporta-cuatro-internacionales-10392169.html\" title=\"tres los jugadores\" target=\"_blank\" class=\"link copy\" rel=\"nofollow noopener\"><strong>tres los jugadores<\/strong><\/a><strong> del <\/strong><a href=\"https:\/\/www.deia.eus\/deportes\/bilbao-basket\/\" title=\"Surne Bilbao\" class=\"link copy\" rel=\"nofollow noopener\" target=\"_blank\">Surne Bilbao<\/a> que han jugado con sus selecciones en estas ventanas FIBA de noviembre: <strong>Tryggvi Hlinason (Islandia), Martin Krampelj (Eslovenia) y Harald Frey (Noruega).<\/strong> Mientras que los dos primeros han disputado duelos de la fase de <strong>clasificaci\u00f3n para el Mundial de 2027,<\/strong> el tercero de ellos ha hecho lo propio en el preclasificatorio de cara al <strong>Eurobasket de 2029.<\/strong> El p\u00edvot y el base, fundamentales en sus conjuntos nacionales, han tenido<strong> aportaciones notables en lo individual,<\/strong> mientras que Krampelj, el \u00fanico al que le queda <strong>una cita pendiente para este lunes<\/strong>, ha asumido, como se esperaba, un rol m\u00e1s secundario.\n<\/p>\n<p>  Minutadas para Hlinason<\/p>\n<p class=\"article-body__text \">\n        <strong>Hlinason ha vuelto a ser uno de los grandes mascarones de proa<\/strong> de una Islandia que el jueves sorprendi\u00f3 <strong>batiendo como visitante a Italia <\/strong><a href=\"https:\/\/www.fiba.basketball\/en\/events\/fiba-basketball-world-cup-2027-european-qualifiers\/games\/127028-ITA-ISL#boxscore\" title=\"(76-81)\" rel=\"nofollow noopener\" target=\"_blank\" class=\"link copy\">(76-81) pero que este domingo se dej\u00f3 <strong>sorprender como anfitriona por Gran Breta\u00f1a <\/strong><\/a><a href=\"https:\/\/www.fiba.basketball\/en\/events\/fiba-basketball-world-cup-2027-european-qualifiers\/games\/127029-ISL-GBR#boxscore\" title=\"(84-90)\" rel=\"nofollow noopener\" class=\"link copy\" target=\"_blank\">(84-90) dentro de un Grupo D absolutamente igualado. En el primero de los duelos, el p\u00edvot del <\/a><a href=\"https:\/\/www.deia.eus\/tags\/surne-bilbao-basket\/\" title=\"Surne Bilbao\" class=\"link copy\" rel=\"nofollow noopener\" target=\"_blank\">Surne Bilbao<\/a> fue el jugador que m\u00e1s tiempo permaneci\u00f3 en cancha,<strong> por encima de 35 minutos<\/strong>, y acab\u00f3 con <strong>16 puntos<\/strong> (4 de 7 en lanzamientos de dos puntos y un excelente 8 de 9 desde la l\u00ednea de tiros libres), adem\u00e1s de<strong> siete rebotes<\/strong> (dos ofensivos), dos tapones y una asistencia para <strong>22 cr\u00e9ditos de valoraci\u00f3n, el segundo mejor<\/strong> por detr\u00e1s de Elvar Fridriksson, que acab\u00f3 con 26 tras anotar 29 puntos.\n<\/p>\n<p class=\"article-body__text \">\n        Este domingo,<strong> jugando otros 35 minutos,<\/strong> se fue a los <strong>24 de valoraci\u00f3n<\/strong> en una contienda en la que <strong>sus compa\u00f1eros le buscaron demasiado tarde<\/strong>, en un acto final en el que el resultado era ya demasiado adverso. <strong>Once de sus 17 puntos finales llegaron en cuatro minutos<\/strong> de ese \u00faltimo cuarto, colaborando tambi\u00e9n con siete rebotes, tres asistencias y otros tantos tapones.\n<\/p>\n<blockquote class=\"twitter-tweet\" data-lang=\"es\">\n<p lang=\"en\" dir=\"ltr\">HAS THIS REALLY JUST HAPPENED?<\/p>\n<p>ESTONIA FOR THE UNBELIEVABLE WIN! \ud83d\ude2b<a href=\"https:\/\/twitter.com\/hashtag\/FIBAWC?src=hash&amp;ref_src=twsrc%5Etfw\" rel=\"nofollow noopener\" target=\"_blank\">#FIBAWC<\/a> | <a href=\"https:\/\/twitter.com\/hashtag\/StepItUp?src=hash&amp;ref_src=twsrc%5Etfw\" rel=\"nofollow noopener\" target=\"_blank\">#StepItUp<\/a> <a href=\"https:\/\/t.co\/i1nLrnrnsZ\" rel=\"nofollow\">pic.twitter.com\/i1nLrnrnsZ<\/a><\/p>\n<p>\u2014 FIBA Basketball World Cup \ud83c\udfc6 (@FIBAWC) <a href=\"https:\/\/twitter.com\/FIBAWC\/status\/1994491117891391820?ref_src=twsrc%5Etfw\" rel=\"nofollow noopener\" target=\"_blank\">28 de noviembre de 2025<\/a><\/p><\/blockquote>\n<p>  Krampelj, secundario<\/p>\n<p class=\"article-body__text \">\n        Por su parte<strong>, Krampelj no pudo evitar el viernes la ag\u00f3nica derrota en la pr\u00f3rroga por 93-94 de Eslovenia ante Estonia<\/strong> en el Bonifika Arena de Koper dentro del Grupo H. El pupilo de <a href=\"https:\/\/www.deia.eus\/tags\/jaume-ponsarnau\/\" title=\"Jaume Ponsarnau\" class=\"link copy\" rel=\"nofollow noopener\" target=\"_blank\">Jaume Ponsarnau<\/a> sali\u00f3 desde el banquillo y <strong>en algo menos de 16 minutos aport\u00f3 seis puntos<\/strong> (dos lanzamientos de dos puntos y dos tiros libres sin fallo), tres rebotes y una asistencia para <strong>diez cr\u00e9ditos de valoraci\u00f3n.<\/strong> El combinado balc\u00e1nico dominaba por 93-89 a 18 segundos del final y <strong>acab\u00f3 perdiendo con un triple a cinco segundos del final del <\/strong><strong>exhombre de negro<\/strong><strong> Kristian Kullamae.<\/strong> Eslovenia<strong> visita este lunes (19.00 horas) en G\u00f6teborg a la Suecia<\/strong> de los exjugadores del conjunto vizcaino <strong>Lude Hakanson, Denzel Andersson y Tobias Borg<\/strong>, puntales de los n\u00f3rdicos en la derrota del viernes por 97-80 ante Rep\u00fablica Checa en el Kralovka Arena de Praga, sobre todo el exterior del Joventut, que acab\u00f3 con 15 puntos y otras tantas asistencias.\n<\/p>\n<p>  \u00c9xito para Frey<\/p>\n<p class=\"article-body__text \">\n        Adem\u00e1s, <strong>Frey volvi\u00f3 a ejercer este domingo de l\u00edder<\/strong> sobre la cancha en la <strong>victoria de Noruega sobre Armenia por 62-74<\/strong> en choque perteneciente al preclasificatorio para el <a href=\"https:\/\/www.deia.eus\/tags\/eurobasket\/\" title=\"Eurobasket\" class=\"link copy\" rel=\"nofollow noopener\" target=\"_blank\">Eurobasket <\/a>de 2029. El base de los hombres de negro acab\u00f3 con <strong>21 puntos, ocho asistencias y seis rebotes<\/strong> para un total de 26 cr\u00e9ditos de valoraci\u00f3n en algo m\u00e1s de 31 minutos disputados y el combinado n\u00f3rdico arranca <strong>dominando el Grupo B<\/strong> junto a Bulgaria.\n<\/p>\n<p>            <script async src=\"https:\/\/platform.twitter.com\/widgets.js\" charset=\"utf-8\"><\/script><\/p>\n","protected":false},"excerpt":{"rendered":"Con Melwin Pantzar qued\u00e1ndose en \u00faltima instancia fuera de la convocatoria de Suecia por cuestiones personales, han sido&hellip;\n","protected":false},"author":2,"featured_media":264743,"comment_status":"","ping_status":"","sticky":false,"template":"","format":"standard","meta":{"footnotes":""},"categories":[269],"tags":[299,298,2601,168,25,24,13863,2661,32846,19022,23,167,40205,64504],"class_list":{"0":"post-264742","1":"post","2":"type-post","3":"status-publish","4":"format-standard","5":"has-post-thumbnail","7":"category-baloncesto","8":"tag-baloncesto","9":"tag-basketball","10":"tag-bilbao","11":"tag-deportes","12":"tag-es","13":"tag-espana","14":"tag-fiba","15":"tag-internacionales","16":"tag-lucen","17":"tag-selecciones","18":"tag-spain","19":"tag-sports","20":"tag-surne","21":"tag-ventanas"},"share_on_mastodon":{"url":"https:\/\/pubeurope.com\/@es\/115642100943102905","error":""},"_links":{"self":[{"href":"https:\/\/www.europesays.com\/es\/wp-json\/wp\/v2\/posts\/264742","targetHints":{"allow":["GET"]}}],"collection":[{"href":"https:\/\/www.europesays.com\/es\/wp-json\/wp\/v2\/posts"}],"about":[{"href":"https:\/\/www.europesays.com\/es\/wp-json\/wp\/v2\/types\/post"}],"author":[{"embeddable":true,"href":"https:\/\/www.europesays.com\/es\/wp-json\/wp\/v2\/users\/2"}],"replies":[{"embeddable":true,"href":"https:\/\/www.europesays.com\/es\/wp-json\/wp\/v2\/comments?post=264742"}],"version-history":[{"count":0,"href":"https:\/\/www.europesays.com\/es\/wp-json\/wp\/v2\/posts\/264742\/revisions"}],"wp:featuredmedia":[{"embeddable":true,"href":"https:\/\/www.europesays.com\/es\/wp-json\/wp\/v2\/media\/264743"}],"wp:attachment":[{"href":"https:\/\/www.europesays.com\/es\/wp-json\/wp\/v2\/media?parent=264742"}],"wp:term":[{"taxonomy":"category","embeddable":true,"href":"https:\/\/www.europesays.com\/es\/wp-json\/wp\/v2\/categories?post=264742"},{"taxonomy":"post_tag","embeddable":true,"href":"https:\/\/www.europesays.com\/es\/wp-json\/wp\/v2\/tags?post=264742"}],"curies":[{"name":"wp","href":"https:\/\/api.w.org\/{rel}","templated":true}]}}