{"id":264746,"date":"2025-12-01T03:07:10","date_gmt":"2025-12-01T03:07:10","guid":{"rendered":"https:\/\/www.europesays.com\/es\/264746\/"},"modified":"2025-12-01T03:07:10","modified_gmt":"2025-12-01T03:07:10","slug":"estoy-muy-nerviosa-porque-eres-mi-crush","status":"publish","type":"post","link":"https:\/\/www.europesays.com\/es\/264746\/","title":{"rendered":"Estoy muy nerviosa porque eres mi crush"},"content":{"rendered":"<p class=\"article-text\">\n        La nueva entrega de <strong>Al cielo con ella<\/strong> cont\u00f3 con <strong>Alba Flores<\/strong> como primera invitada de la noche. La actriz acudi\u00f3 a presentar su documental <strong>Flores para Antonio<\/strong> &#8211; que tambi\u00e9n promocion\u00f3 en<strong> <\/strong><a href=\"https:\/\/www.eldiario.es\/vertele\/temas\/la-revuelta\/\" target=\"_blank\" data-mrf-recirculation=\"links-noticia\" class=\"link\" rel=\"nofollow noopener\"><strong>La Revuelta<\/strong><\/a><a href=\"https:\/\/www.eldiario.es\/vertele\/temas\/la-revuelta\/\" target=\"_blank\" data-mrf-recirculation=\"links-noticia\" class=\"link\" rel=\"nofollow noopener\"> con Broncano emocionado<\/a>-, que hab\u00eda estrenado este mismo fin de semana.\n    <\/p>\n<p>    <a href=\"https:\/\/www.eldiario.es\/vertele\/noticias\/maruja-torres-desvelo-voz-alta-tres-traidores-congelo-cielo-alcalde-madrid_1_12791073.html\" data-mrf-recirculation=\"saber-mas\" data-dl-event=\"saber-mas\" rel=\"nofollow noopener\" target=\"_blank\"><\/p>\n<p class=\"know-more__title\">Maruja Torres desvel\u00f3 en voz alta a los \u00abtres traidores\u00bb que congel\u00f3 en &#8216;Al cielo con ella&#8217;: \u00ab\u00bfCabe el alcalde de Madrid?\u00bb<\/p>\n<p>            <img decoding=\"async\" class=\"lazy\" loading=\"lazy\" data-src=\"https:\/\/static.eldiario.es\/clip\/d50fd362-55c9-49b3-9236-6d545c8d1dcc_16-9-aspect-ratio_default_0.jpg\" src=\"data:image\/svg+xml,%3Csvg xmlns=\" http:=\"\" viewbox=\"0 0 880 495\" alt=\"Maruja Torres desvel\u00f3 en voz alta a los &quot;tres traidores&quot; que congel\u00f3 en 'Al cielo con ella': &quot;\u00bfCabe el alcalde de Madrid?&quot;\"\/><\/p>\n<p>                        <\/a><\/p>\n<p class=\"article-text\">\n        En cuanto la invitada se sent\u00f3 en el sof\u00e1, <strong>Henar \u00c1lvarez <\/strong>corri\u00f3 a expresar su entusiasmo con la producci\u00f3n: <strong>\u201c\u00a1C\u00f3mo me ha gustado el documental, ten\u00eda tantas ganas de comentarlo contigo<\/strong>, tengo much\u00edsimas preguntas que hacerte!\u201d.\n    <\/p>\n<p class=\"article-text\">\n        Sin embargo, Flores la fren\u00f3 para confesarle algo a\u00fan m\u00e1s personal: \u201c<strong>Te voy a decir una cosa antes que nada, es que me lo quiero quitar de en medio, estoy muy nerviosa&#8230;<\/strong>\u201d. A lo que la presentadora respond\u00eda con una broma: \u201c\u00bfEst\u00e1s por m\u00ed?\u201d, y la int\u00e9rprete confirmaba: \u201cS\u00ed, \u00bfya me lo has notado no? Me lo has notado much\u00edsimo\u201d.\n    <\/p>\n<p class=\"article-text\">\n        La presentadora se quedaba sin habla sin acabar de cre\u00e9rselo: \u201c\u00bfPero hablas en serio?\u201d. Y Flores volv\u00eda a confirmar: \u201cEs que antes me has hablado y no s\u00e9 ni lo que me has dicho. Es que eres mi crush, te has ido y le digo a mi equipo<strong>: &#8216;Estoy muy nerviosa, es muy <\/strong><strong>crush<\/strong><strong> m\u00edo, se lo digo lo primero y me lo quito de en medio\u201d<\/strong>.\n    <\/p>\n<blockquote class=\"twitter-tweet\" data-lang=\"es\"><p><a href=\"https:\/\/twitter.com\/X\/status\/1995241173468991965?ref_src=twsrc%5Etfw\" rel=\"nofollow noopener\" target=\"_blank\"><\/p><\/blockquote>\n<p class=\"article-text\">\n        Henar le mostraba las manos como prueba de que estaba \u201csudando\u201d ante tal declaraci\u00f3n y Alba a\u00f1ad\u00eda que tambi\u00e9n ten\u00eda \u201ccalor\u201d. Para seguir con la broma de que el programa hab\u00eda pasado a ser la versi\u00f3n &#8216;First dates&#8217;.\n    <\/p>\n<p class=\"article-text\">\n        Tras ello, la invitada habl\u00f3 de su papel favorito en su carrera: \u201cA Saray [de Vis a vis] le tengo un cari\u00f1o especial,<strong> fue la primera vez que me dieron un papel importante. <\/strong>Nos juntamos un mont\u00f3n de t\u00edas que no \u00e9ramos la primera opci\u00f3n de los castings y era una despedida de soltera continua\u201d, asegur\u00f3.\n    <\/p>\n<p class=\"article-text\">\n        Tambi\u00e9n asegur\u00f3 que <strong>no quiere dar el salto a Hollywood <\/strong>por el momento que est\u00e1 pasando el pa\u00eds: \u201c\u00bfHas visto c\u00f3mo est\u00e1 Estados Unidos? Si voy all\u00ed con mi color de piel, queer&#8230; todo mal\u201d, dijo entre risas.\n    <\/p>\n<p>    <a href=\"https:\/\/www.eldiario.es\/vertele\/noticias\/jorge-gonzalez-ganador-bailando-con-las-estrellas-telecinco-nerea-anabel_1_12808431.html\" data-mrf-recirculation=\"saber-mas-abajo\" data-dl-event=\"saber-mas-abajo\" rel=\"nofollow noopener\" target=\"_blank\"><\/p>\n<p class=\"know-more__title\">Jorge Gonz\u00e1lez gana &#8216;Bailando con las estrellas&#8217; en una final marcada por un sorprendente vuelco en las votaciones<\/p>\n<p>            <img decoding=\"async\" class=\"lazy\" loading=\"lazy\" data-src=\"https:\/\/static.eldiario.es\/clip\/5452e352-d22c-4c11-9d52-9b7fb576d1e7_16-9-aspect-ratio_default_0.jpg\" src=\"data:image\/svg+xml,%3Csvg xmlns=\" http:=\"\" viewbox=\"0 0 880 495\" alt=\"Jorge Gonz\u00e1lez gana 'Bailando con las estrellas' en una final marcada por un sorprendente vuelco en las votaciones\"\/><\/p>\n<p>                        <\/a><\/p>\n<p class=\"article-text\">\n        Despu\u00e9s de hablar de la saga de los Flores, de sus aficiones, y de \u201ccongelar\u201d en la nevera a \u201cquien ha tocado teta sin invitaci\u00f3n\u201d, Alba acab\u00f3 la entrevista preguntando a Henar si ya se hab\u00eda enamorado de ella. <strong>\u201cNo quiero que la gente sepa mis secretos\u201d <\/strong>brome\u00f3 la presentadora con una sonrisa.\n    <\/p>\n<p>                                    <script async src=\"https:\/\/platform.twitter.com\/widgets.js\" charset=\"utf-8\"><\/script><\/p>\n","protected":false},"excerpt":{"rendered":"La nueva entrega de Al cielo con ella cont\u00f3 con Alba Flores como primera invitada de la noche.&hellip;\n","protected":false},"author":2,"featured_media":264747,"comment_status":"","ping_status":"","sticky":false,"template":"","format":"standard","meta":{"footnotes":""},"categories":[174],"tags":[9623,4458,7572,255,6884,38784,52358,146,147,25,24,256,9646,48787,10890,23],"class_list":{"0":"post-264746","1":"post","2":"type-post","3":"status-publish","4":"format-standard","5":"has-post-thumbnail","7":"category-famosos","8":"tag-alba","9":"tag-alvarez","10":"tag-atraccion","11":"tag-celebrities","12":"tag-cielo","13":"tag-confeso","14":"tag-crush","15":"tag-entertainment","16":"tag-entretenimiento","17":"tag-es","18":"tag-espana","19":"tag-famosos","20":"tag-flores","21":"tag-henar","22":"tag-nerviosa","23":"tag-spain"},"share_on_mastodon":{"url":"https:\/\/pubeurope.com\/@es\/115642108686433900","error":""},"_links":{"self":[{"href":"https:\/\/www.europesays.com\/es\/wp-json\/wp\/v2\/posts\/264746","targetHints":{"allow":["GET"]}}],"collection":[{"href":"https:\/\/www.europesays.com\/es\/wp-json\/wp\/v2\/posts"}],"about":[{"href":"https:\/\/www.europesays.com\/es\/wp-json\/wp\/v2\/types\/post"}],"author":[{"embeddable":true,"href":"https:\/\/www.europesays.com\/es\/wp-json\/wp\/v2\/users\/2"}],"replies":[{"embeddable":true,"href":"https:\/\/www.europesays.com\/es\/wp-json\/wp\/v2\/comments?post=264746"}],"version-history":[{"count":0,"href":"https:\/\/www.europesays.com\/es\/wp-json\/wp\/v2\/posts\/264746\/revisions"}],"wp:featuredmedia":[{"embeddable":true,"href":"https:\/\/www.europesays.com\/es\/wp-json\/wp\/v2\/media\/264747"}],"wp:attachment":[{"href":"https:\/\/www.europesays.com\/es\/wp-json\/wp\/v2\/media?parent=264746"}],"wp:term":[{"taxonomy":"category","embeddable":true,"href":"https:\/\/www.europesays.com\/es\/wp-json\/wp\/v2\/categories?post=264746"},{"taxonomy":"post_tag","embeddable":true,"href":"https:\/\/www.europesays.com\/es\/wp-json\/wp\/v2\/tags?post=264746"}],"curies":[{"name":"wp","href":"https:\/\/api.w.org\/{rel}","templated":true}]}}