{"id":264750,"date":"2025-12-01T03:13:34","date_gmt":"2025-12-01T03:13:34","guid":{"rendered":"https:\/\/www.europesays.com\/es\/264750\/"},"modified":"2025-12-01T03:13:34","modified_gmt":"2025-12-01T03:13:34","slug":"2-3-moleiro-con-gol-en-el-ultimo-minuto-mantiene-al-villarreal-como-candidato-a-todo","status":"publish","type":"post","link":"https:\/\/www.europesays.com\/es\/264750\/","title":{"rendered":"2-3. Moleiro, con gol en el \u00faltimo minuto, mantiene al Villarreal como candidato a todo"},"content":{"rendered":"<p class=\"mb-4 text-lg md:leading-8 break-words\">San Sebasti\u00e1n, 30 nov (EFE).- Un gol de Alberto Moleiro, el segundo del jugador canario en el partido, dio la victoria en Anoeta al Villarreal (2-3), en el \u00faltimo minuto ante una Real Sociedad que muri\u00f3 en la orilla, tras haber logrado igualar una desventaja de dos tantos.<\/p>\n<p class=\"mb-4 text-lg md:leading-8 break-words\">Moleiro fue el gran protagonista, con dos goles desde el borde del \u00e1rea que acabaron con el atisbo de reacci\u00f3n de un conjunto donostiarra que, tras equilibrar el marcador con otros dos grandes goles por medio de Carlos Soler y, sobre todo, un golpe franco ejecutado por Ander Barrenetxea, lleg\u00f3 incluso a pensar en la victoria.<\/p>\n<p class=\"mb-4 text-lg md:leading-8 break-words\">Los primeros diez minutos de partido fueron de tanteo entre dos equipos que llegaban en buena forma. Ninguno de los dos quer\u00eda arriesgar en la salida de bal\u00f3n, y eso propici\u00f3 que el inicio del encuentro fuese algo calmado y sin ocasiones.<\/p>\n<p class=\"mb-4 text-lg md:leading-8 break-words\">La primera acci\u00f3n peligrosa fue para la Real en una buena recuperaci\u00f3n de Guedes en campo contrario, que termin\u00f3 con un remate de Kubo desde el interior del \u00e1rea taponado por Rafa Mar\u00edn (minuto 13). Al siguiente minuto el nip\u00f3n volvi\u00f3 a rematar, pero Luiz Junior tapon\u00f3 sin demasiados problemas.<\/p>\n<p class=\"mb-4 text-lg md:leading-8 break-words\">La Real estuvo mejor en el arranque con mayor posesi\u00f3n y sensaci\u00f3n de peligro. En el minuto 19, Comesa\u00f1a remat\u00f3 alto en una acci\u00f3n de estrategia en lo que fue el primer remate del cuadro groguet. Los locales siguieron apretando en campo contrario, algo que dificult\u00f3 la salida de bal\u00f3n de los de Marcelino con un par de recuperaciones peligrosas sin premio.<\/p>\n<p class=\"mb-4 text-lg md:leading-8 break-words\">En el minuto 31, Ayoze P\u00e9rez remat\u00f3 a bocajarro un buen centro de Pedraza para poner el 0-1 en el marcador. Buena acci\u00f3n trenzada de los castellonenses que culmin\u00f3 de maravilla el ex jugador del Betis. A los pocos minutos, Gerard Moreno tuvo el 0-2 tras un gran bal\u00f3n de Comesa\u00f1a, pero el capit\u00e1n lleg\u00f3 demasiado forzado y no pudo dirigir el remate entre los tres palos.<\/p>\n<p class=\"mb-4 text-lg md:leading-8 break-words\">En el descuento de la primera mitad, Aritz Elustondo tuvo el empate con un testarazo a la salida de una falta, pero Luiz J\u00fanior, con una buena estirada, mand\u00f3 el bal\u00f3n a c\u00f3rner. Moleiro tambi\u00e9n pudo marcar justo antes del descanso, pero Remito lo evit\u00f3.<\/p>\n<p class=\"mb-4 text-lg md:leading-8 break-words\">Ya en el segundo acto, la primera ocasi\u00f3n fue para el Villarreal en el minuto 54. Pedraza, con un centrochut, estuvo apunto de sorprender a Remiro, pero el de Cascante logr\u00f3 enviar el bal\u00f3n a c\u00f3rner. En la siguiente jugada, el Villarreal castig\u00f3 un resbal\u00f3n de Soler con un golazo de Moleiro desde la frontal del \u00e1rea (minuto 56).<\/p>\n<p class=\"mb-4 text-lg md:leading-8 break-words\">Parec\u00eda la sentencia, pero la Real reaccion\u00f3 r\u00e1pido. El propio Soler recort\u00f3 diferencias con otro gran golpeo desde fuera del \u00e1rea (minuto 60), y el partido volvi\u00f3 a estar en un pu\u00f1o. Guedes pudo empatar con otro disparo lejano, pero esta vez el guardameta visitante estuvo acertado.<\/p>\n<p><img alt=\"\" loading=\"lazy\" width=\"960\" height=\"640\" decoding=\"async\" data-nimg=\"1\" class=\"rounded-lg\" style=\"color:transparent\" src=\"https:\/\/www.europesays.com\/es\/wp-content\/uploads\/2025\/12\/85b52cead39970f13f05b7298e6169ca.jpeg\"\/><\/p>\n<p class=\"mb-4 text-lg md:leading-8 break-words\">La Real busc\u00f3 la igualada con varias acciones de ataque, pero no estuvo fino en la decisi\u00f3n final. Para ello, Sergio Francisco hizo debutar al joven ariete Gorka Carrera, m\u00e1ximo goleador del filial en Segunda Divisi\u00f3n.<\/p>\n<p class=\"mb-4 text-lg md:leading-8 break-words\">Los donostiarras lo siguieron intentando con un par de disparos sin acierto de Brais M\u00e9ndez y Guedes, pero a la contra el Villarreal pudo sentenciar con dos disparos de Mikautadze y Akhomach.<\/p>\n<p class=\"mb-4 text-lg md:leading-8 break-words\">En el minuto 86, Barrenetxea igual\u00f3 la contienda con un golazo de falta. El extremo, que ya marc\u00f3 desde el centro del campo ante Osasuna, puso el 2-2 cuando parec\u00eda que se le acababa el tiempo a la Real. Goti, en la siguiente jugada, pudo culminar la remontada, pero su remate se march\u00f3 muy cerca del palo zurdo de la porter\u00eda de J\u00fanior.<\/p>\n<p class=\"mb-4 text-lg md:leading-8 break-words\">En el 94, en una transici\u00f3n ofensiva, Oluwaseyi estuvo a punto de marcar el 2-3, pero Turrientes sac\u00f3 el bal\u00f3n de debajo de los palos. En la siguiente acci\u00f3n, Moleiro remat\u00f3 tras un rechace de un c\u00f3rner para poner el definitivo 2-3 con un golazo.<\/p>\n<p class=\"mb-4 text-lg md:leading-8 break-words\">&#8211; Ficha t\u00e9cnica:<\/p>\n<p class=\"mb-4 text-lg md:leading-8 break-words\">2 &#8211; Real Sociedad: Remiro; Aramburu, Aritz Elustondo, Jon Mart\u00edn, Sergio G\u00f3mez; Gorrotxategi, Brais M\u00e9ndez (Goti, m.84), Soler (Zakharyan, m.76); Guedes (Carrera, m.76), Kubo (Turrientes, m.84) y Sadiq (Barrenetxea, m.55).<\/p>\n<p class=\"mb-4 text-lg md:leading-8 break-words\">3 &#8211; Villarreal: Luiz J\u00fanior, Mourinho, Foyth, Rafa Mar\u00edn, Pedraza (Cardona, m.77); Comesa\u00f1a, Gueye (Parejo, m.67), Buchanan (Ilias Akhomach, m.77), Moleiro; Gerard Moreno (Mikautadze, m.67) y Ayoze (Oluwaseyi, m.85).<\/p>\n<p class=\"mb-4 text-lg md:leading-8 break-words\">Goles: 0-1, m.31: Ayoze; 0-2, m.56: Moleiro; 1-2, m.60: Soler; 2-2, m.86: Barrenetxea. 2-3, m.95+: Moleiro.<\/p>\n<p class=\"mb-4 text-lg md:leading-8 break-words\">\u00c1rbitro: C\u00e9sar Soto Grado (Comit\u00e9 riojano). Amonest\u00f3 a Sadiq (42), Jon Mart\u00edn (68) y Barrenetxea (70) por la Real Sociedad; y a Gueye (20), Ayoze P\u00e9rez (45+2), Moleiro (49), Pedraza (66), Mourinho (72), Luiz J\u00fanior (73) y Foyth (90) por el Villarreal.<\/p>\n<p><img alt=\"\" loading=\"lazy\" width=\"960\" height=\"640\" decoding=\"async\" data-nimg=\"1\" class=\"rounded-lg\" style=\"color:transparent\" src=\"https:\/\/www.europesays.com\/es\/wp-content\/uploads\/2025\/12\/edf400ffd17edcd6850bd6c83e481001.jpeg\"\/><\/p>\n<p class=\"mb-4 text-lg md:leading-8 break-words\">Incidencias: encuentro correspondiente a la 14\u00aa jornada de LaLiga EA Sports disputado en Anoeta ante 30.142 espectadores. Antes del pitido oficial, se llevaron a cabo acciones relacionadas con el homenaje a Gipuzkoa con motivo de los mil a\u00f1os que se han cumplido desde que se localiz\u00f3 en Altzo el manuscrito con la primera menci\u00f3n a la tierra, Ipuskoa.<\/p>\n<p class=\"mb-4 text-lg md:leading-8 break-words\">(c) Agencia EFE<\/p>\n","protected":false},"excerpt":{"rendered":"San Sebasti\u00e1n, 30 nov (EFE).- Un gol de Alberto Moleiro, el segundo del jugador canario en el partido,&hellip;\n","protected":false},"author":2,"featured_media":264751,"comment_status":"","ping_status":"","sticky":false,"template":"","format":"standard","meta":{"footnotes":""},"categories":[93],"tags":[27903,57537,37661,65688,291,17116,30890,168,25,24,65694,22501,57562,13878,31933,65689,10081,65687,65695,59657,65693,621,46528,12138,7209,65692,65690,23,167,65691,10560],"class_list":{"0":"post-264750","1":"post","2":"type-post","3":"status-publish","4":"format-standard","5":"has-post-thumbnail","7":"category-deportes","8":"tag-ander-barrenetxea","9":"tag-aramburu","10":"tag-aritz-elustondo","11":"tag-ayoze-perez","12":"tag-betis","13":"tag-carlos-soler","14":"tag-cascante","15":"tag-deportes","16":"tag-es","17":"tag-espana","18":"tag-foyth","19":"tag-gerard-moreno","20":"tag-gorrotxategi","21":"tag-guedes","22":"tag-gueye","23":"tag-ilias-akhomach","24":"tag-kubo","25":"tag-luiz-junior","26":"tag-mikautadze","27":"tag-moleiro","28":"tag-oluwaseyi","29":"tag-osasuna","30":"tag-parejo","31":"tag-pedraza","32":"tag-real-sociedad","33":"tag-remiro","34":"tag-sergio-gomez","35":"tag-spain","36":"tag-sports","37":"tag-turrientes","38":"tag-villarreal"},"share_on_mastodon":{"url":"https:\/\/pubeurope.com\/@es\/115642133096077731","error":""},"_links":{"self":[{"href":"https:\/\/www.europesays.com\/es\/wp-json\/wp\/v2\/posts\/264750","targetHints":{"allow":["GET"]}}],"collection":[{"href":"https:\/\/www.europesays.com\/es\/wp-json\/wp\/v2\/posts"}],"about":[{"href":"https:\/\/www.europesays.com\/es\/wp-json\/wp\/v2\/types\/post"}],"author":[{"embeddable":true,"href":"https:\/\/www.europesays.com\/es\/wp-json\/wp\/v2\/users\/2"}],"replies":[{"embeddable":true,"href":"https:\/\/www.europesays.com\/es\/wp-json\/wp\/v2\/comments?post=264750"}],"version-history":[{"count":0,"href":"https:\/\/www.europesays.com\/es\/wp-json\/wp\/v2\/posts\/264750\/revisions"}],"wp:featuredmedia":[{"embeddable":true,"href":"https:\/\/www.europesays.com\/es\/wp-json\/wp\/v2\/media\/264751"}],"wp:attachment":[{"href":"https:\/\/www.europesays.com\/es\/wp-json\/wp\/v2\/media?parent=264750"}],"wp:term":[{"taxonomy":"category","embeddable":true,"href":"https:\/\/www.europesays.com\/es\/wp-json\/wp\/v2\/categories?post=264750"},{"taxonomy":"post_tag","embeddable":true,"href":"https:\/\/www.europesays.com\/es\/wp-json\/wp\/v2\/tags?post=264750"}],"curies":[{"name":"wp","href":"https:\/\/api.w.org\/{rel}","templated":true}]}}