{"id":264761,"date":"2025-12-01T03:21:10","date_gmt":"2025-12-01T03:21:10","guid":{"rendered":"https:\/\/www.europesays.com\/es\/264761\/"},"modified":"2025-12-01T03:21:10","modified_gmt":"2025-12-01T03:21:10","slug":"el-tercer-partido-en-las-presidenciales-en-chile-no-apoyara-a-ningun-candidato","status":"publish","type":"post","link":"https:\/\/www.europesays.com\/es\/264761\/","title":{"rendered":"El tercer partido en las presidenciales en Chile no apoyar\u00e1 a ning\u00fan candidato"},"content":{"rendered":"<p>El <strong>Partido de la Gente<\/strong> (PDG), la formaci\u00f3n pol\u00edtica que lidera el populista <strong>Franco Parisi<\/strong>, ha comunicado este domingo que van a animar a votar nulo o en blanco en la segunda vuelta de <strong>las elecciones presidencias de Chile<\/strong>. El 14 de diciembre, el pa\u00eds elige entre la izquierdista <strong>Jeannette Jara<\/strong> y el ultraderechista <strong>Jos\u00e9 Antonio Kast<\/strong>.<\/p>\n<p>En una consulta online celebrada este domingo, el <strong>78% de los militantes<\/strong> opt\u00f3 por esa opci\u00f3n electoral, frente al 20% que se inclin\u00f3 por dar apoyo a Kast y, el 2%, a Jara.<\/p>\n<p>\u00abEste resultado refleja el <strong>descontento<\/strong> leg\u00edtimo de nuestras bases con las alternativas\u00bb, dijo en un comunicado el partido de Parisi. El PDG dio la sorpresa en la primera vuelta presidencial y su l\u00edder se convirti\u00f3 en el<strong> tercer candidato<\/strong> m\u00e1s votado. El economista, de 58 a\u00f1os, volvi\u00f3 a desafiar a las encuestas y consigui\u00f3 el <strong>mismo puesto que en 2021<\/strong>. <\/p>\n<p><strong>Jara hab\u00eda pedido su apoyo<\/strong> p\u00fablicamente para contener a la ultraderecha.<\/p>\n<p>La candidata de la coalici\u00f3n de izquierda qued\u00f3 en cabeza en la primera vuelta de las elecciones, con un <strong>26,9% <\/strong>de los sufragios. Pero el ultraconservador Jos\u00e9 Antonio <strong>Kast <\/strong>fue segundo, con casi un <strong>24% <\/strong>de los votos. <\/p>\n<p>Por detr\u00e1s, otras propuestas: <strong>Kaiser, <\/strong>en cuarto lugar y <strong>Matthei,<\/strong> en el quinto; seguidos por el periodista y expresidente de la Asociaci\u00f3n Nacional de F\u00fatbol<strong> Harold Mayne-Nicholls<\/strong>, con el <strong>1,26%; <\/strong>el exdiputado socialista y ahora independiente <strong>Marco Enr\u00edquez-Ominami<\/strong>, con el <strong>1,20%<\/strong>; y el dirigente de izquierda radical <strong>Eduardo Art\u00e9s<\/strong>, \u00faltimo con el <strong>0,66 %<\/strong> de los apoyos.<\/p>\n<p>\u00abNi fachos, ni comunacho\u00bb<\/p>\n<p>Los grandes apoyos del PDG est\u00e1n en las provincias mineras del norte, las m\u00e1s afectadas por la delincuencia. Tambi\u00e9n son las zonas donde hay m\u00e1s inmigraci\u00f3n irregular. La mayor\u00eda de los 2,5 millones de personas que les votaron est\u00e1n disconformes con la pol\u00edtica y el Gobierno que lidera el izquierdista Gabriel <strong>Boric. <\/strong>Y son, principalmente,<strong> hombres menores de 45 a\u00f1os<\/strong> de clase media, seg\u00fan las encuestas.<\/p>\n<p>Con el lema<strong> \u00abNi facho, ni comunacho\u00bb<\/strong>, <strong>Parisi <\/strong>propuso en campa\u00f1a medidas tan dispares como la <strong>eliminaci\u00f3n del IVA<\/strong> de los medicamentos o la celebraci\u00f3n de un masivo \u00abtuning\u00bb (coches modificados) si ganaba la presidencia.<\/p>\n<p>En la cita de <strong>2021<\/strong>, en v\u00edsperas de la segunda vuelta entre <strong>Boric y Kast<\/strong>, pidi\u00f3 el voto por el <strong>ultraderechista<\/strong>, pero esta vez ha explicado que \u00ab<strong>no firmar\u00e1 cheques en blanco<\/strong> a nadie\u00bb.<\/p>\n<p>El Partido de la Gente (PDG) s\u00ed que ser\u00e1 clave en el Congreso, donde obtuvo <strong>14 de 155 esca\u00f1os<\/strong>. La derecha y la ultraderecha se quedaron a dos diputados de la mayor\u00eda.<\/p>\n<p>La incertidumbre del 14 de diciembre<\/p>\n<p>Desde 2006, <strong>ning\u00fan mandatario <\/strong>chileno le ha entregado la banda presidencial a un sucesor del <strong>mismo signo pol\u00edtico<\/strong>. Y, aunque todo apunta a que los que se decantaron por candidatos de derechas en noviembre podr\u00edan volver a hacerlo el pr\u00f3ximo 14 de diciembre, el trasvase de votos entre la primera y la segunda vuelta no es totalmente directo.<\/p>\n<p><strong>Kast<\/strong>, favorito en las encuestas, y l\u00edder del Partido Republicano, participa con frecuencia en foros internacionales de derecha, como la <a href=\"https:\/\/www.rtve.es\/noticias\/20250221\/lideres-ultraderecha-europea-celebran-poder-trump-convencion-estados-unidos\/16459714.shtml\" rel=\"nofollow noopener\" target=\"_blank\">Conferencia de Acci\u00f3n Pol\u00edtica Conservadora<\/a> (CPAC, por sus siglas en ingl\u00e9s), y mantiene reuniones con dirigentes como la italiana Georgia <strong>Meloni <\/strong>y el argentino Javier <strong>Milei<\/strong>. Se ha convertido en el l\u00edder chileno de la extrema derecha, superando a la derecha tradicional.<\/p>\n<p>Todos los sondeos coinciden en dar como claro ganador a Kast, que ya cuenta tambi\u00e9n con el apoyo del ultraderechista libertario Johannes <strong>Kaiser <\/strong>y de la exalcaldesa Evelyn <strong>Matthei<\/strong>, representante de la derecha tradicional. <strong>Los tres suman m\u00e1s del 50%. <\/strong>Aunque, en cuanto a las encuestas, la ley chilena impone una \u00abveda\u00bb que impide publicar pron\u00f3sticos desde dos semanas antes de la votaci\u00f3n.<\/p>\n<p><strong>Jara<\/strong>, <strong>exministra del Trabajo <\/strong>de Boric, representa a la coalici\u00f3n progresista m\u00e1s amplia de la historia chilena. Aglutina desde la Democracia Cristiana hasta el Partido Comunista, donde ella misma milita desde la adolescencia.<\/p>\n<p>Tras una primera vuelta en la que ninguno de los candidatos logr\u00f3 m\u00e1s del 50% de los votos para hacerse con la presidencia, <strong>la segunda vuelta o balotaje solo requiere que uno de los dos candidatos alcance la mayor\u00eda simple<\/strong>. <\/p>\n<p>Salvo excepciones, la ley electoral vigente desde 2022 establece el <strong>voto obligatorio <\/strong>en ambas vueltas para todos los votantes habilitados con domicilio electoral en Chile. La participaci\u00f3n en la primera vuelta fue del 85,4%. <\/p>\n","protected":false},"excerpt":{"rendered":"El Partido de la Gente (PDG), la formaci\u00f3n pol\u00edtica que lidera el populista Franco Parisi, ha comunicado este&hellip;\n","protected":false},"author":2,"featured_media":264762,"comment_status":"","ping_status":"","sticky":false,"template":"","format":"standard","meta":{"footnotes":""},"categories":[5],"tags":[17,18,25,24,13,14,11,19,20,9,10,15,16,23,12,21,22],"class_list":{"0":"post-264761","1":"post","2":"type-post","3":"status-publish","4":"format-standard","5":"has-post-thumbnail","7":"category-titulares","8":"tag-breaking-news","9":"tag-breakingnews","10":"tag-es","11":"tag-espana","12":"tag-featured-news","13":"tag-featurednews","14":"tag-headlines","15":"tag-latest-news","16":"tag-latestnews","17":"tag-news","18":"tag-noticias","19":"tag-noticias-destacadas","20":"tag-noticiasdestacadas","21":"tag-spain","22":"tag-titulares","23":"tag-ultimas-noticias","24":"tag-ultimasnoticias"},"share_on_mastodon":{"url":"https:\/\/pubeurope.com\/@es\/115642163725492161","error":""},"_links":{"self":[{"href":"https:\/\/www.europesays.com\/es\/wp-json\/wp\/v2\/posts\/264761","targetHints":{"allow":["GET"]}}],"collection":[{"href":"https:\/\/www.europesays.com\/es\/wp-json\/wp\/v2\/posts"}],"about":[{"href":"https:\/\/www.europesays.com\/es\/wp-json\/wp\/v2\/types\/post"}],"author":[{"embeddable":true,"href":"https:\/\/www.europesays.com\/es\/wp-json\/wp\/v2\/users\/2"}],"replies":[{"embeddable":true,"href":"https:\/\/www.europesays.com\/es\/wp-json\/wp\/v2\/comments?post=264761"}],"version-history":[{"count":0,"href":"https:\/\/www.europesays.com\/es\/wp-json\/wp\/v2\/posts\/264761\/revisions"}],"wp:featuredmedia":[{"embeddable":true,"href":"https:\/\/www.europesays.com\/es\/wp-json\/wp\/v2\/media\/264762"}],"wp:attachment":[{"href":"https:\/\/www.europesays.com\/es\/wp-json\/wp\/v2\/media?parent=264761"}],"wp:term":[{"taxonomy":"category","embeddable":true,"href":"https:\/\/www.europesays.com\/es\/wp-json\/wp\/v2\/categories?post=264761"},{"taxonomy":"post_tag","embeddable":true,"href":"https:\/\/www.europesays.com\/es\/wp-json\/wp\/v2\/tags?post=264761"}],"curies":[{"name":"wp","href":"https:\/\/api.w.org\/{rel}","templated":true}]}}