{"id":264771,"date":"2025-12-01T03:37:26","date_gmt":"2025-12-01T03:37:26","guid":{"rendered":"https:\/\/www.europesays.com\/es\/264771\/"},"modified":"2025-12-01T03:37:26","modified_gmt":"2025-12-01T03:37:26","slug":"errores-groseros-real-valladolid-cf","status":"publish","type":"post","link":"https:\/\/www.europesays.com\/es\/264771\/","title":{"rendered":"Errores groseros | Real Valladolid CF"},"content":{"rendered":"<p class=\"MsoNormal\">El <strong>Real Valladolid Promesas <\/strong>cay\u00f3 por 0-3 ante el <strong><a href=\"https:\/\/www.realvalladolid.es\/noticias\/cronica-j13-real-valladolid-promesas-coruxo-25-26\" target=\"_blank\" rel=\"noopener nofollow\">Coruxo FC<\/a><\/strong> en los Anexos y contin\u00faa sin encontrar las buenas sensaciones. Y es que el filial blanquivioleta <strong>volvi\u00f3 a pagar los fallos en acciones puntuales<\/strong>. \u201c<strong>Podr\u00eda decir lo mismo que en los anteriores porque el guion est\u00e1 siendo exactamente lo mismo<\/strong>. Hacer llegar a la gente lo que trabajamos en el d\u00eda a d\u00eda y luego lo que se traduce en el campo, con <strong>errores tan groseros que nos cuestan partidos continuamente<\/strong>\u201d, analiz\u00f3 <strong>Javi Baraja <\/strong>tras el encuentro.<\/p>\n<p class=\"MsoNormal\">\u201c<strong>Es evidente que los errores individuales nos est\u00e1n lastrando y despu\u00e9s es muy dif\u00edcil levantar esa mentalidad<\/strong>, ese car\u00e1cter que quiz\u00e1 s\u00ed que tenemos, pero nos est\u00e1 costando mucho encontrarlo ahora, despu\u00e9s de llevarnos un golpe\u201d, continu\u00f3 el t\u00e9cnico vallisoletano. Afirm\u00f3 tambi\u00e9n que es muy dif\u00edcil que sus jugadores tengan \u201cla capacidad de levantarse de una tras otra\u201d y que <strong>es necesario minimizar esos errores<\/strong>.<\/p>\n<p class=\"MsoNormal\">Baraja asever\u00f3 que \u201cla \u00fanica manera\u201d de corregir los fallos es convencer a los futbolistas de que tienen \u201c<strong>capacidad para superar esas circunstancias<\/strong>\u201d y de mejorar como bloque. \u201c<strong>Jodido porque al final volvemos a encajar en las mismas circunstancias, pero creo que el equipo tiene capacidad para levantarse<\/strong>. El otro d\u00eda tuvimos esa posibilidad contra el Marino, pero hoy en ning\u00fan momento hemos demostrado que quer\u00edamos ir a por el partido, esa es la diferencia\u201d, prosigui\u00f3.<\/p>\n<p class=\"MsoNormal\"><strong>M\u00e1xima exigencia<br \/><\/strong>Preguntado por c\u00f3mo subsanar\u00e1n esos errores, el entrenador coment\u00f3 que deben ser \u201c<strong>conscientes de que esos errores no se pueden permitir en f\u00fatbol profesional<\/strong>\u201d y deben seguir trabajando. \u201cEsto ya no es juveniles, no es cadetes. <strong>Hay una exigencia m\u00e1xima<\/strong> que yo mismo me tengo que poner para poder rendir al m\u00e1ximo nivel exigido\u201d, coment\u00f3 el entrenador.<\/p>\n<p class=\"MsoNormal\">\u201c<strong>Me da igual si el rival es de arriba, si es de abajo, si es un filial o no<\/strong>. Entiendo que puede ser una circunstancia importante, pero para m\u00ed ahora <strong>lo m\u00e1s importante es que ma\u00f1ana limpiemos la cabeza y pensemos solo en lo que podemos dar nosotros<\/strong>\u201d, continu\u00f3. Para terminar su comparecencia, Baraja habl\u00f3 de que <strong>Hugo San<\/strong> tuvo \u201c<strong>una molestia en el abdomen durante esta semana<\/strong>\u201d.<\/p>\n<p class=\"MsoNormal\"><strong><a href=\"https:\/\/audios.realvalladolid.es\/20251130Baraja.mp3\" target=\"_blank\" rel=\"noopener nofollow\">AUDIO DE JAVI BARAJA<\/a><\/strong><img loading=\"lazy\" decoding=\"async\" src=\"https:\/\/www.europesays.com\/es\/wp-content\/uploads\/2025\/09\/727204.png\" alt=\"Nota musical - Iconos gratis de m\u00fasica\" width=\"18\" height=\"18\"\/><\/p>\n","protected":false},"excerpt":{"rendered":"El Real Valladolid Promesas cay\u00f3 por 0-3 ante el Coruxo FC en los Anexos y contin\u00faa sin encontrar&hellip;\n","protected":false},"author":2,"featured_media":264772,"comment_status":"","ping_status":"","sticky":false,"template":"","format":"standard","meta":{"footnotes":""},"categories":[93],"tags":[168,25,24,23,167],"class_list":{"0":"post-264771","1":"post","2":"type-post","3":"status-publish","4":"format-standard","5":"has-post-thumbnail","7":"category-deportes","8":"tag-deportes","9":"tag-es","10":"tag-espana","11":"tag-spain","12":"tag-sports"},"share_on_mastodon":{"url":"https:\/\/pubeurope.com\/@es\/115642227268665883","error":""},"_links":{"self":[{"href":"https:\/\/www.europesays.com\/es\/wp-json\/wp\/v2\/posts\/264771","targetHints":{"allow":["GET"]}}],"collection":[{"href":"https:\/\/www.europesays.com\/es\/wp-json\/wp\/v2\/posts"}],"about":[{"href":"https:\/\/www.europesays.com\/es\/wp-json\/wp\/v2\/types\/post"}],"author":[{"embeddable":true,"href":"https:\/\/www.europesays.com\/es\/wp-json\/wp\/v2\/users\/2"}],"replies":[{"embeddable":true,"href":"https:\/\/www.europesays.com\/es\/wp-json\/wp\/v2\/comments?post=264771"}],"version-history":[{"count":0,"href":"https:\/\/www.europesays.com\/es\/wp-json\/wp\/v2\/posts\/264771\/revisions"}],"wp:featuredmedia":[{"embeddable":true,"href":"https:\/\/www.europesays.com\/es\/wp-json\/wp\/v2\/media\/264772"}],"wp:attachment":[{"href":"https:\/\/www.europesays.com\/es\/wp-json\/wp\/v2\/media?parent=264771"}],"wp:term":[{"taxonomy":"category","embeddable":true,"href":"https:\/\/www.europesays.com\/es\/wp-json\/wp\/v2\/categories?post=264771"},{"taxonomy":"post_tag","embeddable":true,"href":"https:\/\/www.europesays.com\/es\/wp-json\/wp\/v2\/tags?post=264771"}],"curies":[{"name":"wp","href":"https:\/\/api.w.org\/{rel}","templated":true}]}}