{"id":264781,"date":"2025-12-01T03:43:12","date_gmt":"2025-12-01T03:43:12","guid":{"rendered":"https:\/\/www.europesays.com\/es\/264781\/"},"modified":"2025-12-01T03:43:12","modified_gmt":"2025-12-01T03:43:12","slug":"un-exmilitar-chavista-revela-las-relaciones-entre-eta-y-las-farc","status":"publish","type":"post","link":"https:\/\/www.europesays.com\/es\/264781\/","title":{"rendered":"Un exmilitar chavista revela las relaciones entre ETA y las FARC"},"content":{"rendered":"<p style=\"\">El militar venezolano Milton Gerardo Revilla, retirado forzosamente del <strong>Ej\u00e9rcito chavista<\/strong>, seg\u00fan denuncia, por haber participado en una investigaci\u00f3n interna sobre las<a href=\"https:\/\/www.abc.es\/espana\/pais-vasco\/ayuntamiento-pamplona-subvenciona-igual-asociaciones-proetarras-victimas-20251115040906-nt.html\" target=\"_self\" data-voc-vtm-id=\"in-text-traffic\" title=\" vinculaciones entre miembros de ETA\" data-mrf-link=\"www.abc.es\" rel=\"nofollow noopener\"> vinculaciones entre miembros de ETA<\/a> y las Fuerzas Armadas Revolucionarias de Colombia (FARC) para la formaci\u00f3n en t\u00e9cnicas de guerrilla, est\u00e1  &#8230; dispuesto a desvelar toda la informaci\u00f3n que conoce al respecto y en los pr\u00f3ximos d\u00edas visitar\u00e1 Espa\u00f1a, entre el 3 y el 11 de diciembre.<\/p>\n<p class=\"voc-p\" style=\"\">De la mano de la asociaci\u00f3n de v\u00edctimas del terrorismo <a href=\"https:\/\/www.abc.es\/espana\/dignidad-justicia-pide-josu-ternera-declare-jefe-20250402200447-nt.html\" target=\"_self\" data-voc-vtm-id=\"in-text-traffic\" title=\"Dignidad y Justicia (DyJ), presidida por Daniel Portero\" data-mrf-link=\"www.abc.es\" rel=\"nofollow noopener\">Dignidad y Justicia (DyJ), presidida por Daniel Portero<\/a>, el exmiembro de las fuerzas especiales venezolanas trata de reabrir la causa de la Audiencia Nacional en la que se investig\u00f3 la vinculaci\u00f3n entre la banda terrorista y el grupo guerrillero a partir del a\u00f1o 2000, a\u00f1o en que ETA <strong>mat\u00f3 a 23 personas<\/strong>, el mayor n\u00famero de asesinatos desde 1992.<\/p>\n<p class=\"voc-p\" style=\"\">En marzo del a\u00f1o pasado, Milton Gerardo Revilla present\u00f3 un documento ante el Juzgado Central de Instrucci\u00f3n 6 en el que se ofrec\u00eda a contar lo que sabe. \u00ab<strong>La Fiscal\u00eda se ha opuesto a reabrir la causa<\/strong> y el juez sigue su criterio. Milton es la prueba viviente de que los etarras ense\u00f1aron a las FARC el manejo de bombas lapa\u00bb, trasladan desde Dignidad y Justicia a ABC, porque -seg\u00fan el citado documento- el militar fue apartado de sus funciones tras denunciar los hechos por orden de Hugo Carvajal Barrios, exjefe de la Inteligencia chavista entregado por Espa\u00f1a a Estados Unidos, donde est\u00e1 acusado de narcotr\u00e1fico y tr\u00e1fico de armas.<\/p>\n<p class=\"voc-p\" style=\"\">\u00abEntre los meses de octubre y noviembre de 2000 registr\u00e9 el paso de los ciudadanos<strong> Jos\u00e9 Arturo Cubillas Font\u00e1n e I\u00f1aki de Juana Chaos<\/strong> por el puesto fronterizo, acompa\u00f1ados por el comisario Luis Castillo de la direcci\u00f3n general contra la Inteligencia militar de Venezuela (DGCIM) y los ciudadanos Nelson Pinilla Daza y Aldemar Pinilla Daza (miembros de las FARC) en direcci\u00f3n al campamento que el Frente 33 de esta agrupaci\u00f3n narcoterrorista ten\u00eda en el sector del Catatumbo Colombo Venezolano\u00bb, relat\u00f3 Milton Revilla en el documento entregado el 10 de marzo de 2022.<\/p>\n<p class=\"voc-title\">Revilla investig\u00f3 las entradas de etarras junto a miembros de la guerrilla bolivariana en Venezuela en la d\u00e9cada de los 2000<\/p>\n<p class=\"voc-p\" style=\"\">\u00abLabores de Inteligencia realizadas por mi persona con la colaboraci\u00f3n de la Guardia Nacional de Venezuela determinaron que los ciudadanos antes mencionados <strong>participaban en intercambios de instrucci\u00f3n<\/strong>, entrenando a miembros de la guerrilla colombiana en la elaboraci\u00f3n y uso de explosivos y operaciones terroristas urbanas; posteriormente, en el a\u00f1o 2002, se sum\u00f3 un miembro de la organizaci\u00f3n Hizbol\u00e1\u00bb, continuaba. <\/p>\n<p class=\"voc-p\" style=\"\">El etarra Arturo Cubillas trabaj\u00f3 para el Gobierno de Hugo Ch\u00e1vez desde 2005 y Venezuela tambi\u00e9n ha dado protecci\u00f3n durante d\u00e9cadas a De Juana Chaos, <strong>a quien Espa\u00f1a reclam\u00f3 extraditar en 2015<\/strong>, sin \u00e9xito puesto que no se encontraba en ninguna c\u00e1rcel del pa\u00eds latinoamericano.<\/p>\n<p class=\"voc-p\" style=\"\">Seg\u00fan Milton Revilla, ese seguimiento de Inteligencia militar que realiz\u00f3 ayud\u00f3 a determinar que \u00ablos miembros de estos grupos terroristas en la frontera colombo-venezolana estaban siendo beneficiados con identificaciones<strong> oficiales de Venezuela<\/strong> para evitar el control de las autoridades chavistas contrarias a estas pr\u00e1cticas y cubrir sus identidades incluso de las autoridades de Colombia\u00bb.<\/p>\n<p class=\"voc-p\" style=\"\">\u00c9l puso en conocimiento de las autoridades venezolanas estos hechos desde el a\u00f1o 2002. <strong>Se dirigi\u00f3 al Ministerio del Interior<\/strong>, a Defensa, incluso a la Presidencia de la Rep\u00fablica. \u00abSin embargo, los registros operacionales fueron puestos a resguardo de la DGCIM por solicitud de estas y la relaci\u00f3n que exist\u00eda entre miembros de la Fuerza Armada de Venezuela, el Secretariado de las FARC y el Gobierno de Venezuela\u00bb, relata.<\/p>\n<p><img decoding=\"async\" loading=\"lazy\" src=\"https:\/\/www.europesays.com\/es\/wp-content\/uploads\/2025\/12\/WhatsApp Image 2025-11-29 at 14.07.07-U22743022276bod-760x427@diario_abc.jpeg\" class=\"voc-img\" width=\"760\" height=\"427\" alt=\"Milton Gerardo Revilla Soto, en otra imagen antigua y cedida\" data-voc-vtm-id=\"in-text-traffic\"\/><\/p>\n<p>Milton Gerardo Revilla Soto, en otra imagen antigua y cedida<\/p>\n<p>abc<\/p>\n<p class=\"voc-p\" style=\"\">El exmilitar asegur\u00f3 ante la Audiencia Nacional, en el documento consultado por ABC, que la investigaci\u00f3n realizada por miembros de Inteligencia de la Guardia Nacional de Venezuela \u00abarrojaron como resultado que<strong> algunos miembros de ETA en Venezuela<\/strong>, entre los cuales se mencionan Jos\u00e9 Arturo Cubillas Font\u00e1n, Goizeder Odraizola, Azier Guridi Zalo\u00f1a, Ignacio Echeverria Landazabal e I\u00f1aki de Juana Chaos, se encuentran trabajando en forma directa con el ciudadano El\u00edas Jaua Milano, Ministerio del Despacho de la Secretar\u00eda de la Presidencia, con estatus de &#8216;agente especial&#8217;, lo que los exime de cualquier acci\u00f3n policial, administrativa o judicial en su contra&#8217; y que &#8216;constantemente realizan viajes de intercambio pol\u00edtico, de Inteligencia y militar en la Rep\u00fablica de Cuba&#8217;\u00bb, en referencia a los primeros a\u00f1os de los 2000, con Hugo Ch\u00e1vez al frente del r\u00e9gimen bolivariano.<\/p>\n<p>\n\u00abRetiro forzado\u00bb\n<\/p>\n<p class=\"voc-p\" style=\"\">Los trabajos realizados por el militar conllevaron su \u00abretiro forzado\u00bb, seg\u00fan relata \u00e9l mismo, de la Fuerza Armada Revolucionaria de Venezuela, por orden de \u00ablos generales Ra\u00fal Isa\u00edas Baduel y Jorge Luis Garc\u00eda Carneiro a petici\u00f3n del general Hugo Carvajal,<strong> coordinador de las actividades<\/strong> de tales operaciones del narcotr\u00e1fico y el terrorismo en Venezuela para desestabilizar al Gobierno de Colombia\u00bb, en esos a\u00f1os primero gobernada por Andr\u00e9s Pastrana y, posteriormente, por \u00c1lvaro Uribe.<\/p>\n<p class=\"voc-title\">El militar denuncia que fue procesado y torturado por el jefe de la Inteligencia chavista, Hurgo Carvajal, para evitar que hablara<\/p>\n<p class=\"voc-p\" style=\"\">Revilla tuvo en 2011 la condici\u00f3n de testigo protegido en el sumario 75\/09 de la Audiencia Nacional sobre la relaci\u00f3n entre ETA y las FARC y por eso insiste en reabrirla, asegurando tener pruebas de dichas vinculaciones y de que \u00abmiembros de la Direcci\u00f3n General contra la Inteligencia Militar (DGCIM), <strong>bajo el mando de Hugo Carvajal, a petici\u00f3n de ETA y las FARC<\/strong>, obraron para mi detenci\u00f3n arbitraria, procesamiento judicial fraudulento y torturas a efectos de desacreditarme como testigo ante esta instancia\u00bb. Ahora est\u00e1 fuera de Venezuela y reside en Estados Unidos. <\/p>\n<p>\nAnte la corte de DDHH\n<\/p>\n<p class=\"voc-p\" style=\"\">En julio de 2011, con dicha condici\u00f3n de testigo protegido, Revilla se present\u00f3 en la embajada de Espa\u00f1a en Caracas \u00aba fin de obtener el apoyo del embajador y lograr,<strong> mediante rogatoria diplom\u00e1tica<\/strong>, mi comparecencia en el juzgado espa\u00f1ol. Despu\u00e9s de una larga espera y seg\u00fan comentario del secretario privado del embajador espa\u00f1ol, tras varias llamadas fui conminado forzosamente a abandonar la sede de la embajada. Nunca m\u00e1s se me permiti\u00f3 el acceso a dicha sede diplom\u00e1tica\u00bb, denuncia.<\/p>\n<p class=\"voc-p\" style=\"\">Posteriormente, seg\u00fan asegura, fue \u00abprocesado judicialmente en Venezuela para evitar mi comparecencia ante este tribunal de Instrucci\u00f3n y torturado <strong>por \u00f3rdenes de Hugo Carvajal<\/strong> Barrios a efectos de lograr una confesi\u00f3n que conllevara mi desacreditaci\u00f3n en dicho sumario\u00bb. Denunci\u00f3 los hechos ante la Comisi\u00f3n Interamericana de Derechos Humanos, asunto que est\u00e1 \u00abpendiente de audiencia de juicio\u00bb y ya con Hugo Carvajal en manos de las autoridades estadounidenses, insiste en comparecer en Espa\u00f1a para contar lo que sabe.<\/p>\n","protected":false},"excerpt":{"rendered":"El militar venezolano Milton Gerardo Revilla, retirado forzosamente del Ej\u00e9rcito chavista, seg\u00fan denuncia, por haber participado en una&hellip;\n","protected":false},"author":2,"featured_media":264782,"comment_status":"","ping_status":"","sticky":false,"template":"","format":"standard","meta":{"footnotes":""},"categories":[8],"tags":[17,18,65709,25,24,2152,33464,26131,13,14,11,19,20,9,10,15,16,10754,1789,23,12,21,22],"class_list":{"0":"post-264781","1":"post","2":"type-post","3":"status-publish","4":"format-standard","5":"has-post-thumbnail","7":"category-espana","8":"tag-breaking-news","9":"tag-breakingnews","10":"tag-chavista","11":"tag-es","12":"tag-espana","13":"tag-eta","14":"tag-exmilitar","15":"tag-farc","16":"tag-featured-news","17":"tag-featurednews","18":"tag-headlines","19":"tag-latest-news","20":"tag-latestnews","21":"tag-news","22":"tag-noticias","23":"tag-noticias-destacadas","24":"tag-noticiasdestacadas","25":"tag-relaciones","26":"tag-revela","27":"tag-spain","28":"tag-titulares","29":"tag-ultimas-noticias","30":"tag-ultimasnoticias"},"share_on_mastodon":{"url":"https:\/\/pubeurope.com\/@es\/115642251353807368","error":""},"_links":{"self":[{"href":"https:\/\/www.europesays.com\/es\/wp-json\/wp\/v2\/posts\/264781","targetHints":{"allow":["GET"]}}],"collection":[{"href":"https:\/\/www.europesays.com\/es\/wp-json\/wp\/v2\/posts"}],"about":[{"href":"https:\/\/www.europesays.com\/es\/wp-json\/wp\/v2\/types\/post"}],"author":[{"embeddable":true,"href":"https:\/\/www.europesays.com\/es\/wp-json\/wp\/v2\/users\/2"}],"replies":[{"embeddable":true,"href":"https:\/\/www.europesays.com\/es\/wp-json\/wp\/v2\/comments?post=264781"}],"version-history":[{"count":0,"href":"https:\/\/www.europesays.com\/es\/wp-json\/wp\/v2\/posts\/264781\/revisions"}],"wp:featuredmedia":[{"embeddable":true,"href":"https:\/\/www.europesays.com\/es\/wp-json\/wp\/v2\/media\/264782"}],"wp:attachment":[{"href":"https:\/\/www.europesays.com\/es\/wp-json\/wp\/v2\/media?parent=264781"}],"wp:term":[{"taxonomy":"category","embeddable":true,"href":"https:\/\/www.europesays.com\/es\/wp-json\/wp\/v2\/categories?post=264781"},{"taxonomy":"post_tag","embeddable":true,"href":"https:\/\/www.europesays.com\/es\/wp-json\/wp\/v2\/tags?post=264781"}],"curies":[{"name":"wp","href":"https:\/\/api.w.org\/{rel}","templated":true}]}}