{"id":264801,"date":"2025-12-01T04:05:13","date_gmt":"2025-12-01T04:05:13","guid":{"rendered":"https:\/\/www.europesays.com\/es\/264801\/"},"modified":"2025-12-01T04:05:13","modified_gmt":"2025-12-01T04:05:13","slug":"no-puedo-decir-si-fue-una-buena-o-mala-llamada-fue-solo-una-llamada","status":"publish","type":"post","link":"https:\/\/www.europesays.com\/es\/264801\/","title":{"rendered":"&#8216;No puedo decir si fue una buena o mala llamada, fue solo una llamada&#8217;"},"content":{"rendered":"<p>El presidente de Estados Unidos, Donald Trump, confirm\u00f3 este domingo, desde el Air Force One, <b>que sostuvo una conversaci\u00f3n telef\u00f3nica con Nicol\u00e1s Maduro.\u00a0<\/b><\/p>\n<p>El mandatario asegur\u00f3 que no dar\u00eda m\u00e1s detalles del intercambio telef\u00f3nico y se limit\u00f3 a se\u00f1alar: \u00abNo puedo decir si fue una buena o mala llamada, fue solo una llamada\u00bb.<\/p>\n<p>Esta informaci\u00f3n fue reportada por agencias internacionales, entre ellas Reuters y AFP.<\/p>\n<p class=\"c-leatambien__titulo\"> LEA TAMBI\u00c9N <\/p>\n<p><img decoding=\"async\" alt=\"Ataque de Estados Unidos contra lancha en el mar Caribe, cerca a Venezuela\" width=\"120\" height=\"120\" loading=\"lazy\" src=\"https:\/\/imagenes2.eltiempo.com\/files\/image_120_120\/files\/fp\/uploads\/2025\/10\/14\/68ee92ed5c061.r_d.140-95.png\" data-full-src=\"https:\/\/www.europesays.com\/es\/wp-content\/uploads\/2025\/12\/68ee92ed5c061.png\"\/><\/p>\n<p>As\u00ed mismo, el mandatario abord\u00f3 otra de las decisiones migratorias m\u00e1s recientes en su administraci\u00f3n: la suspensi\u00f3n de ciertas solicitudes de asilo en Estados Unidos.\u00a0<\/p>\n<p><b>Trump asegur\u00f3 que esta medida se mantendr\u00e1 \u00abpor mucho tiempo\u00bb, aunque no especific\u00f3 plazos ni las condiciones bajo las cuales podr\u00edan revisarse dichas restricciones<\/b>. Tampoco entreg\u00f3 detalles sobre el alcance de la suspensi\u00f3n o los pr\u00f3ximos pasos en pol\u00edtica migratoria.<\/p>\n<p class=\"c-cuerpo__media__txt\">Trump Foto:Trump<\/p>\n<p>Tensiones crecientes entre Washington y Caracas<\/p>\n<p>Las declaraciones del mandatario estadounidense se producen en un contexto marcado por el aumento de tensiones entre Estados Unidos y Venezuela, especialmente durante las \u00faltimas semanas.<\/p>\n<p>Uno de los hechos que ha generado mayor fricci\u00f3n fue <b>la denuncia realizada por el Gobierno venezolano ante la segunda conferencia ministerial 2025 de la alianza OPEP+,<\/b> celebrada este domingo.<\/p>\n<p>En una carta firmada por Nicol\u00e1s Maduro y divulgada por la vicepresidenta Delcy Rodr\u00edguez, <b>Caracas acus\u00f3 a Washington de intentar \u00abapoderarse\u00bb de las reservas petroleras venezolanas mediante \u00abel uso de la fuerza militar letal\u00bb en el mar Caribe.\u00a0<\/b><\/p>\n<p class=\"c-leatambien__titulo\"> LEA TAMBI\u00c9N <\/p>\n<p><img decoding=\"async\" alt=\"petro y trump\" width=\"120\" height=\"120\" loading=\"lazy\" src=\"https:\/\/imagenes2.eltiempo.com\/files\/image_120_120\/files\/fp\/uploads\/2025\/11\/07\/690dcce87aa4b.r_d.381-178.png\" data-full-src=\"https:\/\/www.europesays.com\/es\/wp-content\/uploads\/2025\/12\/690dcce87aa4b.png\"\/><\/p>\n<p>Seg\u00fan el documento, el despliegue naval y a\u00e9reo estadounidense \u2014justificado por Washington como parte de las operaciones contra el narcotr\u00e1fico\u2014 <b>representa una \u00abamenaza\u00bb que podr\u00eda afectar tanto la producci\u00f3n petrolera del pa\u00eds como la estabilidad del mercado energ\u00e9tico internacional.<\/b><\/p>\n<p>El Ejecutivo venezolano afirm\u00f3 que no ceder\u00e1 ante \u00abchantajes o amenazas\u00bb y pidi\u00f3 el apoyo del secretario general de la OPEP, Haitham Al Ghais, y de los pa\u00edses miembros de la alianza para detener lo que considera una \u00abagresi\u00f3n en crecimiento\u00bb.\u00a0<\/p>\n<p>La denuncia se produce en un momento en que Estados Unidos mantiene operaciones mar\u00edtimas en la regi\u00f3n, en las que<b>, seg\u00fan datos oficiales, ha interceptado 20 embarcaciones presuntamente vinculadas al tr\u00e1fico de drogas, <\/b>con un saldo de al menos 83 fallecidos.<\/p>\n<p class=\"c-cuerpo__media__txt\">Ataque de Estados Unidos contra lancha en el mar Caribe, cerca a Venezuela Foto:Truth Social @realDonaldTrump<\/p>\n<p>Adem\u00e1s, Trump public\u00f3 este fin de semana en su red social Truth <b>una advertencia a pilotos y aerol\u00edneas estadounidenses para que consideraran que el espacio a\u00e9reo de Venezuela \u00abpermanecer\u00e1 cerrado en su totalidad\u00bb<\/b>. El Ejecutivo venezolano rechaz\u00f3 el mensaje y calific\u00f3 como \u00abins\u00f3lito\u00bb que Washington intentara \u201cdar \u00f3rdenes y amenazar la soberan\u00eda\u201d de la naci\u00f3n.<\/p>\n<p>Tensi\u00f3n migratoria y nuevo programa para retornos voluntarios<\/p>\n<p>Las declaraciones de Trump tambi\u00e9n coinciden con un aumento de la atenci\u00f3n p\u00fablica sobre las pol\u00edticas migratorias estadounidenses, particularmente tras la promoci\u00f3n de una nueva herramienta dirigida a migrantes que deseen abandonar voluntariamente Estados Unidos.\u00a0<\/p>\n<p>La Embajada de Estados Unidos en Colombia inform\u00f3 esta semana que, a trav\u00e9s de la aplicaci\u00f3n CBP Home, <b>se ofrece una alternativa \u00absegura y voluntaria\u00bb para salir del pa\u00eds sin procesos de detenci\u00f3n.<\/b><\/p>\n<p class=\"c-cuerpo__media__txt\">Agente ICE realizaron hace pocas semanas redadas en el estado de California. Foto:Istock<\/p>\n<p>El programa incluye asistencia documental, apoyo log\u00edstico y un estipendio de 1.000 d\u00f3lares por persona. Adem\u00e1s, <b>quienes se inscriban no ser\u00e1n prioridad para detenci\u00f3n o deportaci\u00f3n por parte de ICE,<\/b> lo que \u2014seg\u00fan la Embajada\u2014 <b>permitir\u00eda a los migrantes preparar su salida de manera organizada y sin procedimientos coercitivos.\u00a0<\/b><\/p>\n<p><b>*\u00c1ngela Mar\u00eda P\u00e1ez Rodr\u00edguez\u00a0<\/b><\/p>\n<p>Redacci\u00f3n \u00daltimas Noticias\u00a0<\/p>\n<p>@angelasintildes<\/p>\n","protected":false},"excerpt":{"rendered":"El presidente de Estados Unidos, Donald Trump, confirm\u00f3 este domingo, desde el Air Force One, que sostuvo una&hellip;\n","protected":false},"author":2,"featured_media":264802,"comment_status":"","ping_status":"","sticky":false,"template":"","format":"standard","meta":{"footnotes":""},"categories":[42],"tags":[13300,17,18,1779,24983,12069,629,13,14,11,61,62,63,64,19,20,6383,6413,9,10,15,16,1461,12,936,21,22,1192,65,66,67],"class_list":{"0":"post-264801","1":"post","2":"type-post","3":"status-publish","4":"format-standard","5":"has-post-thumbnail","7":"category-internacional","8":"tag-air-force-one","9":"tag-breaking-news","10":"tag-breakingnews","11":"tag-confirma","12":"tag-dialogo","13":"tag-donald","14":"tag-estados-unidos","15":"tag-featured-news","16":"tag-featurednews","17":"tag-headlines","18":"tag-internacional","19":"tag-international","20":"tag-international-news","21":"tag-internationalnews","22":"tag-latest-news","23":"tag-latestnews","24":"tag-llamada","25":"tag-maduro","26":"tag-news","27":"tag-noticias","28":"tag-noticias-destacadas","29":"tag-noticiasdestacadas","30":"tag-presidente","31":"tag-titulares","32":"tag-trump","33":"tag-ultimas-noticias","34":"tag-ultimasnoticias","35":"tag-venezuela","36":"tag-world","37":"tag-world-news","38":"tag-worldnews"},"share_on_mastodon":{"url":"https:\/\/pubeurope.com\/@es\/115642337318213706","error":""},"_links":{"self":[{"href":"https:\/\/www.europesays.com\/es\/wp-json\/wp\/v2\/posts\/264801","targetHints":{"allow":["GET"]}}],"collection":[{"href":"https:\/\/www.europesays.com\/es\/wp-json\/wp\/v2\/posts"}],"about":[{"href":"https:\/\/www.europesays.com\/es\/wp-json\/wp\/v2\/types\/post"}],"author":[{"embeddable":true,"href":"https:\/\/www.europesays.com\/es\/wp-json\/wp\/v2\/users\/2"}],"replies":[{"embeddable":true,"href":"https:\/\/www.europesays.com\/es\/wp-json\/wp\/v2\/comments?post=264801"}],"version-history":[{"count":0,"href":"https:\/\/www.europesays.com\/es\/wp-json\/wp\/v2\/posts\/264801\/revisions"}],"wp:featuredmedia":[{"embeddable":true,"href":"https:\/\/www.europesays.com\/es\/wp-json\/wp\/v2\/media\/264802"}],"wp:attachment":[{"href":"https:\/\/www.europesays.com\/es\/wp-json\/wp\/v2\/media?parent=264801"}],"wp:term":[{"taxonomy":"category","embeddable":true,"href":"https:\/\/www.europesays.com\/es\/wp-json\/wp\/v2\/categories?post=264801"},{"taxonomy":"post_tag","embeddable":true,"href":"https:\/\/www.europesays.com\/es\/wp-json\/wp\/v2\/tags?post=264801"}],"curies":[{"name":"wp","href":"https:\/\/api.w.org\/{rel}","templated":true}]}}