{"id":264811,"date":"2025-12-01T04:17:17","date_gmt":"2025-12-01T04:17:17","guid":{"rendered":"https:\/\/www.europesays.com\/es\/264811\/"},"modified":"2025-12-01T04:17:17","modified_gmt":"2025-12-01T04:17:17","slug":"que-fue-de-paula-prendes-la-presentadora-y-actriz-que-alcanzo-la-fama-en-se-lo-que-hicisteis","status":"publish","type":"post","link":"https:\/\/www.europesays.com\/es\/264811\/","title":{"rendered":"Qu\u00e9 fue de Paula Prendes, la presentadora y actriz que alcanz\u00f3 la fama en \u2018S\u00e9 lo que hicisteis\u2019"},"content":{"rendered":"<p class=\"\">La televisi\u00f3n ha visto nacer a multitud de estrellas que han alcanzado la fama con sus apariciones ante los espectadores, estrellas como <b>Paula Prendes<\/b>, que conquist\u00f3 a la audiencia, sobre todo de la mano de<b> \u2018S\u00e9 lo que hicisteis\u2019<\/b>.<\/p>\n<p class=\"\">La actriz y presentadora se convirti\u00f3 en toda una habitual de la televisi\u00f3n en la d\u00e9cada del 2010, entrando como reportera en el programa de laSexta, y despu\u00e9s apareciendo en otros espacios como <b>\u2018Amigas y conocidas\u2019, \u2018Zapeando\u2019, \u2018Prodigios\u2019, y hasta concursando en \u2018MasterChef Celebrity\u2019<\/b>.<\/p>\n<p class=\"\">Una trayectoria envidiable que ha ido compaginando con diversos papeles en series y pel\u00edculas como<b> \u2018Becarios\u2019, \u2018Gran Hotel\u2019, \u2018Servir y Proteger\u2019<\/b>, y tambi\u00e9n en cintas como <b>\u2018Enterrados\u2019 y \u2018Fuga de cerebros 2\u2032<\/b>.<\/p>\n<p class=\"\">Y es que en los \u00faltimos a\u00f1os, sus apariciones en televisi\u00f3n han ido siendo menores, pero eso no significa que estuviese sin trabajar, pues Paula Prendes ha ido consolid\u00e1ndose en el s\u00e9ptimo arte, en la interpretaci\u00f3n.<\/p>\n<p>En la actualidad<\/p>\n<p class=\"\">En la actualidad, Paula Prendes se mantiene ligada al mundo de la actuaci\u00f3n. Recientemente, ha pasado por la representaci\u00f3n de \u2018El Principito\u2019, y tambi\u00e9n ha trabajado en otro proyecto como <b>\u2018La Encrucijada\u2019, de la mano de Antena 3<\/b>.<\/p>\n<p class=\"\">Adem\u00e1s, a sus 42 a\u00f1os, est\u00e1 en plena<b> promoci\u00f3n de su nueva pel\u00edcula, \u2018Coartadas\u2019<\/b>, donde ha tenido la oportunidad de coincidir con otros rostros como Jaime Lorente, Adriana Torrebejano, Leo Harlem, Salva Reina, Llum Barrera o Ant\u00f3n Lofer.<\/p>\n<p class=\"\">Una cinta que ha promocionado en \u2018<b>Pasapalabra<\/b>\u2019, que le ha servido para regresar a la peque\u00f1a pantalla y confesar que estaba \u201cnerviosa\u201d por volver al concurso.<\/p>\n<p>Noticias relacionadas<a href=\"https:\/\/as.com\/tikitakas\/famosos\/juan-del-val-carga-duramente-contra-rtve-television-publica-manipulada-por-el-gobierno-f202511-n\/\" class=\"s_m_w\" title=\"El ganador del Premio Planeta 2025 ha concedido una entrevista a \u2018La Vanguardia\u2019 en la que ha hablado sobre toda la actualidad que le rodea.\" data-tb-link=\"\" rel=\"nofollow noopener\" target=\"_blank\"><img decoding=\"async\" src=\"https:\/\/www.europesays.com\/es\/wp-content\/uploads\/2025\/12\/E3B2UQNQAVGJTGXJJQU3KKS3KI.png\" alt=\"Juan del Val carga duramente contra RTVE: \u201cTelevisi\u00f3n p\u00fablica manipulada por el gobierno\u201d\" class=\"\" height=\"9\" width=\"16\"   loading=\"lazy\" data-tb-thumbnail=\"\"\/><\/a><a href=\"https:\/\/as.com\/tikitakas\/television\/un-trabajador-de-el-hormiguero-confiesa-como-le-contrataron-pablo-motos-y-jorge-salvador-yo-era-cirujano-f202511-n\/\" class=\"s_m_w\" title=\"Jos\u00e9 Se\u00f1ar\u00eds Romay ha explicado en \u2018Torreznos.podcast\u2019 el truco que us\u00f3 para trabajar en el programa de Antena 3.\" data-tb-link=\"\" rel=\"nofollow noopener\" target=\"_blank\"><img decoding=\"async\" src=\"https:\/\/www.europesays.com\/es\/wp-content\/uploads\/2025\/12\/7OV2A2SSJBENZPCOWQIEZ3TMWE.png\" alt=\"Un trabajador de \u2018El Hormiguero\u2019 confiesa c\u00f3mo le contrataron Pablo Motos y Jorge Salvador: \u201cYo era cirujano\u201d\" class=\"\" height=\"9\" width=\"16\"   loading=\"lazy\" data-tb-thumbnail=\"\"\/><\/a><\/p>\n<p class=\"\">Tambi\u00e9n es una personalidad muy activa en las redes sociales, donde<b> cuenta con m\u00e1s de 169.000 seguidores<\/b>, y donde acostumbra a compartir im\u00e1genes y v\u00eddeos de su vida personal y profesional, as\u00ed como promocionar sus nuevos proyectos.<\/p>\n<p class=\"\"><b>\u00a1Tus opiniones importan!<\/b> Comenta en los art\u00edculos y suscr\u00edbete gratis a nuestra <a href=\"https:\/\/asfan.as.com\/newsletters\/\" target=\"_blank\" rel=\"nofollow noopener\" title=\"https:\/\/asfan.as.com\/newsletters\/\">newsletter<\/a> y a las alertas informativas en la <a href=\"https:\/\/as.com\/aplicacion-de-as-n\/\" target=\"_blank\" rel=\"nofollow noopener\" title=\"https:\/\/as.com\/aplicacion-de-as-n\/\">App<\/a> o el canal de <a href=\"https:\/\/www.whatsapp.com\/channel\/0029VaAasdA7j6g745nz9M10\" target=\"_blank\" rel=\"nofollow noopener\" title=\"https:\/\/www.whatsapp.com\/channel\/0029VaAasdA7j6g745nz9M10\">WhatsApp<\/a>. \u00bfBuscas licenciar contenido? Haz clic <a href=\"https:\/\/profesional.elpais.com\/landing-sindicacion?utm_medium=interno&amp;utm_source=crosslinking&amp;utm_campaign=sindicacion_as_pie_articulos\" target=\"_blank\" rel=\"nofollow noopener\" title=\"https:\/\/profesional.elpais.com\/landing-sindicacion?utm_medium=interno&amp;utm_source=crosslinking&amp;utm_campaign=sindicacion_as_pie_articulos\">aqu\u00ed<\/a><\/p>\n","protected":false},"excerpt":{"rendered":"La televisi\u00f3n ha visto nacer a multitud de estrellas que han alcanzado la fama con sus apariciones ante&hellip;\n","protected":false},"author":2,"featured_media":264812,"comment_status":"","ping_status":"","sticky":false,"template":"","format":"standard","meta":{"footnotes":""},"categories":[174],"tags":[255,146,147,25,24,256,23],"class_list":{"0":"post-264811","1":"post","2":"type-post","3":"status-publish","4":"format-standard","5":"has-post-thumbnail","7":"category-famosos","8":"tag-celebrities","9":"tag-entertainment","10":"tag-entretenimiento","11":"tag-es","12":"tag-espana","13":"tag-famosos","14":"tag-spain"},"share_on_mastodon":{"url":"https:\/\/pubeurope.com\/@es\/115642384065783111","error":""},"_links":{"self":[{"href":"https:\/\/www.europesays.com\/es\/wp-json\/wp\/v2\/posts\/264811","targetHints":{"allow":["GET"]}}],"collection":[{"href":"https:\/\/www.europesays.com\/es\/wp-json\/wp\/v2\/posts"}],"about":[{"href":"https:\/\/www.europesays.com\/es\/wp-json\/wp\/v2\/types\/post"}],"author":[{"embeddable":true,"href":"https:\/\/www.europesays.com\/es\/wp-json\/wp\/v2\/users\/2"}],"replies":[{"embeddable":true,"href":"https:\/\/www.europesays.com\/es\/wp-json\/wp\/v2\/comments?post=264811"}],"version-history":[{"count":0,"href":"https:\/\/www.europesays.com\/es\/wp-json\/wp\/v2\/posts\/264811\/revisions"}],"wp:featuredmedia":[{"embeddable":true,"href":"https:\/\/www.europesays.com\/es\/wp-json\/wp\/v2\/media\/264812"}],"wp:attachment":[{"href":"https:\/\/www.europesays.com\/es\/wp-json\/wp\/v2\/media?parent=264811"}],"wp:term":[{"taxonomy":"category","embeddable":true,"href":"https:\/\/www.europesays.com\/es\/wp-json\/wp\/v2\/categories?post=264811"},{"taxonomy":"post_tag","embeddable":true,"href":"https:\/\/www.europesays.com\/es\/wp-json\/wp\/v2\/tags?post=264811"}],"curies":[{"name":"wp","href":"https:\/\/api.w.org\/{rel}","templated":true}]}}