{"id":264813,"date":"2025-12-01T04:20:42","date_gmt":"2025-12-01T04:20:42","guid":{"rendered":"https:\/\/www.europesays.com\/es\/264813\/"},"modified":"2025-12-01T04:20:42","modified_gmt":"2025-12-01T04:20:42","slug":"jacobo-y-martina-siguen-indecisos-respecto-a-su-futuro-juntos","status":"publish","type":"post","link":"https:\/\/www.europesays.com\/es\/264813\/","title":{"rendered":"Jacobo y Martina siguen indecisos respecto a su futuro juntos"},"content":{"rendered":"<p data-gtm-element-container=\"modulo-texto-link\" class=\"paragraph\">\u2018<strong>La Promesa<\/strong>\u2019 regresa con un nuevo episodio. <strong>La 1<\/strong> de Televisi\u00f3n Espa\u00f1ola emite un \u00fanico cap\u00edtulo de la serie, justo despu\u00e9s de &#8216;Valle Salvaje&#8217; y antes de &#8216;Malas lenguas&#8217;. La ficci\u00f3n es un aut\u00e9ntico fen\u00f3meno y lidera todas las tardes frente a la telenovela de Antena 3 y los magacines de Telecinco.<\/p>\n<p>As\u00ed es &#8216;La Promesa&#8217;: sinopsis inicial<\/p>\n<p data-gtm-element-container=\"modulo-texto-link\" class=\"paragraph\">1913. El mundo entero est\u00e1 al borde del abismo, pero hay remansos de paz aislados de los conflictos. Como <strong>el Palacio La Promesa<\/strong>, en el valle de Los Pedroches, propiedad de los Marqueses de Luj\u00e1n, uno de los mayores terratenientes del pa\u00eds.<\/p>\n<p>                <img loading=\"lazy\" decoding=\"async\" data-full-src=\"https:\/\/www.mundodeportivo.com\/uploads\/2025\/11\/23\/692334e449a7b.jpeg\" alt=\"'La Promesa'\" width=\"449\" height=\"253\" src=\"https:\/\/www.europesays.com\/es\/wp-content\/uploads\/2025\/12\/692334e449a7b.jpeg\" class=\"lazy\"\/><\/p>\n<p class=\"caption-title \">&#8216;La Promesa&#8217;<\/p>\n<p>                    RTVE<\/p>\n<p data-gtm-element-container=\"modulo-texto-link\" class=\"paragraph\">Ese d\u00eda el <strong>Palacio <\/strong>se viste de gala para celebrar la boda del heredero, Tom\u00e1s. Reci\u00e9n terminado el convite, la aparici\u00f3n de un aeroplano atrae la atenci\u00f3n de todos. Lo pilota Manuel, hijo de los Marqueses. De repente, <strong>el aparato pierde altura hasta estrellarse.<\/strong> Manuel est\u00e1 a punto de ser consumido por las llamas; pero alguien consigue salvarlo: Jana.<\/p>\n<p>Avance del cap\u00edtulo 727 del lunes 1 de diciembre<\/p>\n<p data-gtm-element-container=\"modulo-texto-link\" class=\"paragraph\">Jacobo y Martina siguen indecisos respecto a su futuro juntos. Aunque creen que su relaci\u00f3n merece una oportunidad, la joven necesita m\u00e1s tiempo para decidir. La gesti\u00f3n de las tierras complica el trato entre Jacobo y Adriano, lo que obliga a <strong>Martina <\/strong>a lidiar entre ellos. Muy a su pesar, <strong>To\u00f1o <\/strong>revela a Manuel que <strong>Enora <\/strong>est\u00e1 m\u00e1s preocupada en mejorar el motor que en la investigaci\u00f3n de la participaci\u00f3n de don <strong>Lisandro <\/strong>en la empresa de don Luis<\/p>\n<p>                <img loading=\"lazy\" decoding=\"async\" data-full-src=\"https:\/\/www.mundodeportivo.com\/uploads\/2025\/11\/16\/691a3968d4094.jpeg\" alt=\"'La Promesa'\" width=\"449\" height=\"253\" src=\"https:\/\/www.europesays.com\/es\/wp-content\/uploads\/2025\/12\/691a3968d4094.jpeg\" class=\"lazy\"\/><\/p>\n<p class=\"caption-title \">&#8216;La Promesa&#8217;<\/p>\n<p>                    RTVE<\/p>\n<p data-gtm-element-container=\"modulo-texto-link\" class=\"paragraph\">Como agua de mayo espera <strong>Curro <\/strong>algo de ayuda; la situaci\u00f3n de <strong>\u00c1ngela <\/strong>con <strong>Lorenzo <\/strong>lleva al muchacho a acudir a su hermano. Acuciantes se aventuran las pr\u00f3ximas semanas para el servicio: Crist\u00f3bal, junto a <strong>Teresa<\/strong>, anuncian el fin de las libranzas\u2026 y la llegada de un nuevo lacayo, que deja a Mar\u00eda Fern\u00e1ndez estupefacta.<\/p>\n","protected":false},"excerpt":{"rendered":"\u2018La Promesa\u2019 regresa con un nuevo episodio. La 1 de Televisi\u00f3n Espa\u00f1ola emite un \u00fanico cap\u00edtulo de la&hellip;\n","protected":false},"author":2,"featured_media":264814,"comment_status":"","ping_status":"","sticky":false,"template":"","format":"standard","meta":{"footnotes":""},"categories":[171],"tags":[146,147,25,24,23,214],"class_list":{"0":"post-264813","1":"post","2":"type-post","3":"status-publish","4":"format-standard","5":"has-post-thumbnail","7":"category-tv","8":"tag-entertainment","9":"tag-entretenimiento","10":"tag-es","11":"tag-espana","12":"tag-spain","13":"tag-tv"},"share_on_mastodon":{"url":"https:\/\/pubeurope.com\/@es\/115642396225295249","error":""},"_links":{"self":[{"href":"https:\/\/www.europesays.com\/es\/wp-json\/wp\/v2\/posts\/264813","targetHints":{"allow":["GET"]}}],"collection":[{"href":"https:\/\/www.europesays.com\/es\/wp-json\/wp\/v2\/posts"}],"about":[{"href":"https:\/\/www.europesays.com\/es\/wp-json\/wp\/v2\/types\/post"}],"author":[{"embeddable":true,"href":"https:\/\/www.europesays.com\/es\/wp-json\/wp\/v2\/users\/2"}],"replies":[{"embeddable":true,"href":"https:\/\/www.europesays.com\/es\/wp-json\/wp\/v2\/comments?post=264813"}],"version-history":[{"count":0,"href":"https:\/\/www.europesays.com\/es\/wp-json\/wp\/v2\/posts\/264813\/revisions"}],"wp:featuredmedia":[{"embeddable":true,"href":"https:\/\/www.europesays.com\/es\/wp-json\/wp\/v2\/media\/264814"}],"wp:attachment":[{"href":"https:\/\/www.europesays.com\/es\/wp-json\/wp\/v2\/media?parent=264813"}],"wp:term":[{"taxonomy":"category","embeddable":true,"href":"https:\/\/www.europesays.com\/es\/wp-json\/wp\/v2\/categories?post=264813"},{"taxonomy":"post_tag","embeddable":true,"href":"https:\/\/www.europesays.com\/es\/wp-json\/wp\/v2\/tags?post=264813"}],"curies":[{"name":"wp","href":"https:\/\/api.w.org\/{rel}","templated":true}]}}