{"id":264815,"date":"2025-12-01T04:23:21","date_gmt":"2025-12-01T04:23:21","guid":{"rendered":"https:\/\/www.europesays.com\/es\/264815\/"},"modified":"2025-12-01T04:23:21","modified_gmt":"2025-12-01T04:23:21","slug":"osasuna-trabaja-en-tajonar-tras-el-empate-en-mallorca","status":"publish","type":"post","link":"https:\/\/www.europesays.com\/es\/264815\/","title":{"rendered":"Osasuna trabaja en Tajonar tras el empate en Mallorca"},"content":{"rendered":"<p lang=\"ES-ES\">El Club Atl\u00e9tico Osasuna se ha ejercitado esta ma\u00f1ana en Tajonar tras el empate conseguido ayer en Mallorca (2-2). El equipo ha trabajado dividido en dos grupos como es habitual en los d\u00edas posteriores a los partidos. Los futbolistas que fueron titulares ayer han llevado a cabo trabajo regenerativo, mientras que el resto de los jugadores han hecho trabajo compensatorio.<\/p>\n<p lang=\"ES-ES\">No han estado presentes en la sesi\u00f3n\u00a0Valentin\u00a0Rosier\u00a0e Iker Benito, quienes contin\u00faan con sus respectivos procesos de recuperaci\u00f3n de sus lesiones.\u00a0<\/p>\n<p lang=\"ES-ES\">Ma\u00f1ana, el equipo llevar\u00e1 a cabo el entrenamiento previo a la segunda eliminatoria copera, que se disputar\u00e1 el martes a partir de las 19:00 horas frente al Club Deportivo Ebro en el Ibercaja Estadio de Zaragoza.\u00a0<\/p>\n","protected":false},"excerpt":{"rendered":"El Club Atl\u00e9tico Osasuna se ha ejercitado esta ma\u00f1ana en Tajonar tras el empate conseguido ayer en Mallorca&hellip;\n","protected":false},"author":2,"featured_media":264816,"comment_status":"","ping_status":"","sticky":false,"template":"","format":"standard","meta":{"footnotes":""},"categories":[93],"tags":[168,25,24,23,167],"class_list":{"0":"post-264815","1":"post","2":"type-post","3":"status-publish","4":"format-standard","5":"has-post-thumbnail","7":"category-deportes","8":"tag-deportes","9":"tag-es","10":"tag-espana","11":"tag-spain","12":"tag-sports"},"share_on_mastodon":{"url":"https:\/\/pubeurope.com\/@es\/115642407662603894","error":""},"_links":{"self":[{"href":"https:\/\/www.europesays.com\/es\/wp-json\/wp\/v2\/posts\/264815","targetHints":{"allow":["GET"]}}],"collection":[{"href":"https:\/\/www.europesays.com\/es\/wp-json\/wp\/v2\/posts"}],"about":[{"href":"https:\/\/www.europesays.com\/es\/wp-json\/wp\/v2\/types\/post"}],"author":[{"embeddable":true,"href":"https:\/\/www.europesays.com\/es\/wp-json\/wp\/v2\/users\/2"}],"replies":[{"embeddable":true,"href":"https:\/\/www.europesays.com\/es\/wp-json\/wp\/v2\/comments?post=264815"}],"version-history":[{"count":0,"href":"https:\/\/www.europesays.com\/es\/wp-json\/wp\/v2\/posts\/264815\/revisions"}],"wp:featuredmedia":[{"embeddable":true,"href":"https:\/\/www.europesays.com\/es\/wp-json\/wp\/v2\/media\/264816"}],"wp:attachment":[{"href":"https:\/\/www.europesays.com\/es\/wp-json\/wp\/v2\/media?parent=264815"}],"wp:term":[{"taxonomy":"category","embeddable":true,"href":"https:\/\/www.europesays.com\/es\/wp-json\/wp\/v2\/categories?post=264815"},{"taxonomy":"post_tag","embeddable":true,"href":"https:\/\/www.europesays.com\/es\/wp-json\/wp\/v2\/tags?post=264815"}],"curies":[{"name":"wp","href":"https:\/\/api.w.org\/{rel}","templated":true}]}}