{"id":264827,"date":"2025-12-01T04:29:17","date_gmt":"2025-12-01T04:29:17","guid":{"rendered":"https:\/\/www.europesays.com\/es\/264827\/"},"modified":"2025-12-01T04:29:17","modified_gmt":"2025-12-01T04:29:17","slug":"la-corrupcion-no-les-importa","status":"publish","type":"post","link":"https:\/\/www.europesays.com\/es\/264827\/","title":{"rendered":"\u00abLa corrupci\u00f3n no les importa\u00bb"},"content":{"rendered":"<p style=\"\">El <a href=\"https:\/\/www.abc.es\/espana\/vista-abalos-koldo-garcia-tribunal-supremo-directo-hoy-20251127195512-di.html\" title=\"www.abc.es\" data-voc-vtm-id=\"in-text-traffic\" data-mrf-link=\"www.abc.es\" rel=\"nofollow noopener\" target=\"_blank\">ingreso en la c\u00e1rcel<\/a> de <strong>Jos\u00e9 Luis \u00c1balos<\/strong> y el que fuera su asesor, <strong>Koldo Garc\u00eda<\/strong>, ha marcado la actualidad informativa de los \u00faltimos d\u00edas. El magistrado del Tribunal Supremo Leopoldo Puente tom\u00f3 esta decisi\u00f3n de mandarlos a ambos a <strong>prisi\u00f3n <\/strong> &#8230; <strong>provisional sin fianza<\/strong> al apreciar que exist\u00eda <a href=\"https:\/\/www.abc.es\/espana\/abalos-koldo-ingresan-prision-20251128203256-nt.html\" title=\"www.abc.es\" data-voc-vtm-id=\"in-text-traffic\" data-mrf-link=\"www.abc.es\" rel=\"nofollow noopener\" target=\"_blank\">riesgo de fuga \u00abextremo\u00bb<\/a> ante la proximidad del juicio.<\/p>\n<p class=\"voc-p\" style=\"\">El exministro de Transportes est\u00e1 acusado delitos de integraci\u00f3n en organizaci\u00f3n criminal, cohecho, uso de informaci\u00f3n privilegiada, tr\u00e1fico de influencias y malversaci\u00f3n por presuntas <a href=\"https:\/\/www.abc.es\/espana\/acusaciones-lidera-pp-piden-anos-carcel-abalos-20251120143747-vi.html\" title=\"www.abc.es\" data-voc-vtm-id=\"in-text-traffic\" data-mrf-link=\"www.abc.es\" rel=\"nofollow noopener\" target=\"_blank\">mordidas en la adjudicaci\u00f3n de contratos p\u00fablicos<\/a> para la compra de material sanitario. La Fiscal\u00eda Anticorrupci\u00f3n <strong>pide 24 a\u00f1os de prisi\u00f3n para \u00e9l<\/strong>, mientras que para su antigua mano derecha pide 19 a\u00f1os y medio de c\u00e1rcel al entender que su cargo era de menor responsabilidad.<\/p>\n<p class=\"voc-p\" style=\"\">La entrada en prisi\u00f3n del todav\u00eda parlamentario en las Cortes ha supuesto supone un hecho sin precedentes: es el <strong>primer diputado del Congreso de los Diputados en activo que ha ingresado en la c\u00e1rcel<\/strong>. Una haza\u00f1a que, por supuesto, se\u00f1ala de lleno al <strong>PSOE<\/strong> y tambi\u00e9n al <strong>Gobierno de Pedro S\u00e1nchez<\/strong>, del que \u00c1balos formaba parte como <a href=\"https:\/\/www.abc.es\/espana\/abalos-koldo-soto-intimos-sanchez-carcel-20251128220756-nt.html\" title=\"www.abc.es\" data-voc-vtm-id=\"in-text-traffic\" data-mrf-link=\"www.abc.es\" rel=\"nofollow noopener\" target=\"_blank\">pieza fundamental hasta 2021<\/a>.<\/p>\n<p class=\"voc-p\" style=\"\">Desde que se diera a conocer la decisi\u00f3n del juez, la llegada de pol\u00edtico socialista y Koldo a la <a href=\"https:\/\/www.abc.es\/espana\/soto-real-prision-vip-enviados-koldo-abalos-20251127165709-nt.html\" title=\"www.abc.es\" data-voc-vtm-id=\"in-text-traffic\" data-mrf-link=\"www.abc.es\" rel=\"nofollow noopener\" target=\"_blank\">prisi\u00f3n madrile\u00f1a de Soto del Real<\/a> ha sido uno de los asuntos que m\u00e1s expectaci\u00f3n ha generado. No solo ha abierto <a href=\"https:\/\/www.abc.es\/play\/television\/noticias\/vicente-valles-deja-evidencia-pedro-sanchez-dice-20251128184055-nt.html\" title=\"www.abc.es\" data-voc-vtm-id=\"in-text-traffic\" data-mrf-link=\"www.abc.es\" rel=\"nofollow noopener\" target=\"_blank\">informativos y peri\u00f3dicos<\/a>, sino que tambi\u00e9n ha sido muy comentado en todo tipo de <strong>tertulias televisivas<\/strong>, que han puesto el punto de mira de nuevo en el <strong>presidente del Ejecutivo y sus ministros<\/strong>. Tambi\u00e9n en los socios que todav\u00eda lo respaldan en el poder.<\/p>\n<p class=\"voc-p\" style=\"\">Uno de los m\u00e1s cr\u00edticos con este asunto fue Juan del Val durante su intervenci\u00f3n en la <strong>tertulia de actualidad de &#8216;El Hormiguero&#8217;<\/strong> de <strong>Pablo Motos<\/strong>, junto a Cristina Pardo, Nuria Roca y Tamara Falc\u00f3 de este pasado jueves. Durante esta charla, el flamante <a href=\"https:\/\/www.abc.es\/cultura\/cultural\/premio-planeta-novela-mala-vera-20251110113331-nt.html\" title=\"www.abc.es\" data-voc-vtm-id=\"in-text-traffic\" data-mrf-link=\"www.abc.es\" rel=\"nofollow noopener\" target=\"_blank\">ganador del Premio Planeta<\/a> hizo referencia a las recientes declaraciones de los dos encarcelados, que comienzan ya a apuntar hacia Moncloa.<\/p>\n<p class=\"voc-p\" style=\"\">\u00abAparte de lo que ya ha empezado a hablar \u00c1balos y Koldo, una cosa importante es <strong>lo que ha empezado a callar Santos Cerd\u00e1n<\/strong>, que no est\u00e1 desmintiendo nada. \u00c9l no lo ha desmentido y \u00c1balos lo corrobora\u00bb, comenz\u00f3 apuntando el periodista, haciendo referencia a la confirmaci\u00f3n del exministro de Transportes de que <a href=\"https:\/\/www.abc.es\/espana\/sanchez-niega-reuniera-otegi-cerdan-caserio-pactar-20251124144823-nt.html\" title=\"www.abc.es\" data-voc-vtm-id=\"in-text-traffic\" data-mrf-link=\"www.abc.es\" rel=\"nofollow noopener\" target=\"_blank\">S\u00e1nchez se habr\u00eda reunido con Otegi<\/a> en un caser\u00edo para negociar la moci\u00f3n de censura a Mariano Rajoy en 2018.<\/p>\n<p>\nJuan del Val, dur\u00edsimo contra los socios del Gobierno por mantener el apoyo a S\u00e1nchez tras el ingreso en prisi\u00f3n de \u00c1balos\n<\/p>\n<p class=\"voc-p\" style=\"\">Para <a href=\"https:\/\/www.abc.es\/recreo\/preguntan-juan-val-deben-prohibir-corridas-toros-20251127090033-nt.html\" title=\"www.abc.es\" data-voc-vtm-id=\"in-text-traffic\" data-mrf-link=\"www.abc.es\" rel=\"nofollow noopener\" target=\"_blank\">Del Val<\/a>, lo verdaderamente importante es saber si el Ejecutivo de S\u00e1nchez \u00abse puede sostener\u00bb despu\u00e9s de las amenazas del diputado y su exasesor: \u00abEst\u00e1 <strong>permanentemente amenazado<\/strong> por gente que ha estado muy dentro del Gobierno. Hay que recordar qui\u00e9n es \u00c1balos, qui\u00e9n es Cerd\u00e1n y qui\u00e9n ha sido Koldo. A m\u00ed me parece que<strong> esta situaci\u00f3n ya empieza a ser insostenible<\/strong>\u00bb. <\/p>\n<p class=\"voc-p\" style=\"\">El escritor se\u00f1al\u00f3 directamente la <strong>inacci\u00f3n de los socios del Gobierno<\/strong>, como <a href=\"https:\/\/www.abc.es\/espana\/diaz-desmarca-insinuaciones-abalos-senala-vivia-marido-20251127123521-nt.html\" title=\"www.abc.es\" data-voc-vtm-id=\"in-text-traffic\" data-mrf-link=\"www.abc.es\" rel=\"nofollow noopener\" target=\"_blank\">Yolanda D\u00edaz<\/a> o <a href=\"https:\/\/www.abc.es\/espana\/rufian-advierte-sanchez-cerdan-convierte-gurtel-psoe-20251119093452-nt.html\" title=\"www.abc.es\" data-voc-vtm-id=\"in-text-traffic\" data-mrf-link=\"www.abc.es\" rel=\"nofollow noopener\" target=\"_blank\">Rufi\u00e1n<\/a>, que poco han hecho despu\u00e9s de que esta trama de corrupci\u00f3n salpicara de lleno a S\u00e1nchez y su equipo. \u00ab\u00bfLos socios van a seguir apoyando esto? \u00bf<strong>Rufi\u00e1n va a seguir diciendo que \u00c1balos, Koldo y Cerd\u00e1n son jetas o verdaderamente les importa algo la corrupci\u00f3n<\/strong>?\u00bb, se pregunt\u00f3 el colaborador de Atresmedia.<\/p>\n<p class=\"voc-p\" style=\"\">El guionista de &#8216;El Hormiguero&#8217; cree que la situaci\u00f3n ha llegado a un punto en el que deber\u00eda \u00abgenerar una responsabilidad en la gente que apoya al Gobierno, que cada vez son menos\u00bb. \u00ab<strong>Hoy se ha vuelto a poner de manifiesto y a evidenciar que este Gobierno no puede gobernar<\/strong>. \u00bfPor qu\u00e9 seguimos aqu\u00ed?\u00bb, remat\u00f3 el marido de Nuria Roca.<\/p>\n<p class=\"voc-p\" style=\"\">Juan del Val apunt\u00f3 a que son muchos los asuntos que han salido contra S\u00e1nchez y los suyos, destacando algunos como el caso del fiscal, su mujer Bego\u00f1a, su hermano y gente de su extrema confianza en el PSOE como Cerd\u00e1n o \u00c1balos: \u00abDe una manera absolutamente m\u00e1gica, <strong>esto no tiene nada que ver con S\u00e1nchez ni con el PSOE<\/strong>. Esto es maravilloso, <strong>hay caso \u00c1balos, hay caso Cerd\u00e1n, hay caso Koldo, pero no hay caso PSOE<\/strong>\u00bb.<\/p>\n<p>\nJuan del Val apunta a los socios y se\u00f1ala cu\u00e1l es la \u00fanica opci\u00f3n para S\u00e1nchez si quiere seguir en el Gobierno\n<\/p>\n<p class=\"voc-p\" style=\"\">Para el <a href=\"https:\/\/www.abc.es\/recreo\/juan-val-fastidiado-error-cometio-escribir-vera-20251120185530-nt.html\" title=\"www.abc.es\" data-voc-vtm-id=\"in-text-traffic\" data-mrf-link=\"www.abc.es\" rel=\"nofollow noopener\" target=\"_blank\">Premio Planeta<\/a>, todo el ambiente que se ha formado en torno al Gobierno hace que la situaci\u00f3n sea \u00abinsostenible\u00bb, a pesar de que es consciente de que <strong>los socios de Pedro S\u00e1nchez no van a apoyar una moci\u00f3n de censura<\/strong>, como s\u00ed pide la oposici\u00f3n. \u00ab<strong>A sus socios la corrupci\u00f3n les importa un carajo<\/strong>\u00bb, sentenci\u00f3 el cronista taurino.<\/p>\n<p class=\"voc-p\" style=\"\">Ante esta negativa de forzar la dimisi\u00f3n del presidente del Gobierno, salpicado por todos estos casos, <a href=\"https:\/\/www.abc.es\/recreo\/preguntan-juan-val-partido-votara-proximas-elecciones-20251124170000-nt.html\" title=\"www.abc.es\" data-voc-vtm-id=\"in-text-traffic\" data-mrf-link=\"www.abc.es\" rel=\"nofollow noopener\" target=\"_blank\">Juan del Val<\/a> considera que la \u00fanica opci\u00f3n que el l\u00edder socialista tiene es la de presentarse a \u00abuna moci\u00f3n de confianza\u00bb. \u00ab<strong>Si \u00e9l si tiene alguna duda de que no puede gobernar, que haga una moci\u00f3n de confianza<\/strong>\u00bb, recomend\u00f3 el periodista. <\/p>\n<p class=\"voc-p\" style=\"\">\u00abCreo que es el mecanismo democr\u00e1tico que m\u00e1s se ajustar\u00eda al momento que estamos viviendo, pero <strong>esto puede desembocar en elecciones y no le apetecer\u00eda a Pedro S\u00e1nchez<\/strong>\u00bb, reconoci\u00f3 ante sus compa\u00f1eros de &#8216;El Hormiguero&#8217;<\/p>\n","protected":false},"excerpt":{"rendered":"El ingreso en la c\u00e1rcel de Jos\u00e9 Luis \u00c1balos y el que fuera su asesor, Koldo Garc\u00eda, ha&hellip;\n","protected":false},"author":2,"featured_media":264828,"comment_status":"","ping_status":"","sticky":false,"template":"","format":"standard","meta":{"footnotes":""},"categories":[8],"tags":[32397,17,18,3030,767,779,6727,5089,25,24,13,14,11,5181,409,19,20,9,10,15,16,1822,20972,16733,45069,199,57,5028,23,12,575,21,22,32693,12392],"class_list":{"0":"post-264827","1":"post","2":"type-post","3":"status-publish","4":"format-standard","5":"has-post-thumbnail","7":"category-espana","8":"tag-abalos","9":"tag-breaking-news","10":"tag-breakingnews","11":"tag-carajo","12":"tag-corrupcion","13":"tag-diaz","14":"tag-dice","15":"tag-entrada","16":"tag-es","17":"tag-espana","18":"tag-featured-news","19":"tag-featurednews","20":"tag-headlines","21":"tag-importa","22":"tag-juan","23":"tag-latest-news","24":"tag-latestnews","25":"tag-news","26":"tag-noticias","27":"tag-noticias-destacadas","28":"tag-noticiasdestacadas","29":"tag-pedro","30":"tag-piensan","31":"tag-prision","32":"tag-rufian","33":"tag-sanchez","34":"tag-sobre","35":"tag-socios","36":"tag-spain","37":"tag-titulares","38":"tag-tras","39":"tag-ultimas-noticias","40":"tag-ultimasnoticias","41":"tag-val","42":"tag-yolanda"},"share_on_mastodon":{"url":"https:\/\/pubeurope.com\/@es\/115642431270932947","error":""},"_links":{"self":[{"href":"https:\/\/www.europesays.com\/es\/wp-json\/wp\/v2\/posts\/264827","targetHints":{"allow":["GET"]}}],"collection":[{"href":"https:\/\/www.europesays.com\/es\/wp-json\/wp\/v2\/posts"}],"about":[{"href":"https:\/\/www.europesays.com\/es\/wp-json\/wp\/v2\/types\/post"}],"author":[{"embeddable":true,"href":"https:\/\/www.europesays.com\/es\/wp-json\/wp\/v2\/users\/2"}],"replies":[{"embeddable":true,"href":"https:\/\/www.europesays.com\/es\/wp-json\/wp\/v2\/comments?post=264827"}],"version-history":[{"count":0,"href":"https:\/\/www.europesays.com\/es\/wp-json\/wp\/v2\/posts\/264827\/revisions"}],"wp:featuredmedia":[{"embeddable":true,"href":"https:\/\/www.europesays.com\/es\/wp-json\/wp\/v2\/media\/264828"}],"wp:attachment":[{"href":"https:\/\/www.europesays.com\/es\/wp-json\/wp\/v2\/media?parent=264827"}],"wp:term":[{"taxonomy":"category","embeddable":true,"href":"https:\/\/www.europesays.com\/es\/wp-json\/wp\/v2\/categories?post=264827"},{"taxonomy":"post_tag","embeddable":true,"href":"https:\/\/www.europesays.com\/es\/wp-json\/wp\/v2\/tags?post=264827"}],"curies":[{"name":"wp","href":"https:\/\/api.w.org\/{rel}","templated":true}]}}