{"id":264829,"date":"2025-12-01T04:30:28","date_gmt":"2025-12-01T04:30:28","guid":{"rendered":"https:\/\/www.europesays.com\/es\/264829\/"},"modified":"2025-12-01T04:30:28","modified_gmt":"2025-12-01T04:30:28","slug":"las-notas-de-los-jugadores-del-betis-ante-el-sevilla-en-el-derbi","status":"publish","type":"post","link":"https:\/\/www.europesays.com\/es\/264829\/","title":{"rendered":"Las notas de los jugadores del Betis ante el Sevilla en el derbi"},"content":{"rendered":"<p class=\"ft-text\">El <strong>Real Betis Balompi\u00e9<\/strong> gan\u00f3 el<strong> Gran Derbi <\/strong>en Nervi\u00f3n al <strong>Sevilla F\u00fatbol Club<\/strong>. Lo hizo demostrando autoridad e <a class=\"ft-link ft-link--decoration\" href=\"https:\/\/www.elcorreoweb.es\/sevilla-fc\/2025\/11\/30\/cronica-sevilla-betis-derbi-fornals-lidera-124288732.html\" target=\"_blank\" rel=\"nofollow noopener\">imponi\u00e9ndose en la segunda parte con un Pablo Fornals<\/a> estelar anotando el primero y regalando el segundo a Altimira.<\/p>\n<p>Las notas de los jugadores del Betis<\/p>\n<p class=\"ft-text\"><strong>(10) Manuel Pellegrini<\/strong>: ba\u00f1o t\u00e1ctico a Almeyda. Reci\u00e9n renovado, gana su primer derbi como visitante. Demostr\u00f3 que tiene a todos enchufados.<\/p>\n<p>Titulares<\/p>\n<p class=\"ft-text\"><strong>(8) \u00c1lvaro Valles<\/strong>: parad\u00f3n a Akor Adams en el 61&#8242; con 0-1. Demostr\u00f3 seguridad y confianza. Dio de nuevo puntos.<\/p>\n<p class=\"ft-text\"><strong>(7) Aitor Ruibal<\/strong>: el polivalente para Manuel Pellegrini jug\u00f3 de lateral y de extremo. No par\u00f3 de generar superioridad con subidas constantes.<\/p>\n<p class=\"ft-text\"><strong>(10) Marc Bartra<\/strong>: el k\u00e1iser de la defensa. Partido ejemplar, secando a Akor Adams.<\/p>\n<p class=\"ft-text\"><strong>(7) Natan<\/strong>: imperial por arriba y demostrando seguridad en los lances terrestres.<\/p>\n<p class=\"ft-text\"><strong>(9) Valent\u00edn G\u00f3mez<\/strong>: va a durar muy poco en el Betis, merece ir al Mundial con Argentina. Le gan\u00f3 todo a Peque y Juanlu. Polivalente y sin saber decir en qu\u00e9 posici\u00f3n es mejor.<\/p>\n<p class=\"ft-text\"><strong>(7) Nelson Deossa<\/strong>: gan\u00f3 casi todos los duelos en la primera mitad y siempre ofreci\u00f3 pase y una salida limpia.<\/p>\n<p class=\"ft-text\"><strong>(8) Marc Roca<\/strong>: el Betis no ech\u00f3 de menos a Amrabat y fue gracias al trabajo de Marc Roca. Bien colocado, ofreciendo salida limpia.<\/p>\n<p class=\"ft-text\"><strong>(6) Pablo Garc\u00eda<\/strong>: la tuvo en el 20 en un golpeo claro tras recoger el bal\u00f3n suelo en un fallo de Marcao, pero se llen\u00f3 y le peg\u00f3 alta. Le vino por momentos algo grande el derbi, pero es pele\u00f3n y termin\u00f3 bien en el segundo tiempo.<\/p>\n<p class=\"ft-text\"><strong>(10) Pablo Fornals<\/strong>: el l\u00edder del Betis en Nervi\u00f3n. Un soldado que cuando juega liberado saca su muestrario y deleita al beticismo con su calidad. Gol y asistencia. Jugador TOP. Qu\u00e9 golazo.<\/p>\n<p class=\"ft-text\"><strong>(8) Ez Abde<\/strong>: termin\u00f3 el partido y Abde sigui\u00f3 corriendo y zaf\u00e1ndose de todo aquel que se le pusiera por delante. Pudo hacer el 0-1 pero le hizo un parad\u00f3n Vlachodimos.<\/p>\n<p class=\"ft-text\"><strong>(7) Cucho Hern\u00e1ndez<\/strong>: otro partido m\u00e1s de Cucho demostrando lo bueno que es cuando juega fuera del \u00e1rea.<\/p>\n<p>Suplentes<\/p>\n<p class=\"ft-text\"><strong>(8) Sergi Altimira<\/strong>: qu\u00e9 bueno es Sergi Altimira. Resiliencia es la palabra que lo define. Aguard\u00f3 en el banquillo su oportunidad para sentenciar el derbi.<\/p>\n<p class=\"ft-text\"><strong>(7) \u00c1ngel Ortiz<\/strong>: comprometido y con valent\u00eda. No le impuso el partido.<\/p>\n<p class=\"ft-text\"><strong>(Sc) Ricardo Rodr\u00edguez<\/strong>: entr\u00f3 al final.<\/p>\n<p class=\"ft-text\"><strong>(Sc) Chimy \u00c1vila<\/strong>: entr\u00f3 al final.<\/p>\n<p class=\"ft-text\"><strong>(Sc) Rodrigo Riquelme<\/strong>: entr\u00f3 al final.<\/p>\n","protected":false},"excerpt":{"rendered":"El Real Betis Balompi\u00e9 gan\u00f3 el Gran Derbi en Nervi\u00f3n al Sevilla F\u00fatbol Club. Lo hizo demostrando autoridad&hellip;\n","protected":false},"author":2,"featured_media":264830,"comment_status":"","ping_status":"","sticky":false,"template":"","format":"standard","meta":{"footnotes":""},"categories":[5],"tags":[291,17,18,18298,60062,25,24,13,14,11,2713,19,20,9,17754,44773,10,15,16,10286,1171,12764,23,12,21,22],"class_list":{"0":"post-264829","1":"post","2":"type-post","3":"status-publish","4":"format-standard","5":"has-post-thumbnail","7":"category-titulares","8":"tag-betis","9":"tag-breaking-news","10":"tag-breakingnews","11":"tag-derbi","12":"tag-el-gran-derbi","13":"tag-es","14":"tag-espana","15":"tag-featured-news","16":"tag-featurednews","17":"tag-headlines","18":"tag-jugadores","19":"tag-latest-news","20":"tag-latestnews","21":"tag-news","22":"tag-notas","23":"tag-notas-jugadores","24":"tag-noticias","25":"tag-noticias-destacadas","26":"tag-noticiasdestacadas","27":"tag-real-betis","28":"tag-sevilla","29":"tag-sevilla-fc","30":"tag-spain","31":"tag-titulares","32":"tag-ultimas-noticias","33":"tag-ultimasnoticias"},"share_on_mastodon":{"url":"https:\/\/pubeurope.com\/@es\/115642435086266027","error":""},"_links":{"self":[{"href":"https:\/\/www.europesays.com\/es\/wp-json\/wp\/v2\/posts\/264829","targetHints":{"allow":["GET"]}}],"collection":[{"href":"https:\/\/www.europesays.com\/es\/wp-json\/wp\/v2\/posts"}],"about":[{"href":"https:\/\/www.europesays.com\/es\/wp-json\/wp\/v2\/types\/post"}],"author":[{"embeddable":true,"href":"https:\/\/www.europesays.com\/es\/wp-json\/wp\/v2\/users\/2"}],"replies":[{"embeddable":true,"href":"https:\/\/www.europesays.com\/es\/wp-json\/wp\/v2\/comments?post=264829"}],"version-history":[{"count":0,"href":"https:\/\/www.europesays.com\/es\/wp-json\/wp\/v2\/posts\/264829\/revisions"}],"wp:featuredmedia":[{"embeddable":true,"href":"https:\/\/www.europesays.com\/es\/wp-json\/wp\/v2\/media\/264830"}],"wp:attachment":[{"href":"https:\/\/www.europesays.com\/es\/wp-json\/wp\/v2\/media?parent=264829"}],"wp:term":[{"taxonomy":"category","embeddable":true,"href":"https:\/\/www.europesays.com\/es\/wp-json\/wp\/v2\/categories?post=264829"},{"taxonomy":"post_tag","embeddable":true,"href":"https:\/\/www.europesays.com\/es\/wp-json\/wp\/v2\/tags?post=264829"}],"curies":[{"name":"wp","href":"https:\/\/api.w.org\/{rel}","templated":true}]}}