{"id":264831,"date":"2025-12-01T04:39:26","date_gmt":"2025-12-01T04:39:26","guid":{"rendered":"https:\/\/www.europesays.com\/es\/264831\/"},"modified":"2025-12-01T04:39:26","modified_gmt":"2025-12-01T04:39:26","slug":"espectacular-actuacion-de-leo-fiebich-con-el-valencia-basket","status":"publish","type":"post","link":"https:\/\/www.europesays.com\/es\/264831\/","title":{"rendered":"Espectacular actuaci\u00f3n de Leo Fiebich con el Valencia Basket"},"content":{"rendered":"<p class=\"paragraph\"><a href=\"https:\/\/www.heraldo.es\/noticias\/deportes\/baloncesto\/2025\/04\/13\/leo-fiebich-principe-felipe-vuelve-zaragoza-1815415.html\" title=\"Leo Fiebich reparte cari\u00f1o en el Pr\u00edncipe Felipe: &quot;Leo, vuelve a Zaragoza&quot;\" rel=\"nofollow noopener\" target=\"_blank\">Leo Fiebich, exjugadora del Casademont Zaragoza,<\/a> <b>volvi\u00f3 a exhibir su potencial ofensivo con otra espectacular actuaci\u00f3n<\/b> en la Liga Femenina. La alemana, ahora en las filas del Valencia Basket, destroz\u00f3 al Estepona (82-74) en el octavo partido del campeonato. La germana, de 25 a\u00f1os de edad, complet\u00f3 su mejor encuentro de la presente temporada y se hizo con el galard\u00f3n de MVP de la jornada.\u00a0<\/p>\n<p class=\"paragraph\">Fiebich finaliz\u00f3 el choque <b>con 37 cr\u00e9ditos de valoraci\u00f3n global. <\/b>Factur\u00f3 27 puntos en 36 minutos de juego, con una formidable carta de tiro. La alero anot\u00f3 4 de sus 5 tiros de 2, mientras que present\u00f3 una efectividad del 71% desde el per\u00edmetro: convirti\u00f3 5 de sus 7 lanzamientos triples.\u00a0<\/p>\n<p class=\"paragraph\">Adem\u00e1s, la jugadora alemana <b>aport\u00f3 6 rebotes, 3 asistencias y 2 recuperaciones de bal\u00f3n. D<\/b>e sus 27 puntos, 13 los logr\u00f3 en el \u00faltimo cuarto, liderando al Valencia Bsket hacia su s\u00e9ptimo triunfo de la presente temporada.\u00a0\u00a0<\/p>\n<p>Exhibiciones con el Casademont Zaragoza<\/p>\n<p class=\"paragraph\">Leo Fiebich<b> jug\u00f3 dos temporadas en el Casademont Zaragoza. <\/b>Se incorpor\u00f3 al conjunto aragon\u00e9s en el ejercicio 2022-23, tras haber desarrollado la mayor parte de su carrera en la Liga germana, y en su primer\u00a0curso se hizo con el galard\u00f3n de Jugadora M\u00e1s Valiosa (MVP) de la Liga Femenina. Lo hizo con unos registros de 12,7 puntos, 6,1 rebotes y 17,4 cr\u00e9ditos de valoraci\u00f3n por partido.\u00a0<\/p>\n<p class=\"paragraph\">En su segundo a\u00f1o en la capital aragonesa, Fiebich <b>volvi\u00f3 a ser designada MVP de la Liga Femenina, <\/b>con unos n\u00fameros de 11,3 puntos, 5,4 rebotes, 2,3 asistencias y 15,2 unidades de valoraci\u00f3n por encuentro.<\/p>\n<p class=\"paragraph\">Con el resultado de este domingo del Valencia Basket, <b>hay cuatro equipos igualados a siete victorias <\/b>en lo m\u00e1s alto de la clasificaci\u00f3n: el Spar Girona, que venci\u00f3 al Dur\u00e1n Maquinaria Ensino (87-65); el\u00a0IDK Euskotren, que se impuso en esta octava jornada al Joventut de Badalona (75-68); y tambi\u00e9n el Casademont Zaragoza, que dobleg\u00f3 al Movistar Estudiantes (72-66) en el pabell\u00f3n Pr\u00edncipe Felipe.\u00a0 \u00a0<\/p>\n","protected":false},"excerpt":{"rendered":"Leo Fiebich, exjugadora del Casademont Zaragoza, volvi\u00f3 a exhibir su potencial ofensivo con otra espectacular actuaci\u00f3n en la&hellip;\n","protected":false},"author":2,"featured_media":264832,"comment_status":"","ping_status":"","sticky":false,"template":"","format":"standard","meta":{"footnotes":""},"categories":[269],"tags":[4641,299,298,168,25,24,5604,42140,4308,23,167],"class_list":{"0":"post-264831","1":"post","2":"type-post","3":"status-publish","4":"format-standard","5":"has-post-thumbnail","7":"category-baloncesto","8":"tag-actuacion","9":"tag-baloncesto","10":"tag-basketball","11":"tag-deportes","12":"tag-es","13":"tag-espana","14":"tag-espectacular","15":"tag-fiebich","16":"tag-leo","17":"tag-spain","18":"tag-sports"},"share_on_mastodon":{"url":"https:\/\/pubeurope.com\/@es\/115642470836409213","error":""},"_links":{"self":[{"href":"https:\/\/www.europesays.com\/es\/wp-json\/wp\/v2\/posts\/264831","targetHints":{"allow":["GET"]}}],"collection":[{"href":"https:\/\/www.europesays.com\/es\/wp-json\/wp\/v2\/posts"}],"about":[{"href":"https:\/\/www.europesays.com\/es\/wp-json\/wp\/v2\/types\/post"}],"author":[{"embeddable":true,"href":"https:\/\/www.europesays.com\/es\/wp-json\/wp\/v2\/users\/2"}],"replies":[{"embeddable":true,"href":"https:\/\/www.europesays.com\/es\/wp-json\/wp\/v2\/comments?post=264831"}],"version-history":[{"count":0,"href":"https:\/\/www.europesays.com\/es\/wp-json\/wp\/v2\/posts\/264831\/revisions"}],"wp:featuredmedia":[{"embeddable":true,"href":"https:\/\/www.europesays.com\/es\/wp-json\/wp\/v2\/media\/264832"}],"wp:attachment":[{"href":"https:\/\/www.europesays.com\/es\/wp-json\/wp\/v2\/media?parent=264831"}],"wp:term":[{"taxonomy":"category","embeddable":true,"href":"https:\/\/www.europesays.com\/es\/wp-json\/wp\/v2\/categories?post=264831"},{"taxonomy":"post_tag","embeddable":true,"href":"https:\/\/www.europesays.com\/es\/wp-json\/wp\/v2\/tags?post=264831"}],"curies":[{"name":"wp","href":"https:\/\/api.w.org\/{rel}","templated":true}]}}