{"id":264833,"date":"2025-12-01T04:40:14","date_gmt":"2025-12-01T04:40:14","guid":{"rendered":"https:\/\/www.europesays.com\/es\/264833\/"},"modified":"2025-12-01T04:40:14","modified_gmt":"2025-12-01T04:40:14","slug":"los-motivos-que-llevaron-a-funes-a-repetir-once-en-su-segundo-partido","status":"publish","type":"post","link":"https:\/\/www.europesays.com\/es\/264833\/","title":{"rendered":"Los motivos que llevaron a Funes a repetir once en su segundo partido"},"content":{"rendered":"<p>\t\tCompartir esta publicaci\u00f3n\t\t\t\t\t<\/p>\n<p>Algo que caracterizaba a<strong> Sergio Pellicer<\/strong> durante su etapa en el banquillo malaguista era su gran <strong>alternancia en los onces<\/strong>. Pr\u00e1cticamente, siempre hab\u00eda una sorpresa o un cambio cuando ve\u00eda luz la ficha de partido una hora antes del pitido inicial.\u00a0 Era raro contar que el de Nules repet\u00eda protagonistas de un encuentro a otro. Su sustituto,<strong> Funes,<\/strong> cumpli\u00f3 su<a href=\"https:\/\/www.merchanendirecto.es\/malaga-cf\/cronica-nino-pucela\/\" target=\"_blank\" rel=\"noopener nofollow\"> segundo partido al frente del equipo en Valladolid<\/a> y tras conseguir la victoria en su debut ante el <strong>CD Mirand\u00e9s<\/strong>, dio continuidad al mismo once en Pucela.<\/p>\n<p>La decisi\u00f3n de Funes con la defensa, lo m\u00e1s sorprendente<\/p>\n<p>Lo que m\u00e1s sorprendi\u00f3 fue la l\u00ednea defensiva. M\u00e1s a\u00fan despu\u00e9s de los distintos errores que llevaron a gol del equipo jabato en la jornada anterior. El entrenador granadino mantuvo a <strong>\u00c1ngel Recio y Einar Galilea<\/strong> en el centro de la zaga tras adem\u00e1s ser una pareja pr\u00e1cticamente obligada ante el Mirand\u00e9s con las sanciones de<strong> Diego Murillo y Javi Montero<\/strong>. Repiti\u00f3 tambi\u00e9n un<a href=\"https:\/\/www.merchanendirecto.es\/malaga-cf\/adrian-nino-apuesta-funes\/\" target=\"_blank\" rel=\"noopener nofollow\"> Adri\u00e1n Ni\u00f1o<\/a> como hombre m\u00e1s adelantado sin cuyos goles el cuadro blanquiazul no habr\u00eda sumado ning\u00fan punto en estos dos \u00faltimos partidos.<\/p>\n<p>Un once conformado por: <strong>Alfonso Herrero; Carlos Puga, Einar Galilea, \u00c1ngel Recio, V\u00edctor Garc\u00eda; Izan Merino, Dani Lorenzo, Carlos Dotor; Joaqu\u00edn Mu\u00f1oz, David Larrubia; Adri\u00e1n Ni\u00f1o.\u00a0<\/strong><\/p>\n<blockquote>\n<p>Lo hicieron bien con el tan poco tiempo que llev\u00e1bamos\u00bb<\/p>\n<\/blockquote>\n<p>\u00abTenemos una m\u00e1xima: todos tendr\u00e1n su oportunidad, pero, lo m\u00e1s importante, <strong>ninguno va a jugarlo todo.<\/strong> La primera frase condiciona a la segunda. <strong>Decidimos darle continuidad al once porque, con el poco tiempo que llev\u00e1bamos, vimos que lo hicieron bien. No era dar un premio. Tambi\u00e9n la situaci\u00f3n de tres partidos que vamos a tener en los pr\u00f3ximos ocho d\u00edas, jugar con esos esfuerzos.<\/strong> Ser\u00eda una gran noticia y sano para el grupo que los jugadores fueran altern\u00e1ndose en el once y cuando lo hagan sea haci\u00e9ndolo bien. Ojal\u00e1 suceda, hablar\u00eda muy bien de la salud del <a href=\"http:\/\/malagacf.com\" target=\"_blank\" rel=\"noopener nofollow\">M\u00e1laga<\/a>\u00bb, dec\u00eda el loje\u00f1o sobre los motivos que le llevaron a repetir once en su segundo partido como t\u00e9cnico del M\u00e1laga CF.<\/p>\n<p class=\"auto-featured-caption\">Foto: MCF<\/p>\n","protected":false},"excerpt":{"rendered":"Compartir esta publicaci\u00f3n Algo que caracterizaba a Sergio Pellicer durante su etapa en el banquillo malaguista era su&hellip;\n","protected":false},"author":2,"featured_media":264834,"comment_status":"","ping_status":"","sticky":false,"template":"","format":"standard","meta":{"footnotes":""},"categories":[268],"tags":[168,25,24,280,282,281,23,167],"class_list":{"0":"post-264833","1":"post","2":"type-post","3":"status-publish","4":"format-standard","5":"has-post-thumbnail","7":"category-futbol","8":"tag-deportes","9":"tag-es","10":"tag-espana","11":"tag-football","12":"tag-futbol","13":"tag-soccer","14":"tag-spain","15":"tag-sports"},"share_on_mastodon":{"url":"https:\/\/pubeurope.com\/@es\/115642474600078850","error":""},"_links":{"self":[{"href":"https:\/\/www.europesays.com\/es\/wp-json\/wp\/v2\/posts\/264833","targetHints":{"allow":["GET"]}}],"collection":[{"href":"https:\/\/www.europesays.com\/es\/wp-json\/wp\/v2\/posts"}],"about":[{"href":"https:\/\/www.europesays.com\/es\/wp-json\/wp\/v2\/types\/post"}],"author":[{"embeddable":true,"href":"https:\/\/www.europesays.com\/es\/wp-json\/wp\/v2\/users\/2"}],"replies":[{"embeddable":true,"href":"https:\/\/www.europesays.com\/es\/wp-json\/wp\/v2\/comments?post=264833"}],"version-history":[{"count":0,"href":"https:\/\/www.europesays.com\/es\/wp-json\/wp\/v2\/posts\/264833\/revisions"}],"wp:featuredmedia":[{"embeddable":true,"href":"https:\/\/www.europesays.com\/es\/wp-json\/wp\/v2\/media\/264834"}],"wp:attachment":[{"href":"https:\/\/www.europesays.com\/es\/wp-json\/wp\/v2\/media?parent=264833"}],"wp:term":[{"taxonomy":"category","embeddable":true,"href":"https:\/\/www.europesays.com\/es\/wp-json\/wp\/v2\/categories?post=264833"},{"taxonomy":"post_tag","embeddable":true,"href":"https:\/\/www.europesays.com\/es\/wp-json\/wp\/v2\/tags?post=264833"}],"curies":[{"name":"wp","href":"https:\/\/api.w.org\/{rel}","templated":true}]}}