{"id":264835,"date":"2025-12-01T04:41:12","date_gmt":"2025-12-01T04:41:12","guid":{"rendered":"https:\/\/www.europesays.com\/es\/264835\/"},"modified":"2025-12-01T04:41:12","modified_gmt":"2025-12-01T04:41:12","slug":"aitana-bonmati-sufre-una-fractura-del-perone-y-se-pierde-el-partido-de-vuelta-de-la-final-de-la-nations-league","status":"publish","type":"post","link":"https:\/\/www.europesays.com\/es\/264835\/","title":{"rendered":"Aitana Bonmat\u00ed sufre una fractura del peron\u00e9 y se pierde el partido de vuelta de la final de la Nations League"},"content":{"rendered":"<p class=\"paragraph\" id=\"paragraph_1\">La <a href=\"https:\/\/www.elespanol.com\/organismos\/seleccion_espanola_de_futbol_femenino\/?utm_cmp_rs=linksinline\" target=\"_blank\" rel=\"nofollow noopener\">selecci\u00f3n espa\u00f1ola<\/a> ha sufrido un golpe muy duro a falta de dos d\u00edas de jugarse el t\u00edtulo de la UEFA Nations League femenina ante Alemania: <strong>Aitana Bonmat\u00ed se ha roto.\u00a0<\/strong><\/p>\n<p class=\"paragraph\" id=\"paragraph_2\">La vigente campeona del Bal\u00f3n de Oro se retir\u00f3 del entrenamiento matutino del domingo tras un mal apoyo en una acci\u00f3n completamente fortuita e inmediatamente fue examinada por el equipo m\u00e9dico de la Real Federaci\u00f3n Espa\u00f1ola de F\u00fatbol (RFEF).<\/p>\n<p class=\"paragraph\" id=\"paragraph_3\">Tras el examen m\u00e9dico, se le ha diagnosticado <strong>una fractura en el peron\u00e9 izquierdo,<\/strong> lo que le obliga a abandonar la concentraci\u00f3n y a no poder jugar la final del martes ante la selecci\u00f3n germana.<\/p>\n<p class=\"paragraph\" id=\"paragraph_4\">Tras el diagn\u00f3stico, ha abandonado la concentraci\u00f3n en Las Rozas para comenzar su periodo de recuperaci\u00f3n.\u00a0La jugadora natural de Ribas volver\u00e1 a la Ciudad Condal y a la disciplina del Bar\u00e7a para ello.<\/p>\n<p class=\"paragraph\" id=\"paragraph_5\">Aitana Bonmat\u00ed, nacida en San Pedro de Ribas, es una de las jugadoras clave del conjunto azulgrana y de la Selecci\u00f3n Espa\u00f1ola. De hecho, la centrocampista fue la autora del gol de la victoria de Espa\u00f1a ante Alemania en las semifinales de la pasada Eurocopa de Suiza.<\/p>\n<p><img loading=\"lazy\" decoding=\"async\" alt=\"Laia Aleixandri cabecea en el partido entre Espa\u00f1a y Alemania.\" height=\"180\" src=\"https:\/\/www.europesays.com\/es\/wp-content\/uploads\/2025\/12\/1003744035361_260222550_320x180.jpg\" width=\"320\" data-lazy-status=\"processed\" data-lazy-info=\"remove loading item 1\"\/><\/p>\n<p class=\"paragraph\" id=\"paragraph_6\">En el partido de ida de la final de la Nations League fue sustituida a los 77 minutos por Athenea del Castillo, aunque la decisi\u00f3n de Sonia Berm\u00fadez fue por una cuesti\u00f3n t\u00e1ctica, ya que Aitana estaba algo cansada, pero no hab\u00eda sufrido ninguna molestia.<\/p>\n<p class=\"paragraph\" id=\"paragraph_7\">Ahora la seleccionadora madrile\u00f1a tendr\u00e1 que preparar el partido de vuelta de la final ante Alemania sin una jugadora capital en su once titular. Cabe destacar que Espa\u00f1a se juega revalidar el t\u00edtulo continental tras el empate en el partido de ida.<\/p>\n","protected":false},"excerpt":{"rendered":"La selecci\u00f3n espa\u00f1ola ha sufrido un golpe muy duro a falta de dos d\u00edas de jugarse el t\u00edtulo&hellip;\n","protected":false},"author":2,"featured_media":264836,"comment_status":"","ping_status":"","sticky":false,"template":"","format":"standard","meta":{"footnotes":""},"categories":[174],"tags":[6748,255,168,146,147,25,24,256,282,51735,23],"class_list":{"0":"post-264835","1":"post","2":"type-post","3":"status-publish","4":"format-standard","5":"has-post-thumbnail","7":"category-famosos","8":"tag-aitana-bonmati","9":"tag-celebrities","10":"tag-deportes","11":"tag-entertainment","12":"tag-entretenimiento","13":"tag-es","14":"tag-espana","15":"tag-famosos","16":"tag-futbol","17":"tag-seleccion-espanola-de-futbol-femenino","18":"tag-spain"},"share_on_mastodon":{"url":"https:\/\/pubeurope.com\/@es\/115642478822287245","error":""},"_links":{"self":[{"href":"https:\/\/www.europesays.com\/es\/wp-json\/wp\/v2\/posts\/264835","targetHints":{"allow":["GET"]}}],"collection":[{"href":"https:\/\/www.europesays.com\/es\/wp-json\/wp\/v2\/posts"}],"about":[{"href":"https:\/\/www.europesays.com\/es\/wp-json\/wp\/v2\/types\/post"}],"author":[{"embeddable":true,"href":"https:\/\/www.europesays.com\/es\/wp-json\/wp\/v2\/users\/2"}],"replies":[{"embeddable":true,"href":"https:\/\/www.europesays.com\/es\/wp-json\/wp\/v2\/comments?post=264835"}],"version-history":[{"count":0,"href":"https:\/\/www.europesays.com\/es\/wp-json\/wp\/v2\/posts\/264835\/revisions"}],"wp:featuredmedia":[{"embeddable":true,"href":"https:\/\/www.europesays.com\/es\/wp-json\/wp\/v2\/media\/264836"}],"wp:attachment":[{"href":"https:\/\/www.europesays.com\/es\/wp-json\/wp\/v2\/media?parent=264835"}],"wp:term":[{"taxonomy":"category","embeddable":true,"href":"https:\/\/www.europesays.com\/es\/wp-json\/wp\/v2\/categories?post=264835"},{"taxonomy":"post_tag","embeddable":true,"href":"https:\/\/www.europesays.com\/es\/wp-json\/wp\/v2\/tags?post=264835"}],"curies":[{"name":"wp","href":"https:\/\/api.w.org\/{rel}","templated":true}]}}