{"id":264840,"date":"2025-12-01T04:48:28","date_gmt":"2025-12-01T04:48:28","guid":{"rendered":"https:\/\/www.europesays.com\/es\/264840\/"},"modified":"2025-12-01T04:48:28","modified_gmt":"2025-12-01T04:48:28","slug":"bellingham-mediapunta-o-centrocampista-as-com","status":"publish","type":"post","link":"https:\/\/www.europesays.com\/es\/264840\/","title":{"rendered":"Bellingham, mediapunta o centrocampista &#8211; AS.com"},"content":{"rendered":"<p><img decoding=\"async\" src=\"https:\/\/www.europesays.com\/es\/wp-content\/uploads\/2025\/12\/PBYXYHQN3ZFHPNNQHLNXY6KQGA.jpg\" alt=\"Bellingham, mediapunta o centrocampista\" height=\"278\" width=\"1200\"   loading=\"lazy\"\/>Miguel Angel Fernandez Menendez<\/p>\n<p class=\"\">Para <b>muchos<\/b>, y despu\u00e9s de lo que hizo en su primera temporada en el Real Madrid, 23 goles y 13 asistencias, es <b>el centrocampista total<\/b>. Para <b>otros<\/b>, un jugador tan bueno como inclasificable, <b>mitad centrocampista<\/b>,<b> mitad delantero<\/b>. Y para <b>Xabi Alonso<\/b>, una bendici\u00f3n y un quebradero de cabeza al mismo tiempo. La ubicaci\u00f3n en el campo de Jude <b>Bellingham<\/b> (22 a\u00f1os), mediapunta o centrocampista, ha <a href=\"https:\/\/as.com\/futbol\/primera\/bellingham-hace-pensar-a-xabi-f202511-n\/\" target=\"_self\" rel=\"nofollow noopener\" title=\"https:\/\/as.com\/futbol\/primera\/bellingham-hace-pensar-a-xabi-f202511-n\/\">ocupado mucho tiempo en la cabeza del t\u00e9cnico<\/a> tolosarra desde que cogi\u00f3 las riendas del equipo. Y, si <b>empez\u00f3 <\/b>la temporada diciendo que le ve\u00eda <b>m\u00e1s <\/b>\u201ccomo un <b>centrocampista<\/b>\u201d, el desarrollo del curso ha hecho que termine <b>acerc\u00e1ndolo al gol<\/b>, poni\u00e9ndolo por detr\u00e1s de Mbapp\u00e9 (<a href=\"https:\/\/as.com\/resultados\/futbol\/primera\/2025_2026\/directo\/regular_a_14_68644b77659cb45\/\" target=\"_self\" rel=\"nofollow noopener\" title=\"https:\/\/as.com\/resultados\/futbol\/primera\/2025_2026\/directo\/regular_a_14_68644b77659cb45\/\">sigue el partido en directo en AS.com<\/a>).<\/p>\n<p class=\"\">Ayer <b>Xabi <\/b>fue preguntado por el <b>papel <\/b>que a partir de ahora <b>tendr\u00e1 el ingl\u00e9s <\/b>en el equipo y por c\u00f3mo es la comunicaci\u00f3n entre ambos. \u201cTengo <a href=\"https:\/\/as.com\/futbol\/xabi-nos-hace-falta-un-partido-redondo-f202511-n\/\" target=\"_self\" rel=\"nofollow noopener\" title=\"https:\/\/as.com\/futbol\/xabi-nos-hace-falta-un-partido-redondo-f202511-n\/\">muy buena comunicaci\u00f3n con Jude<\/a> y una muy buena relaci\u00f3n. Es un jugador top mundial; tiene esas ganas de mejorar, de aprender, de saber y de ser m\u00e1s eficiente con el gran potencial que tiene. A m\u00ed <b>me gustan esos<\/b> <b>jugadores <\/b>que tienen la <b>curiosidad e iniciativa <\/b>de venir a preguntar qu\u00e9 es lo que podemos hacer mejor. \u00c9l <b>encaja en diferentes perfiles<\/b> y alturas porque es <b>muy completo <\/b>y tenemos que saber tambi\u00e9n qu\u00e9 es lo que pasa alrededor suyo\u201d, explic\u00f3 el tolosarra, que tiene dos <b>opciones<\/b>, mantenerle en la <b>mediapunta <\/b>y <b>retrasar a G\u00fcler<\/b> a la media\u2026 <b>o viceversa<\/b>, aprovechando la asociaci\u00f3n del turco con Mbapp\u00e9, al que ha dado ya seis pases de gol.<\/p>\n<p><a href=\"https:\/\/as.com\/resultados\/ficha\/equipo\/girona\/648\/\" rel=\"nofollow noopener\" target=\"_blank\"><img decoding=\"async\" src=\"https:\/\/www.europesays.com\/es\/wp-content\/uploads\/2025\/12\/1764564506_402_648.png\" alt=\"Bellingham, mediapunta o centrocampista\" height=\"80\" width=\"80\"  loading=\"lazy\" data-error-image=\"https:\/\/static.as.com\/dist\/resources\/images\/placeholder-team.png\"\/><\/a><\/p>\n<p class=\"\">Despu\u00e9s de la <b>operaci\u00f3n <\/b>a la que fue <a href=\"https:\/\/as.com\/futbol\/primera\/bellingham-tres-meses-fuera-n\/\" target=\"_self\" rel=\"nofollow noopener\" title=\"https:\/\/as.com\/futbol\/primera\/bellingham-tres-meses-fuera-n\/\">sometido en el hombro<\/a>, la presente est\u00e1 siendo una <b>temporada an\u00f3mala<\/b> para Jude Bellingham. Acortando mucho los plazos de recuperaci\u00f3n establecidos <a href=\"https:\/\/as.com\/futbol\/champions\/milagro-bellingham-n\/\" target=\"_self\" rel=\"nofollow noopener\" title=\"https:\/\/as.com\/futbol\/champions\/milagro-bellingham-n\/\">fue convocado por primera vez<\/a> para el quinto encuentro de la temporada, el primero de Champions, <b>ante el Marsella<\/b>, el 16 de septiembre. Pero <b>no jug\u00f3<\/b>. Tan s\u00f3lo acumul\u00f3 un pu\u00f1ado de minutos (1\u2019 y 19\u2019, respectivamente, ante Espanyol y Levante) antes de ser <b>titular<\/b>, por sorpresa, <b>en el Metropolitano<\/b>. Pero la estrepitosa derrota (5-2) le puso en el centro del <b>debate<\/b>. Xabi pudo haber <a href=\"https:\/\/as.com\/futbol\/primera\/bellingham-descoloca-a-xabi-n\/\" target=\"_self\" rel=\"nofollow noopener\" title=\"https:\/\/as.com\/futbol\/primera\/bellingham-descoloca-a-xabi-n\/\">adelantado demasiado su primera aparici\u00f3n<\/a> en el once inicial&#8230;<\/p>\n<p class=\"\">Desde entonces <b>Bellingham ha jugado todos<\/b> los encuentros. Y todos como <b>titular <\/b>a excepci\u00f3n de dos, el del <b>Kairat <\/b>y el \u00faltimo ante el <b>Olympiacos<\/b>. Este, el de Atenas, rodeado adem\u00e1s de un cierto misterio, pues extra\u00f1\u00f3 que jugara Jude unos minutos en la segunda parte cuando previamente hab\u00eda trascendido que comenzaba en el banquillo por unas molestias musculares en el s\u00f3leo. Corri\u00f3, en cierto modo, un <b>riesgo innecesario<\/b>, pues cuando entr\u00f3 al campo acababa de <b>marcar Mbapp\u00e9<\/b> el cuarto de su cuenta y el partido marchaba 2-4.<\/p>\n<p><a href=\"https:\/\/as.com\/resultados\/ficha\/deportista\/jude_bellingham\/47694\/\" rel=\"nofollow noopener\" target=\"_blank\"><img decoding=\"async\" src=\"https:\/\/www.europesays.com\/es\/wp-content\/uploads\/2025\/12\/47694.png\" alt=\"Bellingham, mediapunta o centrocampista\" height=\"80\" width=\"80\"  loading=\"lazy\" data-error-image=\"https:\/\/static.as.com\/dist\/resources\/images\/placeholder-player.png\"\/><\/a><\/p>\n<p class=\"\">A lo largo de la temporada, <b>Xabi <\/b>ha terminado acomodando el <a href=\"https:\/\/as.com\/futbol\/primera\/xabi-alonso-luces-y-sombras-f202511-n\/\" target=\"_self\" rel=\"nofollow noopener\" title=\"https:\/\/as.com\/futbol\/primera\/xabi-alonso-luces-y-sombras-f202511-n\/\">sistema a un 4-2-3-1<\/a> para acercar a <b>Bellingham al gol <\/b>y reducir los metros que estaba obligado a recorrer cuando jugaba en el centro del campo, m\u00e1s pegado a la banda izquierda. El <b>ingl\u00e9s<\/b>, como suele hacer, <b>no defrauda<\/b> mirando a puerta. Han sido <b>cuatro los goles<\/b> que ha marcado en los <b>\u00faltimos siete partidos<\/b> en que ha sido titular, incluyendo el que salv\u00f3 el <a href=\"https:\/\/as.com\/futbol\/primera\/el-elche-desnuda-al-madrid-f202511-n\/\" target=\"_self\" rel=\"nofollow noopener\" title=\"https:\/\/as.com\/futbol\/primera\/el-elche-desnuda-al-madrid-f202511-n\/\">empate ante el Elche<\/a>, el de la victoria ante la Juventus o el primero del equipo en el Cl\u00e1sico. Pero ahora, el <b>giro t\u00e1ctico<\/b> de Xabi ante <b>Olympiacos<\/b>, en el que dispuso un <b>4-3-1-2<\/b> (con un trivote de mucho m\u00fasculo formado por Tchouameni, Camavinga y Valverde), requiere un <b>replanteamiento <\/b>de la situaci\u00f3n.<\/p>\n<p class=\"\">El <b>cambio<\/b>, en principio, <b>no afecta a Bellingham<\/b>, que puede seguir jugando en la mediapunta, en este caso <b>por detr\u00e1s<\/b> de los dos delanteros, ahora con <b>Vinicius <\/b>junto a <b>Mbbap\u00e9<\/b>. Pero eso puede <b>sacar <\/b>de la <b>ecuaci\u00f3n a G\u00fcler<\/b> a no ser que Xabi se decida a poner al turco en el trivote junto a Tchouameni y Valverde. En este caso es Camavinga el que se caer\u00e1 del equipo que salga de inicio.<\/p>\n<p><a href=\"https:\/\/as.com\/resultados\/ficha\/equipo\/real_madrid\/1\/\" rel=\"nofollow noopener\" target=\"_blank\"><img decoding=\"async\" src=\"https:\/\/www.europesays.com\/es\/wp-content\/uploads\/2025\/12\/1764564507_208_1.png\" alt=\"Bellingham, mediapunta o centrocampista\" height=\"80\" width=\"80\"  loading=\"lazy\" data-error-image=\"https:\/\/static.as.com\/dist\/resources\/images\/placeholder-team.png\"\/><\/a>Noticias relacionadas<a href=\"https:\/\/as.com\/futbol\/primera\/michel-el-madrid-es-el-mejor-equipo-de-laliga-y-tiene-al-mejor-delantero-f202511-n\/\" class=\"s_m_w\" title=\"El entrenador del Girona habla en la previa del duelo de ma\u00f1ana, domingo. Alaba al conjunto blanco, a Mbapp\u00e9 y a Courtois. Aunque \u201cnecesitamos mucho los puntos\u201d.\" data-tb-link=\"\" rel=\"nofollow noopener\" target=\"_blank\"><img decoding=\"async\" src=\"https:\/\/www.europesays.com\/es\/wp-content\/uploads\/2025\/12\/1764564507_286_TB4ZYGO2HNCO5LY5YO7QLRR76I.jpeg\" alt=\"M\u00edchel: \u201cEl Madrid es el mejor equipo de LaLiga y tiene al mejor delantero\u201d\" class=\"\" height=\"9\" width=\"16\"   loading=\"lazy\" data-tb-thumbnail=\"\"\/><\/a><a href=\"https:\/\/as.com\/futbol\/primera\/sigue-en-directo-la-rueda-de-prensa-de-xabi-alonso-antes-del-elche-real-madrid-de-laliga-ea-sports-f202511-d\/\" class=\"s_m_w\" title=\"El t\u00e9cnico del Real Madrid incidi\u00f3 mucho en la idea de que toda la plantilla disfrutar\u00e1 de oportunidades en las pr\u00f3ximas semanas: \u201cNecesitamos a todos\u201d.\" data-tb-link=\"\" rel=\"nofollow noopener\" target=\"_blank\"><img decoding=\"async\" src=\"https:\/\/www.europesays.com\/es\/wp-content\/uploads\/2025\/12\/TINHV7K53VLI5JOX67FCWSIA2M.jpg\" alt=\"Sigue en directo la rueda de prensa de Xabi Alonso antes del Elche-Real Madrid de LaLiga EA Sports\" class=\"\" height=\"9\" width=\"16\"   loading=\"lazy\" data-tb-thumbnail=\"\"\/><\/a><\/p>\n<p class=\"\">La<b> pregunta<\/b> del mill\u00f3n, \u00bfd\u00f3nde va a jugar Bellingham? parece estar <b>resuelta <\/b>desde hace tiempo. La <b>mediapunta es para \u00e9l.<\/b> Al menos, a eso ha tendido Xabi hasta ahora. Juega el ingl\u00e9s m\u00e1s centrado (y menos obligado en defensa) de lo que lo hac\u00eda con Ancelotti. Pero el <b>\u00faltimo cambio t\u00e1ctico<\/b> del t\u00e9cnico tolosarra, el <b>trivote <\/b>que mostr\u00f3 en Grecia, obliga a volver a <b>asentar las piezas,<\/b> incluida la del ingl\u00e9s, si es que persiste en esa idea.<\/p>\n<p class=\"\"><b>\u00a1Tus opiniones importan!<\/b> Comenta en los art\u00edculos y suscr\u00edbete gratis a nuestra <a href=\"https:\/\/asfan.as.com\/newsletters\/\" target=\"_blank\" rel=\"nofollow noopener\" title=\"https:\/\/asfan.as.com\/newsletters\/\">newsletter<\/a> y a las alertas informativas en la <a href=\"https:\/\/as.com\/aplicacion-de-as-n\/\" target=\"_blank\" rel=\"nofollow noopener\" title=\"https:\/\/as.com\/aplicacion-de-as-n\/\">App<\/a> o el canal de <a href=\"https:\/\/www.whatsapp.com\/channel\/0029VaAasdA7j6g745nz9M10\" target=\"_blank\" rel=\"nofollow noopener\" title=\"https:\/\/www.whatsapp.com\/channel\/0029VaAasdA7j6g745nz9M10\">WhatsApp<\/a>. \u00bfBuscas licenciar contenido? Haz clic <a href=\"https:\/\/profesional.elpais.com\/soluciones-sindicacion?utm_medium=interno&amp;utm_source=crosslinking&amp;utm_campaign=sindicacion_as_pie_articulos\" target=\"_blank\" rel=\"nofollow noopener\" title=\"https:\/\/profesional.elpais.com\/soluciones-sindicacion?utm_medium=interno&amp;utm_source=crosslinking&amp;utm_campaign=sindicacion_as_pie_articulos\">aqu\u00ed<\/a><\/p>\n<p>                    L\u00edderes<\/p>\n<p>                            Tarjetas amarillas<\/p>\n<p>                                                                            <img decoding=\"async\" title=\"Vitor Reis\" loading=\"lazy\" src=\"https:\/\/www.europesays.com\/es\/wp-content\/uploads\/2025\/12\/default.png\" width=\"60\" height=\"60\" data-error-image=\"https:\/\/www.europesays.com\/es\/wp-content\/uploads\/2025\/12\/default.png\"\/><\/p>\n<p>                                                Vitor Reis<\/p>\n<p>                                                                                            4<\/p>\n<p>                            Recuperaciones de posesi\u00f3n<\/p>\n","protected":false},"excerpt":{"rendered":"Miguel Angel Fernandez Menendez Para muchos, y despu\u00e9s de lo que hizo en su primera temporada en el&hellip;\n","protected":false},"author":2,"featured_media":264841,"comment_status":"","ping_status":"","sticky":false,"template":"","format":"standard","meta":{"footnotes":""},"categories":[93],"tags":[168,25,24,23,167],"class_list":{"0":"post-264840","1":"post","2":"type-post","3":"status-publish","4":"format-standard","5":"has-post-thumbnail","7":"category-deportes","8":"tag-deportes","9":"tag-es","10":"tag-espana","11":"tag-spain","12":"tag-sports"},"share_on_mastodon":{"url":"https:\/\/pubeurope.com\/@es\/115642506727199248","error":""},"_links":{"self":[{"href":"https:\/\/www.europesays.com\/es\/wp-json\/wp\/v2\/posts\/264840","targetHints":{"allow":["GET"]}}],"collection":[{"href":"https:\/\/www.europesays.com\/es\/wp-json\/wp\/v2\/posts"}],"about":[{"href":"https:\/\/www.europesays.com\/es\/wp-json\/wp\/v2\/types\/post"}],"author":[{"embeddable":true,"href":"https:\/\/www.europesays.com\/es\/wp-json\/wp\/v2\/users\/2"}],"replies":[{"embeddable":true,"href":"https:\/\/www.europesays.com\/es\/wp-json\/wp\/v2\/comments?post=264840"}],"version-history":[{"count":0,"href":"https:\/\/www.europesays.com\/es\/wp-json\/wp\/v2\/posts\/264840\/revisions"}],"wp:featuredmedia":[{"embeddable":true,"href":"https:\/\/www.europesays.com\/es\/wp-json\/wp\/v2\/media\/264841"}],"wp:attachment":[{"href":"https:\/\/www.europesays.com\/es\/wp-json\/wp\/v2\/media?parent=264840"}],"wp:term":[{"taxonomy":"category","embeddable":true,"href":"https:\/\/www.europesays.com\/es\/wp-json\/wp\/v2\/categories?post=264840"},{"taxonomy":"post_tag","embeddable":true,"href":"https:\/\/www.europesays.com\/es\/wp-json\/wp\/v2\/tags?post=264840"}],"curies":[{"name":"wp","href":"https:\/\/api.w.org\/{rel}","templated":true}]}}