{"id":264842,"date":"2025-12-01T04:49:08","date_gmt":"2025-12-01T04:49:08","guid":{"rendered":"https:\/\/www.europesays.com\/es\/264842\/"},"modified":"2025-12-01T04:49:08","modified_gmt":"2025-12-01T04:49:08","slug":"las-personas-heterosexuales-lideran-los-diagnosticos-de-sida-en-espana-sociedad","status":"publish","type":"post","link":"https:\/\/www.europesays.com\/es\/264842\/","title":{"rendered":"Las personas heterosexuales lideran los diagn\u00f3sticos de sida en Espa\u00f1a | Sociedad"},"content":{"rendered":"<p class=\"\">Las personas heterosexuales lideran los diagn\u00f3sticos de sida en Espa\u00f1a. En lo que llevamos de 2025 ha habido 11 diagn\u00f3sticos de la enfermedad en hombres que tienen sexo con hombres (HSH) frente a 20 en heterosexuales \u201511 hombres y 9 mujeres\u2015, <a href=\"https:\/\/www.sanidad.gob.es\/ciudadanos\/enfLesiones\/enfTransmisibles\/sida\/vigilancia\/docs\/Informe_VIH_SIDA_2024_Nov_2025.pdf\" target=\"_blank\" rel=\"noreferrer nofollow noopener\" title=\"https:\/\/www.sanidad.gob.es\/ciudadanos\/enfLesiones\/enfTransmisibles\/sida\/vigilancia\/docs\/Informe_VIH_SIDA_2024_Nov_2025.pdf\">seg\u00fan los datos de Sanidad<\/a> (tomados hasta el 30 de junio y a\u00fan provisionales, pues luego hay que incorporar las correcciones por diagn\u00f3stico tard\u00edo). <\/p>\n<p class=\"\">El sida es el estadio m\u00e1s avanzado de la infecci\u00f3n por VIH y solo ocurre mucho tiempo despu\u00e9s de que el virus ha infectado el cuerpo y no ocurre si se ha iniciado un tratamiento. Y justamente ah\u00ed radica el problema con respecto a la poblaci\u00f3n heterosexual, especialmente en hombres: un diagn\u00f3stico tard\u00edo ante la falta de chequeos. \u201cLa sociedad no se ha sentido interpelada por la prevenci\u00f3n o por el cuidado de la salud sexual\u201d, explica <a href=\"https:\/\/elpais.com\/sociedad\/2025-10-17\/carmen-martin-presidenta-de-cesida-estar-dentro-del-armario-del-vih-es-asfixiante.html\" target=\"_self\" rel=\"nofollow noopener\" title=\"https:\/\/elpais.com\/sociedad\/2025-10-17\/carmen-martin-presidenta-de-cesida-estar-dentro-del-armario-del-vih-es-asfixiante.html\">Carmen Mart\u00edn, presidenta de la Coordinadora Estatal de VIH y sida (Cesida).<\/a><\/p>\n<p class=\"\">Las cifras de 2025 consolidan una tendencia que se inicia hace dos a\u00f1os y confirmada tambi\u00e9n en 2024: ese a\u00f1o, de los 412 diagn\u00f3sticos de sida en Espa\u00f1a, la v\u00eda sexual protagoniz\u00f3 139 casos en HSH mientras que 161 ocurrieron en relaciones heterosexuales (104 en hombres y 57 en mujeres). El resto de casos fue por otras v\u00edas. \u201cLos datos indican que hay un incremento en heterosexuales. Va a seguir siendo as\u00ed, mientras que no haya campa\u00f1as espec\u00edficas\u201d, apuntan desde <a href=\"https:\/\/cesida.org\/\" target=\"_blank\" rel=\"noreferrer nofollow noopener\" title=\"https:\/\/cesida.org\/\">Cesida<\/a>, que representa a 79 entidades de todo el territorio que luchan por los derechos de las personas seropositivas. La presidenta de la organizaci\u00f3n denuncia una \u201cfalta de campa\u00f1as de sensibilizaci\u00f3n generales\u201d. \u201cPor ejemplo, hace mucho tiempo que no se promociona la necesidad del uso del preservativo\u201d, ahonda. <\/p>\n<p class=\"\">Adem\u00e1s, los gais, los hombres bisexuales, o las personas trans se hacen muchas m\u00e1s pruebas de VIH que los heterosexuales. \u201cEn general, la comunidad LGTBI+ est\u00e1 bastante m\u00e1s sensibilizada, pues se ha realizado mucha incidencia en ella. Tambi\u00e9n es verdad que han cargado con el peso del estigma: en los inicios, se hablaba de la peste o el c\u00e1ncer rosa\u201d, a\u00f1ade Mart\u00edn. <\/p>\n<p class=\"\">El 83% de los nuevos diagn\u00f3sticos de VIH en 2024 fueron por transmisi\u00f3n sexual, constata Sanidad. Ese a\u00f1o hubo 3.340 nuevos positivos, lo que representa una tasa de 6,95 por cada 100.000 habitantes, por encima de la media de la UE (5,3). El a\u00f1o pasado, la transmisi\u00f3n en hombres que tienen sexo con hombres fue la m\u00e1s frecuente (54,3%), seguida de la heterosexual (28,7%), y por el consumo de drogas inyectables (1,5%). <\/p>\n<p class=\"\">Sin embargo, en el desarrollo del sida lideran las personas hetero, principalmente los hombres. \u201cMuchos heterosexuales, hasta que no reciben el diagn\u00f3stico, consideraban que el VIH y el sida no iba con ellas. \u2018Si no consumo drogas ni soy gay, \u00bfpor qu\u00e9 me he infectado?\u2019, se preguntan. Viven ajenos a la realidad del VIH\u201d, abunda la presidenta de Cesida. Un hecho que tambi\u00e9n complica la aceptaci\u00f3n de esa realidad: \u201cUn test positivo les cae como una losa, dificultando el proceso de aceptaci\u00f3n y fomentando el surgimiento de sentimientos de culpa y rabia\u201d. <\/p>\n<p class=\"\">Desde 2013, los diagn\u00f3sticos de sida eran mayoritarios en HSH. As\u00ed fue durante una d\u00e9cada. Hasta 2023, cuando los heterosexuales desarrollaron m\u00e1s la enfermedad que los HSH (129 diagn\u00f3sticos, 82 en hombres y 47 en mujeres, frente a los 107 por sexo homosexual). \u201cLa comunidad LGTBI+ est\u00e1, en general, m\u00e1s cuidada ante el VIH\u201d, inciden desde Cesida: \u201cTiene m\u00e1s formaci\u00f3n, m\u00e1s informaci\u00f3n y m\u00e1s educaci\u00f3n sexual. <a href=\"https:\/\/elpais.com\/espana\/catalunya\/2025-10-23\/el-colapso-para-acceder-a-la-pastilla-preventiva-del-vih-en-cataluna-pone-en-jaque-la-lucha-contra-el-virus-del-sida.html\" target=\"_blank\" rel=\"noreferrer nofollow noopener\" title=\"https:\/\/elpais.com\/espana\/catalunya\/2025-10-23\/el-colapso-para-acceder-a-la-pastilla-preventiva-del-vih-en-cataluna-pone-en-jaque-la-lucha-contra-el-virus-del-sida.html\">Tambi\u00e9n toma terapia preexposici\u00f3n [Prep]<\/a>\u201d. <\/p>\n<p class=\"\">La incidencia de VIH en usuarios de Prep en Espa\u00f1a es de solo el 0,16%, seg\u00fan el estudio SCOPE, realizado en 12 centros sanitarios espa\u00f1oles y presentado la semana pasada. \u201cEsto demuestra que las infecciones por VIH en personas que utilizan profilaxis preexposici\u00f3n son excepcionales y se relacionan principalmente con interrupciones o falta de adherencia al tratamiento preventivo\u201d, detallan las conclusiones de la investigaci\u00f3n. <\/p>\n<p class=\"\">\u201cLa poblaci\u00f3n heterosexual carece de todo ello. Muchos heterosexuales no saben que tener relaciones sexuales con una persona seropositiva con carga viral indetectable no transmite la infecci\u00f3n. La poblaci\u00f3n heterosexual sigue usando el oj\u00edmetro como m\u00e9todo de prevenci\u00f3n; es decir, alguien tiene aspecto de no tener el virus, tienen relaciones sin protecci\u00f3n. Sigue habiendo mucha desinformaci\u00f3n. Ah\u00ed hay una asignatura pendiente\u201d, alerta la presidenta de Cesida. De ah\u00ed que reclame mayor concienciaci\u00f3n, m\u00e1s campa\u00f1as y m\u00e1s pruebas para toda la poblaci\u00f3n: \u201cSi no, la incidencia en heterosexuales no va a dejar de aumentar\u201d. <\/p>\n<p class=\"\">Actualmente, 40,8 millones de personas viven con el VIH en todo el mundo, <a href=\"https:\/\/www.unaids.org\/es\/resources\/presscentre\/pressreleaseandstatementarchive\/2025\/november\/wad-2025-report\" target=\"_blank\" rel=\"noreferrer nofollow noopener\" title=\"https:\/\/www.unaids.org\/es\/resources\/presscentre\/pressreleaseandstatementarchive\/2025\/november\/wad-2025-report\">seg\u00fan los datos de ONUSIDA, publicados este lunes,<\/a> coincidiendo con el D\u00eda Internacional del sida. El a\u00f1o pasado hubo 1,3 millones de nuevas infecciones globales y 9,2 millones de personas a\u00fan no acceden al tratamiento. \u201cLa respuesta mundial al VIH<a href=\"https:\/\/elpais.com\/planeta-futuro\/2025-09-30\/cuatro-graficos-para-entender-como-los-recortes-globales-amenazan-avances-historicos-en-la-lucha-contra-el-sida.html\" target=\"_blank\" rel=\"noreferrer nofollow noopener\" title=\"https:\/\/elpais.com\/planeta-futuro\/2025-09-30\/cuatro-graficos-para-entender-como-los-recortes-globales-amenazan-avances-historicos-en-la-lucha-contra-el-sida.html\"> ha sufrido su rev\u00e9s m\u00e1s significativo en d\u00e9cadas<\/a>\u201d, resume el informe en referencia a \u201cla crisis de financiaci\u00f3n de 2025\u201d, <a href=\"https:\/\/elpais.com\/planeta-futuro\/2025-10-01\/los-recortes-de-trump-pinchan-la-estrategia-del-condon-asequible-en-ghana.html\" target=\"_blank\" rel=\"noreferrer nofollow noopener\" title=\"https:\/\/elpais.com\/planeta-futuro\/2025-10-01\/los-recortes-de-trump-pinchan-la-estrategia-del-condon-asequible-en-ghana.html\">liderada por el recorte del Gobierno de Trump a muchas partidas para ayuda exterior<\/a>. Seg\u00fan la organizaci\u00f3n, la tijera en los fondos para cooperaci\u00f3n elevar\u00e1 las muertes por sida de los dos millones actuales hasta los seis en los pr\u00f3ximos cuatro a\u00f1os. <\/p>\n<p class=\"\">Ese cambio de paradigma \u201cha sumido la respuesta al sida en el caos, con disrupciones masivas en la prevenci\u00f3n del VIH y en los servicios, particularmente para los m\u00e1s vulnerables\u201d, remarcan desde ONUSIDA. A pesar de ello, el informe destaca que \u201cla resiliencia, la inversi\u00f3n y la innovaci\u00f3n, combinadas con la solidaridad mundial, a\u00fan ofrecen un camino para poner fin al sida\u201d. <\/p>\n<p>Menos hombres heterosexuales en el activismo seropositivo <\/p>\n<p>Los hombres heterosexuales son uno de los grupos que menos participa en el asociacionismo seropositivo, confirman desde Cesida. \u201cEn general, la participaci\u00f3n ha bajado en las entidades con respecto al inicio de la pandemia [de VIH]\u201d, explica la presidenta de la organizaci\u00f3n, Carmen Mart\u00edn. Hace unos a\u00f1os, la participaci\u00f3n parec\u00eda m\u00e1s necesaria, m\u00e1s urgente. \u201cLas personas seropositivas ya no nos morimos, estamos envejeciendo. Adem\u00e1s, ahora hay m\u00e1s derechos conquistados y parece que hay menos necesidad. Yo creo lo contrario: a\u00fan queda mucho por conquistar\u201d, contin\u00faa Mart\u00edn. En Espa\u00f1a hay unas 250.000 personas que conviven con el VIH, seg\u00fan los datos de la organizaci\u00f3n. A pesar de ello, la visibilidad seropositiva sigue teniendo un coste emocional y social: \u201cLa sociedad sigue juzgando a las personas con VIH\u201d. <\/p>\n","protected":false},"excerpt":{"rendered":"Las personas heterosexuales lideran los diagn\u00f3sticos de sida en Espa\u00f1a. En lo que llevamos de 2025 ha habido&hellip;\n","protected":false},"author":2,"featured_media":264843,"comment_status":"","ping_status":"","sticky":false,"template":"","format":"standard","meta":{"footnotes":""},"categories":[92],"tags":[20599,28060,25,24,29236,165,65712,23887,2218,166,492,23,2389],"class_list":{"0":"post-264842","1":"post","2":"type-post","3":"status-publish","4":"format-standard","5":"has-post-thumbnail","7":"category-salud","8":"tag-comunidad-lgtbiq","9":"tag-derechos-civiles","10":"tag-es","11":"tag-espana","12":"tag-gays","13":"tag-health","14":"tag-heterosexualidad","15":"tag-homosexualidad","16":"tag-infecciones","17":"tag-salud","18":"tag-sociedad","19":"tag-spain","20":"tag-vih-sida"},"share_on_mastodon":{"url":"https:\/\/pubeurope.com\/@es\/115642509896805234","error":""},"_links":{"self":[{"href":"https:\/\/www.europesays.com\/es\/wp-json\/wp\/v2\/posts\/264842","targetHints":{"allow":["GET"]}}],"collection":[{"href":"https:\/\/www.europesays.com\/es\/wp-json\/wp\/v2\/posts"}],"about":[{"href":"https:\/\/www.europesays.com\/es\/wp-json\/wp\/v2\/types\/post"}],"author":[{"embeddable":true,"href":"https:\/\/www.europesays.com\/es\/wp-json\/wp\/v2\/users\/2"}],"replies":[{"embeddable":true,"href":"https:\/\/www.europesays.com\/es\/wp-json\/wp\/v2\/comments?post=264842"}],"version-history":[{"count":0,"href":"https:\/\/www.europesays.com\/es\/wp-json\/wp\/v2\/posts\/264842\/revisions"}],"wp:featuredmedia":[{"embeddable":true,"href":"https:\/\/www.europesays.com\/es\/wp-json\/wp\/v2\/media\/264843"}],"wp:attachment":[{"href":"https:\/\/www.europesays.com\/es\/wp-json\/wp\/v2\/media?parent=264842"}],"wp:term":[{"taxonomy":"category","embeddable":true,"href":"https:\/\/www.europesays.com\/es\/wp-json\/wp\/v2\/categories?post=264842"},{"taxonomy":"post_tag","embeddable":true,"href":"https:\/\/www.europesays.com\/es\/wp-json\/wp\/v2\/tags?post=264842"}],"curies":[{"name":"wp","href":"https:\/\/api.w.org\/{rel}","templated":true}]}}