{"id":264844,"date":"2025-12-01T04:50:20","date_gmt":"2025-12-01T04:50:20","guid":{"rendered":"https:\/\/www.europesays.com\/es\/264844\/"},"modified":"2025-12-01T04:50:20","modified_gmt":"2025-12-01T04:50:20","slug":"movistar-plus-no-para-y-lanza-manana-la-serie-de-terror-espanola-del-director-que-nunca-deja-indiferente-a-nadie","status":"publish","type":"post","link":"https:\/\/www.europesays.com\/es\/264844\/","title":{"rendered":"Movistar Plus+ no para y lanza ma\u00f1ana la serie de terror espa\u00f1ola del director que nunca deja indiferente a nadie"},"content":{"rendered":"<p class=\"c-paragraph\"><a href=\"https:\/\/www.hobbyconsolas.com\/ultimo\/poster-imagenes-silencio-primera-serie-eduardo-casanova_6665396_1.html\" title=\"P\u00f3ster e im\u00e1genes de Silencio, la primera serie de Eduardo Casanova\" rel=\"nofollow noopener\" target=\"_blank\">Eduardo Casanova<\/a> regresa a nuestras pantallas con una nueva creaci\u00f3n, pero en esta ocasi\u00f3n lo har\u00e1 para el streaming con una <b>miniserie <\/b>de televisi\u00f3n exclusiva de <a href=\"https:\/\/www.hobbyconsolas.com\/reportajes\/movistar-plus-planes-precio-compartir-cuenta-catalogo-1189424\" title=\"Movistar Plus+: planes, precio, compartir cuenta, cat\u00e1logo y m\u00e1s\" rel=\"nofollow noopener\" target=\"_blank\">Movistar Plus+<\/a>, a trav\u00e9s de la cual seguir\u00e1 explorando nuevos territorios, ahora mezclando el terror y la comedia con la cr\u00edtica social.<\/p>\n<p class=\"c-paragraph\">Tras haber dado el salto a la direcci\u00f3n y empezar a experimentar con la narrativa en largometrajes mediante cintas como <a href=\"https:\/\/www.hobbyconsolas.com\/reviews\/critica-pieles-pelicula-eduardo-casanova-ya-netflix-169184\" title=\"Cr\u00edtica de Pieles, pel\u00edcula de Eduardo Casanova ya en Netflix\" rel=\"nofollow noopener\" target=\"_blank\">Pieles <\/a>(2017) o <a href=\"https:\/\/www.hobbyconsolas.com\/reviews\/critica-piedad-segundo-largometraje-eduardo-casanova-1180246\" title=\"Cr\u00edtica de La Piedad, la nueva pel\u00edcula de Eduardo Casanova que seduce tanto como Pieles\" rel=\"nofollow noopener\" target=\"_blank\">La piedad<\/a> (2023), el \u00faltimo proyecto de ficci\u00f3n de <b>Eduardo Casanova <\/b>es una miniserie tan corta como una pel\u00edcula.<\/p>\n<p class=\"c-paragraph\">Se trata de <a href=\"https:\/\/www.hobbyconsolas.com\/hobbycine\/movistar-plus-presenta-silencio-una-comedia-vampiros-realizada-por-eduardo-casanova-que-muestra-un-primer-adelanto_6884561_0.html\" title=\"Movistar Plus+ presenta Silencio, una comedia de vampiros realizada por Eduardo Casanova que muestra un primer adelanto\" rel=\"nofollow noopener\" target=\"_blank\">Silencio<\/a>, una producci\u00f3n de<b> tem\u00e1tica vamp\u00edrica <\/b>que contar\u00e1 con tan solo<b> tres episodios de unos 20 minutos<\/b> de duraci\u00f3n por cap\u00edtulo. Su reparto, de lujo, cuenta con la presencia de int\u00e9rpretes como:<b> Leticia Dolera<\/b>, <b>Mar\u00eda Le\u00f3n<\/b>, <b>Ana Polvorosa<\/b>, <b>Omar Ayuso<\/b>, <b>Luc\u00eda D\u00edez<\/b>, <b>Mariola Fuentes <\/b>o<b> Carolina Rubio<\/b>.<\/p>\n<p>Una historia de vampiresas diferente al resto<\/p>\n<p class=\"c-paragraph\"><b>La serie de Eduardo Casanova<\/b> se divide en dos l\u00edneas temporales. Por un lado, conocemos a unas hermanas vampiresas que sufren durante la \u00e9poca de la <b>Peste Negra <\/b>en Europa ante la escasez de sangre humana limpia.<\/p>\n<p class=\"c-paragraph\">Por otro, nos trasladamos hasta los a\u00f1os 80 -cuando estall\u00f3 la pandemia del <b>SIDA en Espa\u00f1a<\/b>-, junto a una de sus descendientes, para descubrir que \u201cla condena social sigue siendo la misma\u201d mientras la escasez de sangra vuelve a suponer un problema.<\/p>\n<p class=\"c-paragraph\">La sinopsis oficial de <b>Silencio <\/b>nos plantea la gran cuesti\u00f3n que explora la serie, d\u00e1ndole un peque\u00f1o giro a las historias de vampiresas que ya conocemos: \u201cEl amor entre \u201cenfermos\u201d y \u201csanos\u201d, humanas y vampiras sigue provocando el mismo terror \u00bfQu\u00e9 sucede cuando la eternidad se mide en siglos de silencio?\u201d<\/p>\n<p class=\"c-paragraph\">Ma\u00f1ana, lunes 1 de diciembre, se estrenar\u00e1n en<b> Movistar Plus+ <\/b>los tres episodios que componen la miniserie Silencio de Eduardo Casanova. Por el moe\u00a1mento, la serie ya cuenta con un 6,3 en Filmaffinity.<\/p>\n","protected":false},"excerpt":{"rendered":"Eduardo Casanova regresa a nuestras pantallas con una nueva creaci\u00f3n, pero en esta ocasi\u00f3n lo har\u00e1 para el&hellip;\n","protected":false},"author":2,"featured_media":264845,"comment_status":"","ping_status":"","sticky":false,"template":"","format":"standard","meta":{"footnotes":""},"categories":[91],"tags":[146,147,25,24,2629,303,689,2078,7741,23],"class_list":{"0":"post-264844","1":"post","2":"type-post","3":"status-publish","4":"format-standard","5":"has-post-thumbnail","7":"category-entretenimiento","8":"tag-entertainment","9":"tag-entretenimiento","10":"tag-es","11":"tag-espana","12":"tag-lanza","13":"tag-movistar","14":"tag-no","15":"tag-para","16":"tag-plus","17":"tag-spain"},"share_on_mastodon":{"url":"https:\/\/pubeurope.com\/@es\/115642513954685737","error":""},"_links":{"self":[{"href":"https:\/\/www.europesays.com\/es\/wp-json\/wp\/v2\/posts\/264844","targetHints":{"allow":["GET"]}}],"collection":[{"href":"https:\/\/www.europesays.com\/es\/wp-json\/wp\/v2\/posts"}],"about":[{"href":"https:\/\/www.europesays.com\/es\/wp-json\/wp\/v2\/types\/post"}],"author":[{"embeddable":true,"href":"https:\/\/www.europesays.com\/es\/wp-json\/wp\/v2\/users\/2"}],"replies":[{"embeddable":true,"href":"https:\/\/www.europesays.com\/es\/wp-json\/wp\/v2\/comments?post=264844"}],"version-history":[{"count":0,"href":"https:\/\/www.europesays.com\/es\/wp-json\/wp\/v2\/posts\/264844\/revisions"}],"wp:featuredmedia":[{"embeddable":true,"href":"https:\/\/www.europesays.com\/es\/wp-json\/wp\/v2\/media\/264845"}],"wp:attachment":[{"href":"https:\/\/www.europesays.com\/es\/wp-json\/wp\/v2\/media?parent=264844"}],"wp:term":[{"taxonomy":"category","embeddable":true,"href":"https:\/\/www.europesays.com\/es\/wp-json\/wp\/v2\/categories?post=264844"},{"taxonomy":"post_tag","embeddable":true,"href":"https:\/\/www.europesays.com\/es\/wp-json\/wp\/v2\/tags?post=264844"}],"curies":[{"name":"wp","href":"https:\/\/api.w.org\/{rel}","templated":true}]}}