{"id":264848,"date":"2025-12-01T04:52:17","date_gmt":"2025-12-01T04:52:17","guid":{"rendered":"https:\/\/www.europesays.com\/es\/264848\/"},"modified":"2025-12-01T04:52:17","modified_gmt":"2025-12-01T04:52:17","slug":"cuando-es-mas-barata-y-cara-en-el-mercado-mayorista-3","status":"publish","type":"post","link":"https:\/\/www.europesays.com\/es\/264848\/","title":{"rendered":"cu\u00e1ndo es m\u00e1s barata y cara en el mercado mayorista"},"content":{"rendered":"<p>El <strong>precio medio de la luz del lunes, 1 de diciembre de 2025, ser\u00e1 de 91,78 euros por megavatio hora (\u20ac\/MWh)<\/strong>, seg\u00fan los datos publicados por el Operador del Mercado Ib\u00e9rico de la Energ\u00eda (OMIE). As\u00ed, el precio de la electricidad vuelve a bajar un 8,89% (7,31 \u00a0euros menos), si lo comparamos con el precio registrado en la jornada de este s\u00e1bado, fijado en los 82,23 euros.<\/p>\n<p>\u00bfCu\u00e1ndo es m\u00e1s barata la luz este lunes?<\/p>\n<p>La <strong>hora m\u00e1s barata de luz<\/strong> se dar\u00e1 al por la ma\u00f1ana, entre las <strong>11:00 y las 12:00 horas<\/strong>, con un precio medio de <strong>68,20 euros<\/strong>. Otras horas baratas dentro de las franjas diurnas se encontrar\u00e1n de 13:00 a 14:00 horas, donde el precio medio ser\u00e1 de 69,57 euros.<\/p>\n<p>Te puede interesar<br \/>\n<a href=\"https:\/\/noticiastrabajo.huffingtonpost.es\/economia\/consumo\/precio-luz-1-diciembre-2025-por-horas-pvpc\/\" class=\"!no-underline !text-lg !text-gray-700 content\" rel=\"nofollow noopener\" target=\"_blank\"><img decoding=\"async\" src=\"https:\/\/www.europesays.com\/es\/wp-content\/uploads\/2025\/12\/precio-luz-1-diciembre-2025-241140-480-270.jpg\" loading=\"lazy\" class=\"w-[224px] h-auto object-contain\"\/><\/a><br \/>\n              <a href=\"https:\/\/noticiastrabajo.huffingtonpost.es\/economia\/consumo\/precio-luz-30-noviembre-2025-por-horas-pvpc\/\" class=\"!no-underline !text-lg !text-gray-700 content\" rel=\"nofollow noopener\" target=\"_blank\"><img decoding=\"async\" src=\"https:\/\/www.europesays.com\/es\/wp-content\/uploads\/2025\/12\/precio-luz-hoy-domingo-30-noviembre-2025-241112-480-270.jpg\" loading=\"lazy\" class=\"w-[224px] h-auto object-contain\"\/><\/a> \u00bfCu\u00e1ndo es m\u00e1s cara la electricidad?<\/p>\n<p>En cambio, la\u00a0<strong>hora m\u00e1s cara<\/strong>, se dar\u00e1 por la tarde, entre las\u00a0<strong>21:00 y las 22:00 horas<\/strong>, con un precio de\u00a0<strong>138,25 euros\/MWh<\/strong>. Tambi\u00e9n habr\u00e1 que evitar las horas situadas entre las 20:00 y las 21:00 horas, ya que el precio estar\u00e1 en los 137,87 euros\/MWh.<\/p>\n<p>\u00a0Precio de la luz por horas lunes, 1 de diciembre<\/p>\n<p>Para el primer d\u00eda de diciembre habr\u00e1 que tener cuidado, ya que las horas m\u00e1s cara sobrepasar\u00e1n los 100 euros\/MWh. Por otro lado, las horas m\u00e1s baratas, su mayor\u00eda, estar\u00e1n a primeras horas de la tarde, entre las 10:00 y las 16:00 horas. En el siguiente listado se muestra el precio de la luz por horas.<\/p>\n<p><img decoding=\"async\" style=\"aspect-ratio:758\/755;\" src=\"https:\/\/www.europesays.com\/es\/wp-content\/uploads\/2025\/12\/1764506825112precio-luz-horas-1-diciembre-2025-820-x.jpg\" loading=\"lazy\" width=\"758\" height=\"755\" alt=\"Precio de la luz por horas, 1 de diciembre de 2025\"\/><\/p>\n<ul>\n<li>00:00 a 01:00: 87,02 euros\/MWh<\/li>\n<li>01:00 a 02:00: 75,78 euros\/MWh<\/li>\n<li>02:00 a 03:00: 70,50 euros\/MWh<\/li>\n<li>03:00 a 04:00: 70,16 euros\/MWh<\/li>\n<li>04:00 a 05:00: 77,31 euros\/MWh<\/li>\n<li>05:00 a 06:00: 88,74 euros\/MWh<\/li>\n<li>06:00 a 07:00: 99,67 euros\/MWh<\/li>\n<li>07:00 a 08:00: 108,35 euros\/MWh<\/li>\n<li>08:00 a 09:00: 113,51 euros\/MWh<\/li>\n<li>09:00 a 10:00: 95,21 euros\/MWh<\/li>\n<li>10:00 a 11:00: 75,12 euros\/MWh<\/li>\n<li><strong>11:00 a 12:00: 68,20 euros\/MWh<\/strong><\/li>\n<li>12:00 a 13:00: 70,80 euros\/MWh<\/li>\n<li>13:00 a 14:00: 69,57 euros\/MWh<\/li>\n<li>14:00 a 15:00: 69,88 euros\/MWh<\/li>\n<li>15:00 a 16:00: 73,38 euros\/MWh<\/li>\n<li>16:00 a 17:00: 85,65 euros\/MWh<\/li>\n<li>17:00 a 18:00: 95,12 euros\/MWh<\/li>\n<li>18:00 a 19:00: 104,87 euros\/MWh<\/li>\n<li>19:00 a 20:00: 122,96 euros\/MWh<\/li>\n<li>20:00 a 21:00: 137,87 euros\/MWh<\/li>\n<li><strong>21:00 a 22:00: 138,25 euros\/MWh<\/strong><\/li>\n<li>22:00 a 23:00: 109,01 euros\/MWh<\/li>\n<li>23:00 a 24:00: 95,78 euros\/MWh<\/li>\n<\/ul>\n<p>Evoluci\u00f3n del precio de la luz en diciembre<\/p>\n<p>Al ser el primer d\u00eda el precio medio de la luz para este mes de diciembre se sit\u00faa en los 91,78 euros\/MWh, que es m\u00e1s bajo que el de hace un a\u00f1o, pues esa <a href=\"https:\/\/noticiastrabajo.huffingtonpost.es\/economia\/consumo\/precio-luz-1-diciembre-2024-horas-mas-baratas-caras\/\" rel=\"nofollow noopener\" target=\"_blank\">jornada el precio de la luz marcaba 126,52 euros\/MWh<\/a>, es decir que ahora la electricidad es 34,74 euros menos.<\/p>\n<tr>Fecha20242025Diferencia en euros\/MWh<\/tr>\n<tr>\n<td>1 de diciembre<\/td>\n<td>126,52<\/td>\n<td>91,78<\/td>\n<td>-34,74<\/td>\n<\/tr>\n","protected":false},"excerpt":{"rendered":"El precio medio de la luz del lunes, 1 de diciembre de 2025, ser\u00e1 de 91,78 euros por&hellip;\n","protected":false},"author":2,"featured_media":264849,"comment_status":"","ping_status":"","sticky":false,"template":"","format":"standard","meta":{"footnotes":""},"categories":[80],"tags":[82,95,94,25,24,23],"class_list":{"0":"post-264848","1":"post","2":"type-post","3":"status-publish","4":"format-standard","5":"has-post-thumbnail","7":"category-economia","8":"tag-business","9":"tag-economia","10":"tag-economy","11":"tag-es","12":"tag-espana","13":"tag-spain"},"share_on_mastodon":{"url":"https:\/\/pubeurope.com\/@es\/115642521661305982","error":""},"_links":{"self":[{"href":"https:\/\/www.europesays.com\/es\/wp-json\/wp\/v2\/posts\/264848","targetHints":{"allow":["GET"]}}],"collection":[{"href":"https:\/\/www.europesays.com\/es\/wp-json\/wp\/v2\/posts"}],"about":[{"href":"https:\/\/www.europesays.com\/es\/wp-json\/wp\/v2\/types\/post"}],"author":[{"embeddable":true,"href":"https:\/\/www.europesays.com\/es\/wp-json\/wp\/v2\/users\/2"}],"replies":[{"embeddable":true,"href":"https:\/\/www.europesays.com\/es\/wp-json\/wp\/v2\/comments?post=264848"}],"version-history":[{"count":0,"href":"https:\/\/www.europesays.com\/es\/wp-json\/wp\/v2\/posts\/264848\/revisions"}],"wp:featuredmedia":[{"embeddable":true,"href":"https:\/\/www.europesays.com\/es\/wp-json\/wp\/v2\/media\/264849"}],"wp:attachment":[{"href":"https:\/\/www.europesays.com\/es\/wp-json\/wp\/v2\/media?parent=264848"}],"wp:term":[{"taxonomy":"category","embeddable":true,"href":"https:\/\/www.europesays.com\/es\/wp-json\/wp\/v2\/categories?post=264848"},{"taxonomy":"post_tag","embeddable":true,"href":"https:\/\/www.europesays.com\/es\/wp-json\/wp\/v2\/tags?post=264848"}],"curies":[{"name":"wp","href":"https:\/\/api.w.org\/{rel}","templated":true}]}}