{"id":26485,"date":"2025-08-05T04:42:11","date_gmt":"2025-08-05T04:42:11","guid":{"rendered":"https:\/\/www.europesays.com\/es\/26485\/"},"modified":"2025-08-05T04:42:11","modified_gmt":"2025-08-05T04:42:11","slug":"asi-fue-su-lesion-el-financiero","status":"publish","type":"post","link":"https:\/\/www.europesays.com\/es\/26485\/","title":{"rendered":"As\u00ed fue su lesi\u00f3n \u2013 El Financiero"},"content":{"rendered":"<p class=\"c-paragraph\">El <a href=\"https:\/\/www.elfinanciero.com.mx\/deportes\/2025\/03\/31\/quien-es-david-martinez-el-medico-del-imss-que-triunfo-en-su-debut-en-la-ufc\/\" target=\"_blank\" rel=\"noreferrer nofollow noopener\" title=\"https:\/\/www.elfinanciero.com.mx\/deportes\/2025\/03\/31\/quien-es-david-martinez-el-medico-del-imss-que-triunfo-en-su-debut-en-la-ufc\/\">peleador de la UFC<\/a> <b>Mohammad Yahya<\/b> sufri\u00f3 una severa lesi\u00f3n en el ojo izquierdo que oblig\u00f3 a detener la pelea en su combate contra el <a href=\"https:\/\/www.elfinanciero.com.mx\/deportes\/2024\/10\/01\/lazy-boy-luis-ronaldo-reconoce-que-la-ufc-lo-salvo-de-los-vicios\/\" target=\"_blank\" rel=\"noreferrer nofollow noopener\" title=\"https:\/\/www.elfinanciero.com.mx\/deportes\/2024\/10\/01\/lazy-boy-luis-ronaldo-reconoce-que-la-ufc-lo-salvo-de-los-vicios\/\">luchador de artes marciales mixtas<\/a> estadounidense <b>Steven Nguyen<\/b> en UFC Fight Night Abu Dhabi.<\/p>\n<p class=\"c-paragraph\">En las im\u00e1genes posteriores al final de la pelea, se pod\u00eda ver el ojo del peleador emirat\u00ed completamente cerrado completo tras recibir una serie de potentes golpes, adem\u00e1s de una hinchaz\u00f3n del tama\u00f1o de una <b>pelota de golf<\/b>.<\/p>\n<p class=\"c-paragraph\">El combate, parte de la cartelera preliminar en el Etihad Arena el pasado s\u00e1bado, reuni\u00f3 a dos exponentes del peso pluma sin t\u00edtulo en disputa. Para Yahya, el primer peleador de Emiratos \u00c1rabes Unidos en llegar al oct\u00e1gono de UFC, la pelea representaba una oportunidad para brillar frente a su gente pero Nguyen ten\u00eda otros planes.<\/p>\n<p>\u00bfC\u00f3mo fue la pelea Yahya vs. Nguyen que termin\u00f3 con una severa lesi\u00f3n?<\/p>\n<p class=\"c-paragraph\">Desde el primer round, Nguyen impuso su ritmo y precisi\u00f3n. Golpe tras golpe, fue debilitando a su oponente y logr\u00f3 conectar directamente en la zona ocular del emirat\u00ed.<\/p>\n<p><img alt=\"alt default\" class=\"c-image\" loading=\"lazy\" decoding=\"async\" src=\"https:\/\/www.europesays.com\/es\/wp-content\/uploads\/2025\/08\/ASTDWN2O6FD3PMOWGNPIQWD3KE.jpg\" width=\"400\" height=\"256\"\/>Mohammad Yahya fue castigado por Steven en la pelea que termin\u00f3 por TKO (Foto: EFE\/EPA\/ALI HAIDER).<br \/>\n (ALI HAIDER\/EFE) <\/p>\n<p class=\"c-paragraph\">La inflamaci\u00f3n comenz\u00f3 a notarse a partir del segundo asalto. Aunque Yahya intent\u00f3 resistir, su visi\u00f3n qued\u00f3 muy comprometida. Su ojo izquierdo se cerr\u00f3 por completo, con un hematoma que sobresal\u00eda y r\u00e1pidamente fue comparada con una pelota de golf.<\/p>\n<p class=\"c-paragraph\">El \u00e1rbitro detuvo la pelea al t\u00e9rmino del segundo round, priorizando la salud del peleador local. Aunque Yahya pidi\u00f3 continuar, el m\u00e9dico del evento recomend\u00f3 no seguir por el estado cr\u00edtico de su ojo.<\/p>\n<p class=\"c-paragraph\">La decisi\u00f3n m\u00e9dica otorg\u00f3 la victoria a <b>Steven Nguyen por TKO<\/b>, quien adem\u00e1s estableci\u00f3 un nuevo r\u00e9cord en la organizaci\u00f3n: logr\u00f3 <b>siete knockdowns (ca\u00eddas) en una sola pelea<\/b>, una marca in\u00e9dita en UFC.<\/p>\n<p class=\"c-paragraph\">Nguyen, originario de Dallas, Texas, mejor\u00f3 su r\u00e9cord profesional a 10-2-0 con esta victoria. Yahya, por su parte, descendi\u00f3 a 12-6-0. El resultado marca un duro rev\u00e9s para el representante emirat\u00ed, quien hab\u00eda llegado al evento con altas expectativas frente a su p\u00fablico.<\/p>\n<p class=\"c-paragraph\">La derrota de Yahya impact\u00f3 no solo por lo contundente del castigo del estadounidense sobre el oct\u00e1gono, sino por la escena final. Las c\u00e1maras captaron <b>su rostro desfigurado por la hinchaz\u00f3n<\/b>, mientras intentaba mantener la compostura frente al p\u00fablico local.<\/p>\n<p><img alt=\"alt default\" class=\"c-image\" loading=\"lazy\" decoding=\"async\" src=\"https:\/\/www.europesays.com\/es\/wp-content\/uploads\/2025\/08\/7X3HYB2F4ZGERGD6C33DI3WD6I.jpg\" width=\"400\" height=\"276\"\/>Steven Nguyen gan\u00f3 la pelea contra Mohammad Yahya en UFC fight night 193 desde los Emiratos \u00c1rabes Unidos. Foto: EFE\/EPA\/ALI HAIDER (ALI HAIDER\/EFE) <\/p>\n<p class=\"c-paragraph\">El evento UFC Fight Night Abu Dhabi tuvo como pelea estelar el enfrentamiento entre el campe\u00f3n de peso mediano <b>Robert Whittaker y el monarca de peso semipesado Reiner de Ridder,<\/b> quien se llev\u00f3 la pelea. Sin embargo, el combate entre Yahya y Nguyen acapar\u00f3 la atenci\u00f3n por el dramatismo y la intensidad vivida en solo dos rounds.<\/p>\n<p class=\"c-paragraph\">Por medio de Instagram, Yahya comparti\u00f3 un par de fotos donde se puede observar su dram\u00e1tica lesi\u00f3n y las acompa\u00f1a por la frase \u00ab<b>Alhamdulilah<\/b>\u201c, la cual del \u00e1rabe se traduce como \u201cGracias a Dios\u201d o \u201cAlabado sea Dios\u201d, y se utiliza como una expresi\u00f3n para dar gracias a su deidad. <\/p>\n<p class=\"c-paragraph\">La comunidad de las <a href=\"https:\/\/www.elfinanciero.com.mx\/deportes\/2023\/03\/05\/quien-es-la-peleadora-mexicana-de-artes-marciales-mixtas-alexa-grasso-campeona-de-ufc\/\" target=\"_blank\" rel=\"noreferrer nofollow noopener\" title=\"https:\/\/www.elfinanciero.com.mx\/deportes\/2023\/03\/05\/quien-es-la-peleadora-mexicana-de-artes-marciales-mixtas-alexa-grasso-campeona-de-ufc\/\">artes marciales mixtas<\/a> expres\u00f3 su apoyo a Yahya por su valent\u00eda y reconoci\u00f3 la gran actuaci\u00f3n de Nguyen, quien ya se posiciona como una figura emergente en la divisi\u00f3n pluma en la UFC.<\/p>\n","protected":false},"excerpt":{"rendered":"El peleador de la UFC Mohammad Yahya sufri\u00f3 una severa lesi\u00f3n en el ojo izquierdo que oblig\u00f3 a&hellip;\n","protected":false},"author":2,"featured_media":26486,"comment_status":"","ping_status":"","sticky":false,"template":"","format":"standard","meta":{"footnotes":""},"categories":[276],"tags":[14679,168,25,24,4675,14674,14673,14675,14671,23,167,4838,14676,343,14678,14672,14677],"class_list":{"0":"post-26485","1":"post","2":"type-post","3":"status-publish","4":"format-standard","5":"has-post-thumbnail","7":"category-ufc","8":"tag-cov","9":"tag-deportes","10":"tag-es","11":"tag-espana","12":"tag-mohammad-yahya","13":"tag-mohammad-yahya-que-le-paso","14":"tag-mohammad-yahya-ufc","15":"tag-mohammad-yahya-vs","16":"tag-peleador-ufc","17":"tag-spain","18":"tag-sports","19":"tag-steven-nguyen","20":"tag-steven-nguyen-vs","21":"tag-ufc","22":"tag-ufc-fight-night-abu-dhabi","23":"tag-ufc-lesion-ojo","24":"tag-ufc-night-fight"},"share_on_mastodon":{"url":"","error":""},"_links":{"self":[{"href":"https:\/\/www.europesays.com\/es\/wp-json\/wp\/v2\/posts\/26485","targetHints":{"allow":["GET"]}}],"collection":[{"href":"https:\/\/www.europesays.com\/es\/wp-json\/wp\/v2\/posts"}],"about":[{"href":"https:\/\/www.europesays.com\/es\/wp-json\/wp\/v2\/types\/post"}],"author":[{"embeddable":true,"href":"https:\/\/www.europesays.com\/es\/wp-json\/wp\/v2\/users\/2"}],"replies":[{"embeddable":true,"href":"https:\/\/www.europesays.com\/es\/wp-json\/wp\/v2\/comments?post=26485"}],"version-history":[{"count":0,"href":"https:\/\/www.europesays.com\/es\/wp-json\/wp\/v2\/posts\/26485\/revisions"}],"wp:featuredmedia":[{"embeddable":true,"href":"https:\/\/www.europesays.com\/es\/wp-json\/wp\/v2\/media\/26486"}],"wp:attachment":[{"href":"https:\/\/www.europesays.com\/es\/wp-json\/wp\/v2\/media?parent=26485"}],"wp:term":[{"taxonomy":"category","embeddable":true,"href":"https:\/\/www.europesays.com\/es\/wp-json\/wp\/v2\/categories?post=26485"},{"taxonomy":"post_tag","embeddable":true,"href":"https:\/\/www.europesays.com\/es\/wp-json\/wp\/v2\/tags?post=26485"}],"curies":[{"name":"wp","href":"https:\/\/api.w.org\/{rel}","templated":true}]}}