{"id":264850,"date":"2025-12-01T04:53:07","date_gmt":"2025-12-01T04:53:07","guid":{"rendered":"https:\/\/www.europesays.com\/es\/264850\/"},"modified":"2025-12-01T04:53:07","modified_gmt":"2025-12-01T04:53:07","slug":"el-espanol-tiene-635-millones-de-hablantes-pero-el-auge-global-de-la-lengua-contrasta-con-su-estigmatizacion-en-eeuu","status":"publish","type":"post","link":"https:\/\/www.europesays.com\/es\/264850\/","title":{"rendered":"El espa\u00f1ol tiene 635 millones de hablantes, pero el auge global de la lengua contrasta con su estigmatizaci\u00f3n en EEUU"},"content":{"rendered":"<p class=\"c-paragraph\">El n\u00famero de hablantes de espa\u00f1ol ha crecido un 5 % en el \u00faltimo a\u00f1o, hasta los <b>635 millones de hablantes<\/b>, y es la tercera lengua mayoritaria del mundo tras el chino mandar\u00edn y el hindi, pero enfrenta riesgos como convertirse en <b>\u00ablengua sospechosa\u00bb en Estados Unidos<\/b>, ha apuntado este domingo el Instituto Cervantes en la presentaci\u00f3n del anuario &#8216;El espa\u00f1ol en el mundo 2025&#8217;.<\/p>\n<p class=\"c-paragraph\">As\u00ed lo han indicado en rueda de prensa el director del Cervantes, Luis Garc\u00eda Montero, y Francisco Moreno, director del Observatorio Global del Espa\u00f1ol, en el marco de la Feria Internacional del Libro (FIL) de Guadalajara, la mayor del mundo en espa\u00f1ol.<\/p>\n<p class=\"c-paragraph\">\u00abEl espa\u00f1ol es una lengua mayoritaria. Hay registrados m\u00e1s de 600 millones de hablantes del espa\u00f1ol en el mundo, y m\u00e1s de 530 millones que tienen el espa\u00f1ol como lengua materna, es decir, el espa\u00f1ol es una lengua mayoritaria, es la tercera en el mundo, despu\u00e9s del chino mandar\u00edn, que es la primera, y el hindi, que es la segunda\u00bb, ha dicho Garc\u00eda Montero.<\/p>\n<p class=\"c-paragraph\">En concreto, <b>M\u00e9xico es el pa\u00eds hispanohablante m\u00e1s grande del mundo<\/b>, con cerca de 125 millones.<\/p>\n<p class=\"c-paragraph\">Asimismo, ha a\u00f1adido Moreno, los estudiantes de espa\u00f1ol han crecido un 20 % en los \u00faltimos diez a\u00f1os, lo que significa que el \u00abfuturo\u00bb de la comunidad de hablantes est\u00e1 en ese grupo de hijos de emigrantes, estudiantes, extranjeros que han ido a vivir a pa\u00edses hispanohablantes.<\/p>\n<p class=\"c-paragraph\">En este sentido, el informe ha subrayado que uno de cada diez hablantes nativos de espa\u00f1ol reside en pa\u00edses no hispanohablantes, dato que apunta a su relevancia como<b> lengua migratoria<\/b>.<\/p>\n<p>\u00abUso sospechoso\u00bb en EEUU<\/p>\n<p class=\"c-paragraph\">No obstante, el espa\u00f1ol tambi\u00e9n enfrenta desaf\u00edos notables, como es el caso de Estados Unidos, donde hay <b>48 millones de personas que la utilizan como su primera lengua<\/b> y ha sido criticado directamente por el presidente, Donald Trump, en medio de sus agresiva pol\u00edtica antimigratoria lo que podr\u00eda tener un impacto en su uso.<\/p>\n<p class=\"c-paragraph\">\u00abNadie va a dejar de hablar espa\u00f1ol en su casa porque llegue un presidente del gobierno y diga est\u00e1 mal hablarlo. Lo que ocurre es que afecta al prestigio de la lengua, al convertirla en sospechosa, convertir a los hablantes en sospechosos de ser candidatos a la deportaci\u00f3n afecta al prestigio de la lengua, y en un plazo medio y largo s\u00ed que <b>podr\u00eda afectar a la continuidad de la lengua<\/b>\u00ab, ha dicho Moreno.<\/p>\n<p class=\"c-paragraph\">Entre otras actividades en la FIL, Garc\u00eda Montero participar\u00e1 en el homenaje que rendir\u00e1 la feria, en su faceta de bibli\u00f3filo, al ensayista mexicano Gonzalo Celorio, recientemente galardonado con el Premio Cervantes, el pr\u00f3ximo 2 de diciembre.<\/p>\n","protected":false},"excerpt":{"rendered":"El n\u00famero de hablantes de espa\u00f1ol ha crecido un 5 % en el \u00faltimo a\u00f1o, hasta los 635&hellip;\n","protected":false},"author":2,"featured_media":264851,"comment_status":"","ping_status":"","sticky":false,"template":"","format":"standard","meta":{"footnotes":""},"categories":[42],"tags":[517,17,18,13,14,11,61,62,63,64,19,20,9,10,15,16,12,21,22,65,66,67],"class_list":{"0":"post-264850","1":"post","2":"type-post","3":"status-publish","4":"format-standard","5":"has-post-thumbnail","7":"category-internacional","8":"tag-actualidad","9":"tag-breaking-news","10":"tag-breakingnews","11":"tag-featured-news","12":"tag-featurednews","13":"tag-headlines","14":"tag-internacional","15":"tag-international","16":"tag-international-news","17":"tag-internationalnews","18":"tag-latest-news","19":"tag-latestnews","20":"tag-news","21":"tag-noticias","22":"tag-noticias-destacadas","23":"tag-noticiasdestacadas","24":"tag-titulares","25":"tag-ultimas-noticias","26":"tag-ultimasnoticias","27":"tag-world","28":"tag-world-news","29":"tag-worldnews"},"share_on_mastodon":{"url":"https:\/\/pubeurope.com\/@es\/115642525519904631","error":""},"_links":{"self":[{"href":"https:\/\/www.europesays.com\/es\/wp-json\/wp\/v2\/posts\/264850","targetHints":{"allow":["GET"]}}],"collection":[{"href":"https:\/\/www.europesays.com\/es\/wp-json\/wp\/v2\/posts"}],"about":[{"href":"https:\/\/www.europesays.com\/es\/wp-json\/wp\/v2\/types\/post"}],"author":[{"embeddable":true,"href":"https:\/\/www.europesays.com\/es\/wp-json\/wp\/v2\/users\/2"}],"replies":[{"embeddable":true,"href":"https:\/\/www.europesays.com\/es\/wp-json\/wp\/v2\/comments?post=264850"}],"version-history":[{"count":0,"href":"https:\/\/www.europesays.com\/es\/wp-json\/wp\/v2\/posts\/264850\/revisions"}],"wp:featuredmedia":[{"embeddable":true,"href":"https:\/\/www.europesays.com\/es\/wp-json\/wp\/v2\/media\/264851"}],"wp:attachment":[{"href":"https:\/\/www.europesays.com\/es\/wp-json\/wp\/v2\/media?parent=264850"}],"wp:term":[{"taxonomy":"category","embeddable":true,"href":"https:\/\/www.europesays.com\/es\/wp-json\/wp\/v2\/categories?post=264850"},{"taxonomy":"post_tag","embeddable":true,"href":"https:\/\/www.europesays.com\/es\/wp-json\/wp\/v2\/tags?post=264850"}],"curies":[{"name":"wp","href":"https:\/\/api.w.org\/{rel}","templated":true}]}}