{"id":264852,"date":"2025-12-01T04:54:11","date_gmt":"2025-12-01T04:54:11","guid":{"rendered":"https:\/\/www.europesays.com\/es\/264852\/"},"modified":"2025-12-01T04:54:11","modified_gmt":"2025-12-01T04:54:11","slug":"manifestacion-historica-y-multitudinaria-miles-de-personas-llenan-ferrol-para-exigir-un-tren-del-siglo-xxi-radio-ferrol","status":"publish","type":"post","link":"https:\/\/www.europesays.com\/es\/264852\/","title":{"rendered":"Manifestaci\u00f3n hist\u00f3rica y multitudinaria: miles de personas llenan Ferrol para exigir un tren del siglo XXI | Radio Ferrol"},"content":{"rendered":"<p class=\"loc\">Ferrol<\/p>\n<p>Miles de personas, 10.000 seg\u00fan fuentes policiales y cerca de 30.000 seg\u00fan impulsores del acto, se han sumado este domingo a la gran manifestaci\u00f3n comarcal convocada por la modernizaci\u00f3n de la conexi\u00f3n por tren con el \u00e1rea de Ferrol, protesta apoyada por todos los partidos pol\u00edticos.<\/p>\n<p>La marcha, promovida por el Foro Cidad\u00e1n polo Ferrocarril, que forman diferentes entidades del \u00e1rea, comenz\u00f3 en la estaci\u00f3n ferrolana de ferrocarril pasadas las doce del mediod\u00eda y desemboc\u00f3, en torno a la una de la tarde, en el palacio municipal de Ferrol tras recorrer el casco hist\u00f3rico.<\/p>\n<p>La directora de cine Chelo Loureiro y el exjugador de baloncesto Miguel Loureiro han le\u00eddo el manifiesto reivindicativo de la cita desde el balc\u00f3n del consistorio, donde han estado acompa\u00f1ados por buena parte de los alcaldes de Ferrolterra.<\/p>\n<p>A la movilizaci\u00f3n, en la que se han coreado lemas como \u00abEl tren es un derecho, no un privilegio\u00bb o \u00abNuestra comarca est\u00e1 discriminada\u00bb, se han adherido asociaciones, instituciones p\u00fablicas, empresariado, colectivos sociales, clubes deportivos y todos los partidos y sindicatos.<\/p>\n<p>El alcalde de Ferrol, Jos\u00e9 Manuel Rey Varela; el presidente de la Autoridad Portuaria de Ferrol-San Cibrao, Francisco Barea, o la directora xeral de Mobilidade de la Xunta de Galicia, Judit Fontela, han acudido a la manifestaci\u00f3n.<\/p>\n<p>Asimismo, tambi\u00e9n han asistido el secretario general del PSdeG-PSOE, Jos\u00e9 Ram\u00f3n G\u00f3mez Besteiro, o los diputados N\u00e9stor Rego, del BNG, y Manuel Lago, de Sumar, adem\u00e1s del presidente de la Deputaci\u00f3n, Valent\u00edn Gonz\u00e1lez Formoso.<\/p>\n<p>El manifiesto ha hecho hincapi\u00e9 en la \u00abunidad de diferentes sectores de la sociedad\u00bb para presentar \u00abante el Gobierno de Espa\u00f1a las demandas por un tren del siglo XXI\u00bb y en el \u00abderecho de que no sean permanentemente excluidas de la modernizaci\u00f3n del transporte ferroviario\u00bb.<\/p>\n<p>El Foro Cidad\u00e1n polo Ferrocarril, cuyos portavoces han permanecido en la plaza de Armas portando una pancarta ante el p\u00fablico asistente, censura que Ferrol \u00abest\u00e1 excluido del Eje Atl\u00e1ntico de alta velocidad\u00bb y \u00abdeficientemente conectado\u00bb al resto de Galicia.<\/p>\n<p>El colectivo exige \u00abrestituir frecuencias y horarios entre Ferrol y A Coru\u00f1a que exist\u00edan hasta junio, incluyendo la relaci\u00f3n directa con Madrid y el incremento de frecuencias\u00bb e instar al Gobierno \u00aba iniciar este a\u00f1o el estudio para la modernizaci\u00f3n de la infraestructura\u00bb hacia Betanzos.<\/p>\n<p>Por otra parte, solicita que el Ejecutivo resuelva antes de que concluya 2025 las alegaciones para el baip\u00e1s de Betanzos y que comience la redacci\u00f3n de su proyecto, como tambi\u00e9n la mejora de los servicios de proximidad de Ancho M\u00e9trico, antiguo Feve, a la comarca de Ortegal.<\/p>\n<p>Finalmente, pide un tren de cercan\u00edas entre Ferrol y A Coru\u00f1a, la intermodalidad y la integraci\u00f3n de los puertos exterior e interior en la \u00abred ferroviaria moderna\u00bb, adem\u00e1s de exhortar al traspaso a Galicia de los servicios de proximidad y a la \u00abllegada efectiva\u00bb de la Alta Velocidad.<\/p>\n","protected":false},"excerpt":{"rendered":"Ferrol Miles de personas, 10.000 seg\u00fan fuentes policiales y cerca de 30.000 seg\u00fan impulsores del acto, se han&hellip;\n","protected":false},"author":2,"featured_media":264853,"comment_status":"","ping_status":"","sticky":false,"template":"","format":"standard","meta":{"footnotes":""},"categories":[8],"tags":[17,18,25,24,13,14,11,19,20,9,10,15,16,23,12,21,22],"class_list":{"0":"post-264852","1":"post","2":"type-post","3":"status-publish","4":"format-standard","5":"has-post-thumbnail","7":"category-espana","8":"tag-breaking-news","9":"tag-breakingnews","10":"tag-es","11":"tag-espana","12":"tag-featured-news","13":"tag-featurednews","14":"tag-headlines","15":"tag-latest-news","16":"tag-latestnews","17":"tag-news","18":"tag-noticias","19":"tag-noticias-destacadas","20":"tag-noticiasdestacadas","21":"tag-spain","22":"tag-titulares","23":"tag-ultimas-noticias","24":"tag-ultimasnoticias"},"share_on_mastodon":{"url":"https:\/\/pubeurope.com\/@es\/115642529965857068","error":""},"_links":{"self":[{"href":"https:\/\/www.europesays.com\/es\/wp-json\/wp\/v2\/posts\/264852","targetHints":{"allow":["GET"]}}],"collection":[{"href":"https:\/\/www.europesays.com\/es\/wp-json\/wp\/v2\/posts"}],"about":[{"href":"https:\/\/www.europesays.com\/es\/wp-json\/wp\/v2\/types\/post"}],"author":[{"embeddable":true,"href":"https:\/\/www.europesays.com\/es\/wp-json\/wp\/v2\/users\/2"}],"replies":[{"embeddable":true,"href":"https:\/\/www.europesays.com\/es\/wp-json\/wp\/v2\/comments?post=264852"}],"version-history":[{"count":0,"href":"https:\/\/www.europesays.com\/es\/wp-json\/wp\/v2\/posts\/264852\/revisions"}],"wp:featuredmedia":[{"embeddable":true,"href":"https:\/\/www.europesays.com\/es\/wp-json\/wp\/v2\/media\/264853"}],"wp:attachment":[{"href":"https:\/\/www.europesays.com\/es\/wp-json\/wp\/v2\/media?parent=264852"}],"wp:term":[{"taxonomy":"category","embeddable":true,"href":"https:\/\/www.europesays.com\/es\/wp-json\/wp\/v2\/categories?post=264852"},{"taxonomy":"post_tag","embeddable":true,"href":"https:\/\/www.europesays.com\/es\/wp-json\/wp\/v2\/tags?post=264852"}],"curies":[{"name":"wp","href":"https:\/\/api.w.org\/{rel}","templated":true}]}}