{"id":264854,"date":"2025-12-01T04:55:09","date_gmt":"2025-12-01T04:55:09","guid":{"rendered":"https:\/\/www.europesays.com\/es\/264854\/"},"modified":"2025-12-01T04:55:09","modified_gmt":"2025-12-01T04:55:09","slug":"mas-de-un-millon-de-descendientes-de-espanoles-han-pedido-la-nacionalidad-y-13-millones-mas-esperan-cita-espana","status":"publish","type":"post","link":"https:\/\/www.europesays.com\/es\/264854\/","title":{"rendered":"M\u00e1s de un mill\u00f3n de descendientes de espa\u00f1oles han pedido la nacionalidad y 1,3 millones m\u00e1s esperan cita | Espa\u00f1a"},"content":{"rendered":"<p class=\"\">M\u00e1s de un mill\u00f3n de descendientes de exiliados o emigrantes espa\u00f1oles <a href=\"https:\/\/elpais.com\/espana\/2025-01-13\/mas-de-medio-millon-de-descendientes-de-espanoles-han-pedido-la-nacionalidad-con-la-ley-de-la-memoria-democratica.html#?rel=mas\" target=\"_self\" rel=\"nofollow noopener\" title=\"https:\/\/elpais.com\/espana\/2025-01-13\/mas-de-medio-millon-de-descendientes-de-espanoles-han-pedido-la-nacionalidad-con-la-ley-de-la-memoria-democratica.html#?rel=mas\">han solicitado ya la nacionalidad al amparo de la ley de Memoria Democr\u00e1tica <\/a>en la red consular del Ministerio de Asuntos Exteriores, mientras que 1,3 millones m\u00e1s han solicitado cita para entregar su documentaci\u00f3n, pero a\u00fan no han podido hacerlo por el atasco burocr\u00e1tico. Del mill\u00f3n de expedientes iniciados, aproximadamente la mitad han sido ya resueltos con la concesi\u00f3n de la nacionalidad, aunque muchos est\u00e1n pendientes de que se formalice la inscripci\u00f3n, mientras que las denegaciones no llegan al 2% del total. <\/p>\n<p class=\"\">Estos son los datos que maneja el <a href=\"https:\/\/ciudadaniaexterior.inclusion.gob.es\/consejo-general-de-la-ciudadania-espanola-en-el-exterior\" target=\"_self\" rel=\"nofollow noopener\" title=\"https:\/\/ciudadaniaexterior.inclusion.gob.es\/consejo-general-de-la-ciudadania-espanola-en-el-exterior\">Consejo General de la Ciudadan\u00eda Espa\u00f1ola en el Exterior (CGCEE),<\/a> un \u00f3rgano consultivo y asesor de la Administraci\u00f3n que representa a los m\u00e1s de tres millones de espa\u00f1oles que residen en el extranjero, cuya presidenta, Violeta Alonso Pel\u00e1ez, en declaraciones a EL PA\u00cdS, reclama al Gobierno que ponga los medios necesarios para evitar que esta avalancha de solicitudes colapse la red consular, integrada por 178 oficinas, incluidos 86 consulados generales y dos consulados. El n\u00famero total de quienes quieren acogerse a la nueva ley, 2,3 millones, multiplica por 4,5 la cifra que se alcanz\u00f3 con su predecesora, la Ley de Memoria Hist\u00f3rica de 2007: 503.439. <\/p>\n<p class=\"\">La disposici\u00f3n adicional octava de <a href=\"https:\/\/elpais.com\/noticias\/ley-memoria-democratica\/\" target=\"_self\" rel=\"nofollow noopener\" title=\"https:\/\/elpais.com\/noticias\/ley-memoria-democratica\/\">la ley de Memoria Democr\u00e1tica <\/a>daba un plazo de dos a\u00f1os, ampliable a tres, para solicitar la nacionalidad a todos los \u201cnacidos fuera de Espa\u00f1a de padre o madre, abuelo o abuela, que originariamente hubieran sido espa\u00f1oles y que, como consecuencia de haber sufrido exilio por razones pol\u00edticas, ideol\u00f3gicas o de creencia o de orientaci\u00f3n e identidad sexual, hubieran perdido o renunciado a la nacionalidad espa\u00f1ola\u201d. Igualmente, inclu\u00eda a los nacidos en el exterior de madres espa\u00f1olas que perdieron la nacionalidad por casarse con extranjeros antes de la entrada en vigor de la Constituci\u00f3n y los hijos mayores de edad de aquellos a quienes se reconoci\u00f3 la nacionalidad de origen en virtud de la ley de 2007, cubriendo as\u00ed los huecos que dej\u00f3 la norma promovida por el Gobierno de Zapatero. <\/p>\n<p class=\"\">El plazo definitivo, tras la correspondiente pr\u00f3rroga, se cerr\u00f3 el pasado 21 de octubre, con un alud de solicitudes, especialmente en los \u00faltimos meses, que ha superado todas las previsiones y tambi\u00e9n la capacidad de la red consular espa\u00f1ola para atenderlas. Ello ha obligado a flexibilizar la interpretaci\u00f3n de la ley, de forma que se han admitido las peticiones de todos aquellos que <a href=\"https:\/\/elpais.com\/mexico\/2025-02-13\/ley-de-la-memoria-democratica-asi-es-el-tramite-de-la-nacionalidad-espanola-para-los-descendientes-nacidos-en-mexico.html\" target=\"_self\" rel=\"nofollow noopener\" title=\"https:\/\/elpais.com\/mexico\/2025-02-13\/ley-de-la-memoria-democratica-asi-es-el-tramite-de-la-nacionalidad-espanola-para-los-descendientes-nacidos-en-mexico.html\">pidieron telem\u00e1ticamente cita para presentar su documentaci\u00f3n antes de cerrarse el plazo, <\/a>pero no han podido hacerlo hasta ahora por no disponer de hueco el consulado. Fuentes conocedoras del proceso estiman que, al actual ritmo, algunos descendientes de espa\u00f1oles tendr\u00e1n que esperar d\u00e9cadas para ver cumplido su deseo y los de m\u00e1s avanzada edad podr\u00edan morirse sin verlo. <\/p>\n<p class=\"\">M\u00e1s del 40% de las solicitudes, en torno a un mill\u00f3n \u2015contando a quienes <a href=\"https:\/\/elpais.com\/espana\/2025-04-28\/el-atasco-en-los-consulados-deja-a-medio-millon-de-hijos-y-nietos-de-espanoles-a-la-espera-de-su-nacionalidad.html\" target=\"_self\" rel=\"nofollow noopener\" title=\"https:\/\/elpais.com\/espana\/2025-04-28\/el-atasco-en-los-consulados-deja-a-medio-millon-de-hijos-y-nietos-de-espanoles-a-la-espera-de-su-nacionalidad.html\">a\u00fan no han podido presentar su documentaci\u00f3n en el consulado<\/a>, por lo que no se ha iniciado formalmente el expediente\u2014 procede de Argentina. Solo el consulado de Buenos Aires acumula unas 645.000; mientras que el de C\u00f3rdoba suma alrededor de 125.000. Los siguientes consulados con m\u00e1s peticiones son los de La Habana (350.000), Ciudad de M\u00e9xico (165.000), S\u00e3o Paulo (150.000), Miami (120.000) y Caracas (40.000, con car\u00e1cter provisional). Son datos del CGCEE, ya que el Ministerio de Asuntos Exteriores no ha respondido a la petici\u00f3n que le ha hecho EL PA\u00cdS. <\/p>\n<p class=\"\"><a href=\"https:\/\/elpais.com\/espana\/2025-04-28\/la-red-consular-atiende-al-triple-de-espanoles-con-los-medios-de-hace-20-anos.html\" target=\"_self\" rel=\"nofollow noopener\" title=\"https:\/\/elpais.com\/espana\/2025-04-28\/la-red-consular-atiende-al-triple-de-espanoles-con-los-medios-de-hace-20-anos.html\">Violeta Alonso<\/a> considera \u201cmuy positivo\u201d que se permita tramitar su solicitud a todas aquellas personas que pidieron cita dentro de plazo y no se pudo atender por falta de recursos y subraya la necesidad de que se adopten medidas para agilizar los tr\u00e1mites y evitar que estos procesos se demoren a\u00f1os. Entre otras, el organismo que preside ha propuesto que los m\u00e1s de 7.000 registros civiles que existen en Espa\u00f1a colaboren en la inscripci\u00f3n de los nuevos espa\u00f1oles y que se contrate personal de refuerzo o se externalicen aquellas tareas m\u00e1s mec\u00e1nicas, como la digitalizaci\u00f3n de documentos o el volcado de los datos. La digitalizaci\u00f3n del registro civil, alega, facilita esta colaboraci\u00f3n entre los ministerios de Exteriores y Justicia.<\/p>\n<p class=\"\">Alonso lamenta que <a href=\"https:\/\/elpais.com\/chile\/2025-10-07\/casi-45000-descendientes-de-exiliados-espanoles-han-solicitado-la-nacionalidad-en-chile.html\" target=\"_self\" rel=\"nofollow noopener\" title=\"https:\/\/elpais.com\/chile\/2025-10-07\/casi-45000-descendientes-de-exiliados-espanoles-han-solicitado-la-nacionalidad-en-chile.html\">la ingente cantidad de trabajo generada por la aplicaci\u00f3n de la Ley de Memoria Democr\u00e1tica <\/a>haya hecho que se est\u00e9n produciendo retrasos en la prestaci\u00f3n de otros servicios, como la inscripci\u00f3n de los hijos de espa\u00f1oles nacidos en el exterior. M\u00e1s all\u00e1 de atender a esta emergencia transitoria, la presidenta del CGCEE advierte de que \u201chace falta un redespliegue de la red consular\u201d, ya que los nuevos espa\u00f1oles, una vez obtengan la ciudadan\u00eda, reclamar\u00e1n otras prestaciones de los consulados, como la expedici\u00f3n de pasaportes, partidas de nacimiento, matrimonio o defunci\u00f3n, etc. \u201cNo se trata solo de ampliar la plantilla, que tambi\u00e9n, sino que en muchos casos hace falta m\u00e1s espacio f\u00edsico\u201d, subraya. <\/p>\n<p class=\"\">Se calcula que la cifra de espa\u00f1oles residentes en el exterior pasar\u00e1 de m\u00e1s de tres millones a casi cinco. Algunas demarcaciones consulares duplicar\u00e1n o triplicar\u00e1n la poblaci\u00f3n a la que atienden y requerir\u00e1n, en opini\u00f3n de Alonso, no solo m\u00e1s personal sino infraestructuras m\u00e1s amplias y modernas. Eso sin contar, a\u00f1ade, el mal estado en el que se encuentran algunas dependencias consulares.<\/p>\n<p class=\"\">La presidenta del CGCEE reconoce que el Ministerio de Asuntos Exteriores \u201cha puesto personal de refuerzo\u201d para atender esta demanda extraordinaria, pero se\u00f1ala que \u201cno es suficiente y tampoco puede ser solo temporal\u201d. A su juicio, el trabajo de los consulados podr\u00eda tambi\u00e9n descongestionarse si se eliminaran algunos tr\u00e1mites innecesarios, como el de conservaci\u00f3n de la nacionalidad, que los hijos de espa\u00f1oles deben hacer al cumplir la mayor\u00eda de edad. Algunas de estas propuestas las llevar\u00e1 Alonso a la reuni\u00f3n que tiene previsto mantener en los pr\u00f3ximos d\u00edas con el presidente del Gobierno, Pedro S\u00e1nchez, despu\u00e9s de que se aplazara una cita anterior, a finales de octubre.<\/p>\n<p class=\"\">Fuentes diplom\u00e1ticas aseguran que, adem\u00e1s del plan de modernizaci\u00f3n de la red consular, dotado con 115 millones de euros, y de la implantaci\u00f3n del N\u00famero de Identidad Consular (NIC), que permite agilizar los tr\u00e1mites, se ha reforzado con 150 plazas la plantilla de aquellos consulados m\u00e1s afectados por la aplicaci\u00f3n de la Ley de Memoria Democr\u00e1tica y se ha creado el puesto de c\u00f3nsul adjunto en Buenos Aires, La Habana o M\u00e9xico. No obstante, la <a href=\"https:\/\/elpais.com\/espana\/2025-04-05\/espana-aboga-por-reforzar-el-escudo-de-defensa-y-disuasion-economica-de-la-ue-ante-la-guerra-comercial.html\" target=\"_self\" rel=\"nofollow noopener\" title=\"https:\/\/elpais.com\/espana\/2025-04-05\/espana-aboga-por-reforzar-el-escudo-de-defensa-y-disuasion-economica-de-la-ue-ante-la-guerra-comercial.html\">Estrategia de Acci\u00f3n Exterior,<\/a> aprobada en abril pasado por el Consejo de Ministros, reconoc\u00eda que, \u201ca pesar del crecimiento de la ciudadan\u00eda espa\u00f1ola en el exterior, los recursos de nuestras oficinas consulares apenas han variado en los \u00faltimos veinte a\u00f1os\u201d.<\/p>\n<p class=\"\">Un informe de la <a href=\"https:\/\/elpais.com\/espana\/2025-02-06\/la-falta-de-un-nuevo-reglamento-tras-anularse-el-del-pp-deja-a-la-carrera-diplomatica-en-el-limbo-legal.html\" rel=\"nofollow noopener\" title=\"https:\/\/elpais.com\/espana\/2025-02-06\/la-falta-de-un-nuevo-reglamento-tras-anularse-el-del-pp-deja-a-la-carrera-diplomatica-en-el-limbo-legal.html\" target=\"_blank\">Asociaci\u00f3n de Diplom\u00e1ticos Espa\u00f1oles (ADE),<\/a> mayoritaria en la carrera, recordaba el a\u00f1o pasado que el \u00faltimo estudio oficial detect\u00f3 que 28 instalaciones estaban al l\u00edmite de su capacidad, 68 ten\u00edan problemas de accesibilidad en la entrada,14 carec\u00edan de sistemas de protecci\u00f3n contra incendios y al menos 17 no presentaban un buen estado de conservaci\u00f3n. \u201cMuchas oficinas consulares incumplen la normativa espa\u00f1ola de seguridad e higiene en el trabajo\u201d, advert\u00eda. <\/p>\n<p class=\"\">El pasado d\u00eda 12, la Confederaci\u00f3n Sindical Independiente de Funcionarios (CSIF) inform\u00f3 de un accidente laboral en el consulado de S\u00e3o Paulo donde un desprendimiento del techo de la entrada golpe\u00f3 a un trabajador, que tuvo que ser atendido en urgencias, y denunciaba el \u201cestado deplorable, peligroso y negligentemente desatendido del edificio\u201d cuya clausura inmediata reclamaba. <\/p>\n","protected":false},"excerpt":{"rendered":"M\u00e1s de un mill\u00f3n de descendientes de exiliados o emigrantes espa\u00f1oles han solicitado ya la nacionalidad al amparo&hellip;\n","protected":false},"author":2,"featured_media":264855,"comment_status":"","ping_status":"","sticky":false,"template":"","format":"standard","meta":{"footnotes":""},"categories":[5],"tags":[283,17,18,6582,25,24,33574,13,14,11,19,20,1804,1473,1474,14342,9,10,15,16,23,12,21,22],"class_list":{"0":"post-264854","1":"post","2":"type-post","3":"status-publish","4":"format-standard","5":"has-post-thumbnail","7":"category-titulares","8":"tag-argentina","9":"tag-breaking-news","10":"tag-breakingnews","11":"tag-consulados","12":"tag-es","13":"tag-espana","14":"tag-espanoles-extranjero","15":"tag-featured-news","16":"tag-featurednews","17":"tag-headlines","18":"tag-latest-news","19":"tag-latestnews","20":"tag-latinoamerica","21":"tag-ley-memoria-democratica","22":"tag-ley-memoria-historica","23":"tag-ministerio-de-asuntos-exteriores","24":"tag-news","25":"tag-noticias","26":"tag-noticias-destacadas","27":"tag-noticiasdestacadas","28":"tag-spain","29":"tag-titulares","30":"tag-ultimas-noticias","31":"tag-ultimasnoticias"},"share_on_mastodon":{"url":"https:\/\/pubeurope.com\/@es\/115642533325797973","error":""},"_links":{"self":[{"href":"https:\/\/www.europesays.com\/es\/wp-json\/wp\/v2\/posts\/264854","targetHints":{"allow":["GET"]}}],"collection":[{"href":"https:\/\/www.europesays.com\/es\/wp-json\/wp\/v2\/posts"}],"about":[{"href":"https:\/\/www.europesays.com\/es\/wp-json\/wp\/v2\/types\/post"}],"author":[{"embeddable":true,"href":"https:\/\/www.europesays.com\/es\/wp-json\/wp\/v2\/users\/2"}],"replies":[{"embeddable":true,"href":"https:\/\/www.europesays.com\/es\/wp-json\/wp\/v2\/comments?post=264854"}],"version-history":[{"count":0,"href":"https:\/\/www.europesays.com\/es\/wp-json\/wp\/v2\/posts\/264854\/revisions"}],"wp:featuredmedia":[{"embeddable":true,"href":"https:\/\/www.europesays.com\/es\/wp-json\/wp\/v2\/media\/264855"}],"wp:attachment":[{"href":"https:\/\/www.europesays.com\/es\/wp-json\/wp\/v2\/media?parent=264854"}],"wp:term":[{"taxonomy":"category","embeddable":true,"href":"https:\/\/www.europesays.com\/es\/wp-json\/wp\/v2\/categories?post=264854"},{"taxonomy":"post_tag","embeddable":true,"href":"https:\/\/www.europesays.com\/es\/wp-json\/wp\/v2\/tags?post=264854"}],"curies":[{"name":"wp","href":"https:\/\/api.w.org\/{rel}","templated":true}]}}