{"id":264856,"date":"2025-12-01T05:03:19","date_gmt":"2025-12-01T05:03:19","guid":{"rendered":"https:\/\/www.europesays.com\/es\/264856\/"},"modified":"2025-12-01T05:03:19","modified_gmt":"2025-12-01T05:03:19","slug":"los-clasificados-para-la-minicopa-endesa-valencia-2026","status":"publish","type":"post","link":"https:\/\/www.europesays.com\/es\/264856\/","title":{"rendered":"Los clasificados para la Minicopa Endesa Valencia 2026 &#8211;"},"content":{"rendered":"<p>Tras la disputa de la primera fase de la Minicopa Endesa, ya conocemos el nombre de los ocho equipos que luchar\u00e1n por conquistar el t\u00edtulo en la Fase Final del torneo, que tendr\u00e1 lugar tambi\u00e9n en Valencia del 18 al 22 del pr\u00f3ximo mes de febrero.<\/p>\n<p>Occident B\u00e0squet Manresa<\/p>\n<p>Los manresanos se clasificaron para su quinta Minicopa Endesa con \u00e9pica, remontando un mal inicio contra la Penya y llev\u00e1ndose el derbi catal\u00e1n tras un final explosivo para estar en Valencia 2026 (93-87). Antes le hab\u00edan ganado a Cochesinternet Lleida (90-64), San Pablo Burgos Segura y Mayor (19-69), cayendo frente a Tirma Gran Canaria (99-49).<\/p>\n<p>Unicaja<\/p>\n<p>El Unicaja no faltar\u00e1 a su cl\u00e1sica cita con la fase final de la Minicopa Endesa tras ganarse su clasificaci\u00f3n ante UCAM Murcia Polymec, en la batalla entre segundos clasificados. Antes hab\u00eda ganado a Bilbao Basket (92-54) y MoraBanc Andorra Undercoverlab (26-77), si bien la derrota contra Cajasiete Fundaci\u00f3n CB Canarias (76-91) retras\u00f3 24 horas su celebraci\u00f3n.<\/p>\n<p>Casademont Zaragoza<\/p>\n<p>El conjunto zaragozano ha sido una de las grandes sensaciones en Valencia, destacando como un equipo ofensivo con un juego que engancha. Siempre por encima del centenar de puntos, el Casademont Zaragoza derrot\u00f3 a R\u00edo Breog\u00e1n (103-66), Baskonia (61-106) y Joventut Badalona (85-111) para obtener su clasificaci\u00f3n, con un Daniel Pardos imparable vestido de MVP.<\/p>\n<p>Tirma Gran Canaria<\/p>\n<p>El Tirma Gran Canaria ha destacado como uno de los conjuntos m\u00e1s arrolladores del torneo de Valencia, con una defensa implacable que cerr\u00f3 antes de tiempo sus duelos ante San Pablo Burgos Segura y Mayor (58-8), Cocheinternet Lleida (39-90) y Occident B\u00e0squet Manresa (99-48).<\/p>\n<p>Cajasiete Fundaci\u00f3n CB Canarias<\/p>\n<p>El Cajasiete Fundaci\u00f3n CB Canarias arranc\u00f3 con tanto impulso el torneo (40-2 en el primer cuarto) que ya nunca fren\u00f3 su inercia: 63-12 ante MoraBanc Andorra, 75-100 en un duelo vibrante contra Bilbao Basket y 76-91 en su \u00abfinal\u00edsima\u00bb contra Unicaja para celebrar a lo grande su clasificaci\u00f3n.<\/p>\n<p>Real Madrid<\/p>\n<p>El Real Madrid demostr\u00f3 en la primera fase que est\u00e1 muy dispuesto a recuperar su corona, tras perder las dos \u00faltimas final\u00edsimas del torneo. En Valencia, los madridistas derrotaron por la v\u00eda r\u00e1pida a B\u00e0squet Girona (72-22), UCAM Murcia Polymec (84-34) y Oteclima Granada (46-96) para sellar su clasificaci\u00f3n.<\/p>\n<p>Valencia Basket<\/p>\n<p>El cuadro taronja ejerce de anfitri\u00f3n con toda la ilusi\u00f3n del mundo de brillar ante su afici\u00f3n. El Valencia Basket fue quinto en la pasada fase final, gan\u00e1ndole a Casademont Zaragoza (85-68) y cayendo ante Cajasiete Canarias (91-73) y, de forma in extremis, Real Madrid (76-75). En esta ocasi\u00f3n, sue\u00f1a con repetir o incluso mejorar la actuaci\u00f3n de hace 20 a\u00f1os, en Madrid 2006, la \u00fanica vez que alcanz\u00f3 la final del torneo.<\/p>\n<p>Bar\u00e7a<\/p>\n<p>El campe\u00f3n espera. El conjunto barcelonista ha ganado las dos \u00faltimas ediciones del torneo, la \u00faltima en Gran Canaria, donde gan\u00f3 sus 5 partidos, incluida una final para el recuerdo ante el Real Madrid (86-71). Precisamente los blancos son los \u00fanicos que le superan en el ranking de t\u00edtulos (9 trofeos a 8), por lo que el Bar\u00e7a llegar\u00e1 a Valencia 2026 dispuesto a igualarle en lo m\u00e1s alto del palmar\u00e9s.<\/p>\n<p>Fuente: <a href=\"https:\/\/www.acb.com\/articulo\/ver\/535712-los-clasificados-para-la-minicopa-endesa-valencia-2026.html\" rel=\"nofollow noopener\" target=\"_blank\">acb.com<\/a><\/p>\n<p>Foto: acb Photo<\/p>\n<p>\t\t\t\t\t\t<a href=\"https:\/\/www.gigantes.com\/tienda\/hemeroteca\/especial-40-aniversario-gigantes-del-basket-no-1-562-noviembre-2025\/\" target=\"_blank\" rel=\"noopener nofollow\"><br \/>\n\t\t\t\t\t\t\t<img decoding=\"async\" src=\"https:\/\/www.europesays.com\/es\/wp-content\/uploads\/2025\/11\/cropped-40.jpg\" alt=\"cropped-40.jpg\"\/><br \/>\n\t\t\t\t\t\t<\/a><\/p>\n<p class=\"magazine-meta\">\n\t\t\t\t\t\t\t\t\t\t\t\t\t\t\t\t\t1562<br \/>\n\t\t\t\t\t\t\t\t\t\t\t\t\t\t\t\t\t\t\t\t\t\t\t\t\t |<br \/>\n\t\t\t\t\t\t\t\t\t\t\t\t\t\t\t\t\t\t\t\t\t\t\t\t\tNoviembre 2025\n\t\t\t\t\t\t\t\t\t\t\t\t\t\t\t<\/p>\n<p class=\"magazine-description\">Testigos del baloncesto. Cumplimos 40 a\u00f1os. Una edici\u00f3n diferente, llena de curiosidades, opiniones, gui\u00f1os, historia y cari\u00f1o. Cuatro d\u00e9cadas fusionando basket y papel.<\/p>\n<p>\t\t\t\t\t<a href=\"https:\/\/www.gigantes.com\/tienda\/hemeroteca\/especial-40-aniversario-gigantes-del-basket-no-1-562-noviembre-2025\/\" class=\"btn-primary\" target=\"_blank\" rel=\"noopener nofollow\">Comprar<\/a><\/p>\n","protected":false},"excerpt":{"rendered":"Tras la disputa de la primera fase de la Minicopa Endesa, ya conocemos el nombre de los ocho&hellip;\n","protected":false},"author":2,"featured_media":264857,"comment_status":"","ping_status":"","sticky":false,"template":"","format":"standard","meta":{"footnotes":""},"categories":[269],"tags":[299,298,168,25,24,53243,23,167],"class_list":{"0":"post-264856","1":"post","2":"type-post","3":"status-publish","4":"format-standard","5":"has-post-thumbnail","7":"category-baloncesto","8":"tag-baloncesto","9":"tag-basketball","10":"tag-deportes","11":"tag-es","12":"tag-espana","13":"tag-minicopa-endesa","14":"tag-spain","15":"tag-sports"},"share_on_mastodon":{"url":"https:\/\/pubeurope.com\/@es\/115642565307210931","error":""},"_links":{"self":[{"href":"https:\/\/www.europesays.com\/es\/wp-json\/wp\/v2\/posts\/264856","targetHints":{"allow":["GET"]}}],"collection":[{"href":"https:\/\/www.europesays.com\/es\/wp-json\/wp\/v2\/posts"}],"about":[{"href":"https:\/\/www.europesays.com\/es\/wp-json\/wp\/v2\/types\/post"}],"author":[{"embeddable":true,"href":"https:\/\/www.europesays.com\/es\/wp-json\/wp\/v2\/users\/2"}],"replies":[{"embeddable":true,"href":"https:\/\/www.europesays.com\/es\/wp-json\/wp\/v2\/comments?post=264856"}],"version-history":[{"count":0,"href":"https:\/\/www.europesays.com\/es\/wp-json\/wp\/v2\/posts\/264856\/revisions"}],"wp:featuredmedia":[{"embeddable":true,"href":"https:\/\/www.europesays.com\/es\/wp-json\/wp\/v2\/media\/264857"}],"wp:attachment":[{"href":"https:\/\/www.europesays.com\/es\/wp-json\/wp\/v2\/media?parent=264856"}],"wp:term":[{"taxonomy":"category","embeddable":true,"href":"https:\/\/www.europesays.com\/es\/wp-json\/wp\/v2\/categories?post=264856"},{"taxonomy":"post_tag","embeddable":true,"href":"https:\/\/www.europesays.com\/es\/wp-json\/wp\/v2\/tags?post=264856"}],"curies":[{"name":"wp","href":"https:\/\/api.w.org\/{rel}","templated":true}]}}