{"id":264860,"date":"2025-12-01T05:05:14","date_gmt":"2025-12-01T05:05:14","guid":{"rendered":"https:\/\/www.europesays.com\/es\/264860\/"},"modified":"2025-12-01T05:05:14","modified_gmt":"2025-12-01T05:05:14","slug":"toda-mi-identidad-giraba-en-torno-a-ser-la-inteligente","status":"publish","type":"post","link":"https:\/\/www.europesays.com\/es\/264860\/","title":{"rendered":"Toda mi identidad giraba en torno a ser la inteligente"},"content":{"rendered":"<p data-journey-content=\"true\" data-node-id=\"0\" class=\"body-dropcap css-1vn2egp emevuu60\">Cuando <strong data-node-id=\"0.1\">Meghan Markle y el pr\u00edncipe Harry<\/strong> decidieron dejar de ser oficialmente miembros de la realeza establecieron su residencia en Los Angeles. La duquesa de Sussex regresaba as\u00ed a su lugar de origen, aquel en el que hab\u00eda nacido y hab\u00eda pasado desde su m\u00e1s tierna infancia hasta sus a\u00f1os dorados como int\u00e9rprete de la serie Suits. <\/p>\n<p data-journey-content=\"true\" data-node-id=\"1\" class=\"css-6wxqfj emevuu60\">Criada entre el barrio de View Park-Windsor Hills y los estudios de televisi\u00f3n en los que su padre trabajaba como director de iluminaci\u00f3n, la actriz ya cont\u00f3 en <a href=\"https:\/\/www.harpersbazaar.com\/es\/famosas\/el-estilo-de\/a63912226\/meghan-markle-duquesa-sussex-cocinera-platos-especiales\/\" target=\"_blank\" data-vars-ga-outbound-link=\"https:\/\/www.harpersbazaar.com\/es\/famosas\/el-estilo-de\/a63912226\/meghan-markle-duquesa-sussex-cocinera-platos-especiales\/\" data-vars-ga-ux-element=\"Hyperlink\" data-vars-ga-call-to-action=\"su documental Con amor, Meghan\" data-node-id=\"1.1\" class=\"body-link css-156jt4g emevuu60\" rel=\"nofollow noopener\">su documental Con amor, Meghan<\/a> que su ni\u00f1ez no fue precisamente sencilla tras el divorcio de sus padres cuando ten\u00eda apenas seis a\u00f1os. \u00ab<strong data-node-id=\"1.3\">Pasaba mucho tiempo sola, as\u00ed que me cr\u00ede con mucha comida r\u00e1pida<\/strong> y tambi\u00e9n muchos platos precocinados. Suena raro, pero era lo normal, comida para microondas que ven\u00eda envasada\u00bb, le explic\u00f3 a la actriz y productora Mindy Kaling en uno de los episodios que grab\u00f3 para Netflix. <\/p>\n<p><img draggable=\"true\" alt=\"meghan markle total look blanco\" title=\"Meghan Markle estrena el look blanco preferido de las chicas cl\u00e1sicas\" loading=\"lazy\" width=\"2632\" height=\"2164\" decoding=\"async\" data-nimg=\"1\" style=\"color:transparent;width:100%;height:auto;\"   src=\"https:\/\/www.europesays.com\/es\/wp-content\/uploads\/2025\/12\/gettyimages-1391645050-68b01b48d4817.jpg\" class=\"css-0 e1g79fud0\"\/><\/p>\n<p>Max Mumby\/Indigo\/\/Getty Images<\/p>\n<p data-journey-content=\"true\" data-node-id=\"3\" class=\"css-6wxqfj emevuu60\"><strong data-node-id=\"3.0\">Meghan Markle se educ\u00f3 en Little Red Schoolhouse,<\/strong> una escuela primaria por la que tambi\u00e9n pasaron estrellas de la industria del cine de la talla de Liz Taylor, Judy Garland o Scarlett Johansson; la cual, a d\u00eda de hoy, es una de las favoritas de los famosos de Hollywood para llevar a sus hijos. <\/p>\n<p data-journey-content=\"true\" data-node-id=\"5\" class=\"css-6wxqfj emevuu60\">Al cumplir los 11 se matricul\u00f3 en <a href=\"https:\/\/www.harpersbazaar.com\/es\/famosas\/el-estilo-de\/a64227056\/meghan-markle-foto-colegio-catolico-corazon-inmaculado\/\" target=\"_blank\" data-vars-ga-outbound-link=\"https:\/\/www.harpersbazaar.com\/es\/famosas\/el-estilo-de\/a64227056\/meghan-markle-foto-colegio-catolico-corazon-inmaculado\/\" data-vars-ga-ux-element=\"Hyperlink\" data-vars-ga-call-to-action=\"el Immaculate Heart Catholic School\" data-node-id=\"5.1\" class=\"body-link css-156jt4g emevuu60\" rel=\"nofollow noopener\">el Immaculate Heart Catholic School<\/a>, una prestigiosa instituci\u00f3n cat\u00f3lica independiente exclusivamente para mujeres que dice dedicarse a \u00abla vitalidad intelectual, el crecimiento espiritual, la fortaleza moral y el desarrollo socioemocional de sus estudiantes\u00bb. Un espacio en el que la duquesa de Sussex form\u00f3 su identidad intelectual y empez\u00f3 a tomar forma personalmente con mayor definici\u00f3n hasta completar sus estudios de secundaria. <\/p>\n<p data-journey-content=\"true\" data-node-id=\"6\" class=\"css-6wxqfj emevuu60\">\u00abEra una empollona\u00bb, declar\u00f3 Meghan Markle en <a href=\"https:\/\/www.harpersbazaar.com\/culture\/film-tv\/a69289143\/meghan-markle-cover-story-interview-2025\/\" target=\"_blank\" data-vars-ga-outbound-link=\"https:\/\/www.harpersbazaar.com\/culture\/film-tv\/a69289143\/meghan-markle-cover-story-interview-2025\/\" data-vars-ga-ux-element=\"Hyperlink\" data-vars-ga-call-to-action=\"una entrevista\" data-node-id=\"6.1\" class=\"body-link css-156jt4g emevuu60\" rel=\"nofollow noopener\">una entrevista<\/a> con Harper&#8217;s Bazaar. \u00ab<strong data-node-id=\"6.3\">T<\/strong><strong data-node-id=\"6.4\">oda mi identidad giraba en torno a ser la inteligente<\/strong>\u00ab, a\u00f1adi\u00f3 sobre toda esta etapa escolar que afirm\u00f3 estuvo marcada por los esfuerzos que su madre tuvo que hacer para que su hija tuviera la mejor educaci\u00f3n posible. <\/p>\n<p><img draggable=\"true\" alt=\"meghan markle\" title=\"Meghan Markle\" loading=\"lazy\" width=\"1920\" height=\"1280\" decoding=\"async\" data-nimg=\"1\" style=\"color:transparent;width:100%;height:auto;\"   src=\"https:\/\/www.europesays.com\/es\/wp-content\/uploads\/2025\/12\/meghan-markle-66e1568bcf30f.jpg\" class=\"css-0 e1g79fud0\"\/><\/p>\n<p>Diego Cuevas<\/p>\n<p data-journey-content=\"true\" data-node-id=\"8\" class=\"css-6wxqfj emevuu60\">Tras su paso por el instituto, Meghan Markle se gradu\u00f3 en Arte Dram\u00e1tico y Relaciones Internacionales por la universidad Northwestern de Illinois. Empez\u00f3 entonces a compaginar diferentes trabajos hasta que prob\u00f3 suerte como azafata en un concurso de televisi\u00f3n que fue el que le permiti\u00f3 darse a conocer hasta que logr\u00f3 su objetivo de convertirse en actriz. <\/p>\n","protected":false},"excerpt":{"rendered":"Cuando Meghan Markle y el pr\u00edncipe Harry decidieron dejar de ser oficialmente miembros de la realeza establecieron su&hellip;\n","protected":false},"author":2,"featured_media":264861,"comment_status":"","ping_status":"","sticky":false,"template":"","format":"standard","meta":{"footnotes":""},"categories":[174],"tags":[255,253,146,147,25,24,256,23],"class_list":{"0":"post-264860","1":"post","2":"type-post","3":"status-publish","4":"format-standard","5":"has-post-thumbnail","7":"category-famosos","8":"tag-celebrities","9":"tag-discover","10":"tag-entertainment","11":"tag-entretenimiento","12":"tag-es","13":"tag-espana","14":"tag-famosos","15":"tag-spain"},"share_on_mastodon":{"url":"https:\/\/pubeurope.com\/@es\/115642573177786010","error":""},"_links":{"self":[{"href":"https:\/\/www.europesays.com\/es\/wp-json\/wp\/v2\/posts\/264860","targetHints":{"allow":["GET"]}}],"collection":[{"href":"https:\/\/www.europesays.com\/es\/wp-json\/wp\/v2\/posts"}],"about":[{"href":"https:\/\/www.europesays.com\/es\/wp-json\/wp\/v2\/types\/post"}],"author":[{"embeddable":true,"href":"https:\/\/www.europesays.com\/es\/wp-json\/wp\/v2\/users\/2"}],"replies":[{"embeddable":true,"href":"https:\/\/www.europesays.com\/es\/wp-json\/wp\/v2\/comments?post=264860"}],"version-history":[{"count":0,"href":"https:\/\/www.europesays.com\/es\/wp-json\/wp\/v2\/posts\/264860\/revisions"}],"wp:featuredmedia":[{"embeddable":true,"href":"https:\/\/www.europesays.com\/es\/wp-json\/wp\/v2\/media\/264861"}],"wp:attachment":[{"href":"https:\/\/www.europesays.com\/es\/wp-json\/wp\/v2\/media?parent=264860"}],"wp:term":[{"taxonomy":"category","embeddable":true,"href":"https:\/\/www.europesays.com\/es\/wp-json\/wp\/v2\/categories?post=264860"},{"taxonomy":"post_tag","embeddable":true,"href":"https:\/\/www.europesays.com\/es\/wp-json\/wp\/v2\/tags?post=264860"}],"curies":[{"name":"wp","href":"https:\/\/api.w.org\/{rel}","templated":true}]}}