{"id":264862,"date":"2025-12-01T05:08:21","date_gmt":"2025-12-01T05:08:21","guid":{"rendered":"https:\/\/www.europesays.com\/es\/264862\/"},"modified":"2025-12-01T05:08:21","modified_gmt":"2025-12-01T05:08:21","slug":"el-hormiguero-empieza-el-mes-de-diciembre-con-una-semana-llena-de-actores","status":"publish","type":"post","link":"https:\/\/www.europesays.com\/es\/264862\/","title":{"rendered":"&#8216;El Hormiguero&#8217; empieza el mes de diciembre con una semana llena de actores"},"content":{"rendered":"<p class=\"v-mdl-ath__p v-mdl-ath__p--6\">\nLunes, 1 de diciembre 2025, 00:33<\/p>\n<p class=\"v-p\"><a href=\"https:\/\/www.lasprovincias.es\/culturas\/tv\/david-bisbal-confiesa-hormiguero-vive-momentos-virales-20251126222831-nt.html\" target=\"_blank\" title=\"www.lasprovincias.es\" data-voc-vtm-id=\"in-text-traffic\" data-mrf-link=\"www.lasprovincias.es\" rel=\"nofollow noopener\">&#8216;El Hormiguero&#8217;<\/a> regresa a la parrilla de Antena 3 una semana m\u00e1s con el foco puesto en liderar la batalla de audiencias que mantiene con otros programas de su franja horaria como &#8216;La Revuelta&#8217; de David Broncano. Como cada semana, Pablo Motos ha adelantado quienes ser\u00e1n los invitados la semana del 1 al 4 de diciembre.<\/p>\n<p class=\"v-p\">De este modo, el <a href=\"https:\/\/www.lasprovincias.es\/culturas\/tv\/dabiz-munoz-duda-hormiguero-escoge-receta-tradicional-20251127225050-nt.html\" target=\"_blank\" title=\"www.lasprovincias.es\" data-voc-vtm-id=\"in-text-traffic\" data-mrf-link=\"www.lasprovincias.es\" rel=\"nofollow noopener\">espacio de Antena 3<\/a><\/p>\n<p class=\"v-p\"> se llena de actores. Hasta cinco artistas del mundo de la interpretaci\u00f3n visitar\u00e1n el plat\u00f3 de las hormigas. Adem\u00e1s, una conocida presentadora de la misma cadena tambi\u00e9n har\u00e1 acto de presencia durante la semana. <\/p>\n<p>Lunes 1 de diciembre: Guillermo Francella y Javier Veiga<\/p>\n<p><img decoding=\"async\" loading=\"lazy\" src=\"https:\/\/www.europesays.com\/es\/wp-content\/uploads\/2025\/12\/ehlunes-kNuG-U240404543147dOH-624x385@Las Provincias.jpg\" class=\"v-a-img\" width=\"624\" height=\"385\" alt=\"\" data-voc-vtm-id=\"in-text-traffic\"\/><\/p>\n<p><img loading=\"lazy\" decoding=\"async\" src=\"https:\/\/www.europesays.com\/es\/wp-content\/uploads\/2025\/12\/ehlunes-kNuG-U240404543147dOH-624x385@Las Provincias.jpg\" class=\"v-mdl__img-z\" width=\"624\" height=\"385\" alt=\"\"\/><\/p>\n<p class=\"v-p\">El mes de diciembre arranca con la visita de los actores Guillermo Francella y Javier Veiga que visitan el programa para presentar su nueva pel\u00edcula, &#8216;Playa de lobos&#8217;, que se estrena en cines el pr\u00f3ximo 5 de diciembre.<\/p>\n<p>Martes 2 de diciembre: Ver\u00f3nica S\u00e1nchez y Sonsoles \u00d3nega<\/p>\n<p><img decoding=\"async\" loading=\"lazy\" src=\"https:\/\/www.europesays.com\/es\/wp-content\/uploads\/2025\/12\/ehmartes.jpg\" class=\"v-a-img\" width=\"624\" height=\"385\" alt=\"\" data-voc-vtm-id=\"in-text-traffic\"\/><\/p>\n<p><img loading=\"lazy\" decoding=\"async\" src=\"https:\/\/www.europesays.com\/es\/wp-content\/uploads\/2025\/12\/ehmartes.jpg\" class=\"v-mdl__img-z\" width=\"624\" height=\"385\" alt=\"\"\/><\/p>\n<p class=\"v-p\">El martes ser\u00e1 el turno de la presentadora de &#8216;Y ahora Sonsoles&#8217;, Sonsoles \u00d3nega, que acude al programa junto a la actriz Ver\u00f3nica S\u00e1nchez para hablar de &#8216;Las hijas de la criada&#8217;, el gran estreno de ficci\u00f3n de la temporada en Atresplayer basado en la novela hom\u00f3nima de \u00d3nega, que obtuvo9 el premio Planeta en 2023.<\/p>\n<p><a href=\"http:\/\/www.lasprovincias.es\/culturas\/tv\/bailando-estrellas-escoge-ganador-final-vertigo-20251129005339-nt.html#vtm_modulosEngag=mod-rel:culturas:noticia:1:cmp:2-not\" class=\"v-a-link\" title=\"&#039;Bailando con las estrellas&#039; escoge a su ganador en una final de v\u00e9rtigo\" rel=\"nofollow noopener\" target=\"_blank\"><br \/>\n<img decoding=\"async\" loading=\"lazy\" class=\"v-a-img\" src=\"https:\/\/www.europesays.com\/es\/wp-content\/uploads\/2025\/12\/final-U190717280497zFG--366x256@Las Provincias.jpg\" alt=\"'Bailando con las estrellas' escoge a su ganador en una final de v\u00e9rtigo\"\/><br \/>\n<\/a><\/p>\n<p><a href=\"http:\/\/www.lasprovincias.es\/culturas\/tv\/sira-secuela-tiempo-costuras-adriana-ugarte-llega-20251128011554-nt.html#vtm_modulosEngag=mod-rel:culturas:noticia:2:cmp:2-not\" class=\"v-a-link\" title=\"De qu\u00e9 va &#039;Sira&#039;, la secuela de &#039;El tiempo entre costuras&#039; con Adriana Ugarte que llega a Antena 3\" rel=\"nofollow noopener\" target=\"_blank\"><br \/>\n<img decoding=\"async\" loading=\"lazy\" class=\"v-a-img\" src=\"https:\/\/www.europesays.com\/es\/wp-content\/uploads\/2025\/12\/sira-kUFI--366x256@Las Provincias.jpg\" alt=\"De qu\u00e9 va 'Sira', la secuela de 'El tiempo entre costuras' con Adriana Ugarte que llega a Antena 3\"\/><br \/>\n<\/a><\/p>\n<p>Mi\u00e9rcoles 3 de diciembre: Santiago Segura, Ernesto Sevilla y Pablo Chiapella<\/p>\n<p><img decoding=\"async\" loading=\"lazy\" src=\"https:\/\/www.europesays.com\/es\/wp-content\/uploads\/2025\/12\/ehmiercoles.jpg\" class=\"v-a-img\" width=\"624\" height=\"385\" alt=\"\" data-voc-vtm-id=\"in-text-traffic\"\/><\/p>\n<p><img loading=\"lazy\" decoding=\"async\" src=\"https:\/\/www.europesays.com\/es\/wp-content\/uploads\/2025\/12\/ehmiercoles.jpg\" class=\"v-mdl__img-z\" width=\"624\" height=\"385\" alt=\"\"\/><\/p>\n<p class=\"v-p\">El m\u00edercoles el plat\u00f3 de las hormigas est\u00e1 preparado para llorar de risa y es que Santiago Segura, Ernesto Sevilla y Pablo Chiapella son los invitados del programa. El tr\u00edo llega para presentar &#8216;La Navidad en sus manos 2&#8217;, la nueva pel\u00edcula que llega a Netflix el pr\u00f3ximo 5 de diciembre.<\/p>\n<p>Jueves 4 de diciembre: \u00d3scar Casas<\/p>\n<p><img decoding=\"async\" loading=\"lazy\" src=\"https:\/\/www.europesays.com\/es\/wp-content\/uploads\/2025\/12\/ehjueves.jpg\" class=\"v-a-img\" width=\"624\" height=\"385\" alt=\"\" data-voc-vtm-id=\"in-text-traffic\"\/><\/p>\n<p><img loading=\"lazy\" decoding=\"async\" src=\"https:\/\/www.europesays.com\/es\/wp-content\/uploads\/2025\/12\/ehjueves.jpg\" class=\"v-mdl__img-z\" width=\"624\" height=\"385\" alt=\"\"\/><\/p>\n<p class=\"v-p\">Para cerrar el comienzo de diciembre, \u00d3scar Casas acude al plat\u00f3 de las hormigas para presentar &#8216;Me has robado el coraz\u00f3n&#8217;, la nueva pel\u00edcula que protagoniza y que llega a los cines el 5 de diciembre. Se trata de una comedia rom\u00e1ntica con toques de road movie.<\/p>\n<p>Reporta un error<\/p>\n","protected":false},"excerpt":{"rendered":"Lunes, 1 de diciembre 2025, 00:33 &#8216;El Hormiguero&#8217; regresa a la parrilla de Antena 3 una semana m\u00e1s&hellip;\n","protected":false},"author":2,"featured_media":264863,"comment_status":"","ping_status":"","sticky":false,"template":"","format":"standard","meta":{"footnotes":""},"categories":[171],"tags":[1014,1366,35329,146,147,25,24,17775,2490,773,23,214],"class_list":{"0":"post-264862","1":"post","2":"type-post","3":"status-publish","4":"format-standard","5":"has-post-thumbnail","7":"category-tv","8":"tag-actores","9":"tag-comienza","10":"tag-diciembre","11":"tag-entertainment","12":"tag-entretenimiento","13":"tag-es","14":"tag-espana","15":"tag-hormiguero","16":"tag-llena","17":"tag-semana","18":"tag-spain","19":"tag-tv"},"share_on_mastodon":{"url":"https:\/\/pubeurope.com\/@es\/115642585544434198","error":""},"_links":{"self":[{"href":"https:\/\/www.europesays.com\/es\/wp-json\/wp\/v2\/posts\/264862","targetHints":{"allow":["GET"]}}],"collection":[{"href":"https:\/\/www.europesays.com\/es\/wp-json\/wp\/v2\/posts"}],"about":[{"href":"https:\/\/www.europesays.com\/es\/wp-json\/wp\/v2\/types\/post"}],"author":[{"embeddable":true,"href":"https:\/\/www.europesays.com\/es\/wp-json\/wp\/v2\/users\/2"}],"replies":[{"embeddable":true,"href":"https:\/\/www.europesays.com\/es\/wp-json\/wp\/v2\/comments?post=264862"}],"version-history":[{"count":0,"href":"https:\/\/www.europesays.com\/es\/wp-json\/wp\/v2\/posts\/264862\/revisions"}],"wp:featuredmedia":[{"embeddable":true,"href":"https:\/\/www.europesays.com\/es\/wp-json\/wp\/v2\/media\/264863"}],"wp:attachment":[{"href":"https:\/\/www.europesays.com\/es\/wp-json\/wp\/v2\/media?parent=264862"}],"wp:term":[{"taxonomy":"category","embeddable":true,"href":"https:\/\/www.europesays.com\/es\/wp-json\/wp\/v2\/categories?post=264862"},{"taxonomy":"post_tag","embeddable":true,"href":"https:\/\/www.europesays.com\/es\/wp-json\/wp\/v2\/tags?post=264862"}],"curies":[{"name":"wp","href":"https:\/\/api.w.org\/{rel}","templated":true}]}}