{"id":264868,"date":"2025-12-01T05:12:12","date_gmt":"2025-12-01T05:12:12","guid":{"rendered":"https:\/\/www.europesays.com\/es\/264868\/"},"modified":"2025-12-01T05:12:12","modified_gmt":"2025-12-01T05:12:12","slug":"asi-es-la-variante-k-de-la-gripe-que-preocupa-a-los-expertos-mas-transmisible-y-resistente-a-las-vacunas","status":"publish","type":"post","link":"https:\/\/www.europesays.com\/es\/264868\/","title":{"rendered":"As\u00ed es la variante K de la gripe que preocupa a los expertos: m\u00e1s transmisible y resistente a las vacunas"},"content":{"rendered":"<p>GRIPE<\/p>\n<p>El poravoz de la Sociedad Espa\u00f1ola de Medicina de Familia y Comunitaria ha informado de que la ola de gripe se ha adelantado un mes con respecto a otros a\u00f1os, pero que est\u00e1 por confirmar si la causa es la circulaci\u00f3n de esta variante. <\/p>\n<p class=\"articleSignature-name\"><a href=\"https:\/\/www.ondacero.es\/autores\/nerea-pardillo\/\" rel=\"nofollow noopener\" target=\"_blank\">Nerea Pardillo<\/a><\/p>\n<p class=\"articleSignature-datecontent\">Madrid | <strong>01.12.2025 06:00 <\/strong><\/p>\n<p><img loading=\"lazy\" decoding=\"async\" title=\"Una sanitaria prepara un vial durante el inicio de la campa\u00f1a de vacunaci\u00f3n de la gripe\" alt=\"Una sanitaria prepara un vial durante el inicio de la campa\u00f1a de vacunaci\u00f3n de la gripe\" width=\"480\" height=\"270\" src=\"https:\/\/www.europesays.com\/es\/wp-content\/uploads\/2025\/12\/sanitaria-prepara-vial-inicio-campana-vacunacion-gripe_70.jpg\"\/>Una sanitaria prepara un vial durante el inicio de la campa\u00f1a de vacunaci\u00f3n de la gripe | Alejandro Mart\u00ednez V\u00e9lez \/ Europa Press<\/p>\n","protected":false},"excerpt":{"rendered":"GRIPE El poravoz de la Sociedad Espa\u00f1ola de Medicina de Familia y Comunitaria ha informado de que la&hellip;\n","protected":false},"author":2,"featured_media":264869,"comment_status":"","ping_status":"","sticky":false,"template":"","format":"standard","meta":{"footnotes":""},"categories":[92],"tags":[25,24,165,166,23],"class_list":{"0":"post-264868","1":"post","2":"type-post","3":"status-publish","4":"format-standard","5":"has-post-thumbnail","7":"category-salud","8":"tag-es","9":"tag-espana","10":"tag-health","11":"tag-salud","12":"tag-spain"},"share_on_mastodon":{"url":"https:\/\/pubeurope.com\/@es\/115642600642731813","error":""},"_links":{"self":[{"href":"https:\/\/www.europesays.com\/es\/wp-json\/wp\/v2\/posts\/264868","targetHints":{"allow":["GET"]}}],"collection":[{"href":"https:\/\/www.europesays.com\/es\/wp-json\/wp\/v2\/posts"}],"about":[{"href":"https:\/\/www.europesays.com\/es\/wp-json\/wp\/v2\/types\/post"}],"author":[{"embeddable":true,"href":"https:\/\/www.europesays.com\/es\/wp-json\/wp\/v2\/users\/2"}],"replies":[{"embeddable":true,"href":"https:\/\/www.europesays.com\/es\/wp-json\/wp\/v2\/comments?post=264868"}],"version-history":[{"count":0,"href":"https:\/\/www.europesays.com\/es\/wp-json\/wp\/v2\/posts\/264868\/revisions"}],"wp:featuredmedia":[{"embeddable":true,"href":"https:\/\/www.europesays.com\/es\/wp-json\/wp\/v2\/media\/264869"}],"wp:attachment":[{"href":"https:\/\/www.europesays.com\/es\/wp-json\/wp\/v2\/media?parent=264868"}],"wp:term":[{"taxonomy":"category","embeddable":true,"href":"https:\/\/www.europesays.com\/es\/wp-json\/wp\/v2\/categories?post=264868"},{"taxonomy":"post_tag","embeddable":true,"href":"https:\/\/www.europesays.com\/es\/wp-json\/wp\/v2\/tags?post=264868"}],"curies":[{"name":"wp","href":"https:\/\/api.w.org\/{rel}","templated":true}]}}