{"id":264876,"date":"2025-12-01T05:16:14","date_gmt":"2025-12-01T05:16:14","guid":{"rendered":"https:\/\/www.europesays.com\/es\/264876\/"},"modified":"2025-12-01T05:16:14","modified_gmt":"2025-12-01T05:16:14","slug":"cuatro-muertos-y-diez-heridos-en-una-fiesta-de-cumpleanos-infantil","status":"publish","type":"post","link":"https:\/\/www.europesays.com\/es\/264876\/","title":{"rendered":"Cuatro muertos y diez heridos en una fiesta de cumplea\u00f1os infantil"},"content":{"rendered":"<p>Cuatro personas murieron y otras diez resultaron heridas en un tiroteo ocurrido durante la celebraci\u00f3n de una fiesta de cumplea\u00f1os infantil en <strong>Stockton<\/strong>, en el norte de California (EE.UU), confirmaron fuentes oficiales.<\/p>\n<p>El incidente tuvo lugar el s\u00e1bado por la noche en un restaurante de la ciudad y la polic\u00eda, que cree que el tiroteo pudo ser \u00abselectivo\u00bb, busca a un sospechoso. Entre las victimas hay ni\u00f1os y adultos, aunque por el momento no han trascendido m\u00e1s detalles sobre la identidad de los fallecidos ni sobre el estado de los heridos, algunos de los cuales han sido trasladados a hospitales locales, seg\u00fan informa Efe.<\/p>\n<p>La oficina del sheriff del condado de San Joaqu\u00edn inform\u00f3 de que el tiroteo ocurri\u00f3 poco antes de las 18:00 hora local del s\u00e1bado (02.00 GMT del domingo) y asegur\u00f3 que la investigaci\u00f3n sigue en curso y que la informaci\u00f3n sigue siendo limitada.<\/p>\n<p>No se descarta ninguna hip\u00f3tesis<\/p>\n<p>\u00abLos primeros indicios sugieren que puede tratarse de un incidente selectivo, y los investigadores est\u00e1n explorando todas las posibilidades. Los detectives est\u00e1n trabajando activamente para determinar las circunstancias que llevaron a esta tragedia\u00bb, indic\u00f3 en un comunicado en Facebook.<\/p>\n<p>El vicealcalde de Stockton, Jason Lee, confirm\u00f3 en sus redes sociales que el incidente tuvo lugar en una fiesta de cumplea\u00f1os infantil.<\/p>\n<p>\u00abMe siento devastado y furioso al enterarme del tiroteo masivo ocurrido en la fiesta de cumplea\u00f1os de un ni\u00f1o. Una fiesta de cumplea\u00f1os nunca deber\u00eda ser un lugar donde las familias teman por sus vidas\u00bb, escribi\u00f3.<\/p>\n<p>\u00abLos ni\u00f1os nunca deber\u00edan perder la vida de esta manera\u00bb, a\u00f1adi\u00f3.<\/p>\n<p>            <a class=\"articulo-relacionado__media\" href=\"https:\/\/www.elindependiente.com\/sociedad\/2025\/11\/30\/fallecen-tres-jovenes-tras-sufrir-un-accidente-de-trafico-en-cabezon-de-la-sal-cantabria\/\" title=\"Fallecen tres j\u00f3venes tras sufrir un accidente de tr\u00e1fico en Cabez\u00f3n de la Sal (Cantabria)\" rel=\"nofollow noopener\" target=\"_blank\"><\/p>\n<p>                <img loading=\"lazy\" decoding=\"async\" src=\"data:image\/svg+xml,%3Csvg%20xmlns=\" http:=\"\" width=\"390\" height=\"220\" alt=\"Fallecen tres j\u00f3venes tras sufrir un accidente de tr\u00e1fico en Cabez\u00f3n de la Sal (Cantabria)\" data-lazy-src=\"https:\/\/www.europesays.com\/es\/wp-content\/uploads\/2025\/12\/guardia-civil-bandera-amarilla-390x220.jpg\"\/><\/p>\n<p>\t\t\t            <\/a><\/p>\n<p>PUBLICIDAD<\/p>\n","protected":false},"excerpt":{"rendered":"Cuatro personas murieron y otras diez resultaron heridas en un tiroteo ocurrido durante la celebraci\u00f3n de una fiesta&hellip;\n","protected":false},"author":2,"featured_media":264877,"comment_status":"","ping_status":"","sticky":false,"template":"","format":"standard","meta":{"footnotes":""},"categories":[42],"tags":[17,18,13,14,11,61,62,63,64,19,20,9,10,15,16,257,12,21,22,65,66,67],"class_list":{"0":"post-264876","1":"post","2":"type-post","3":"status-publish","4":"format-standard","5":"has-post-thumbnail","7":"category-internacional","8":"tag-breaking-news","9":"tag-breakingnews","10":"tag-featured-news","11":"tag-featurednews","12":"tag-headlines","13":"tag-internacional","14":"tag-international","15":"tag-international-news","16":"tag-internationalnews","17":"tag-latest-news","18":"tag-latestnews","19":"tag-news","20":"tag-noticias","21":"tag-noticias-destacadas","22":"tag-noticiasdestacadas","23":"tag-sucesos","24":"tag-titulares","25":"tag-ultimas-noticias","26":"tag-ultimasnoticias","27":"tag-world","28":"tag-world-news","29":"tag-worldnews"},"share_on_mastodon":{"url":"https:\/\/pubeurope.com\/@es\/115642615988272028","error":""},"_links":{"self":[{"href":"https:\/\/www.europesays.com\/es\/wp-json\/wp\/v2\/posts\/264876","targetHints":{"allow":["GET"]}}],"collection":[{"href":"https:\/\/www.europesays.com\/es\/wp-json\/wp\/v2\/posts"}],"about":[{"href":"https:\/\/www.europesays.com\/es\/wp-json\/wp\/v2\/types\/post"}],"author":[{"embeddable":true,"href":"https:\/\/www.europesays.com\/es\/wp-json\/wp\/v2\/users\/2"}],"replies":[{"embeddable":true,"href":"https:\/\/www.europesays.com\/es\/wp-json\/wp\/v2\/comments?post=264876"}],"version-history":[{"count":0,"href":"https:\/\/www.europesays.com\/es\/wp-json\/wp\/v2\/posts\/264876\/revisions"}],"wp:featuredmedia":[{"embeddable":true,"href":"https:\/\/www.europesays.com\/es\/wp-json\/wp\/v2\/media\/264877"}],"wp:attachment":[{"href":"https:\/\/www.europesays.com\/es\/wp-json\/wp\/v2\/media?parent=264876"}],"wp:term":[{"taxonomy":"category","embeddable":true,"href":"https:\/\/www.europesays.com\/es\/wp-json\/wp\/v2\/categories?post=264876"},{"taxonomy":"post_tag","embeddable":true,"href":"https:\/\/www.europesays.com\/es\/wp-json\/wp\/v2\/tags?post=264876"}],"curies":[{"name":"wp","href":"https:\/\/api.w.org\/{rel}","templated":true}]}}