{"id":264878,"date":"2025-12-01T05:17:14","date_gmt":"2025-12-01T05:17:14","guid":{"rendered":"https:\/\/www.europesays.com\/es\/264878\/"},"modified":"2025-12-01T05:17:14","modified_gmt":"2025-12-01T05:17:14","slug":"los-autonomos-salen-a-la-calle-en-murcia-contra-la-asfixia-fiscal-y-la-falta-de-cobertura-no-queremos-vivir-bien-solo-vivir","status":"publish","type":"post","link":"https:\/\/www.europesays.com\/es\/264878\/","title":{"rendered":"Los aut\u00f3nomos salen a la calle en Murcia contra \u00abla asfixia fiscal\u00bb y la falta de cobertura: \u00abNo queremos vivir bien, solo vivir\u00bb"},"content":{"rendered":"<p><a class=\"v-mdl-ath__fig-a\" href=\"https:\/\/www.laverdad.es\/autor\/raul-hernandez-533.html\" title=\"Ra\u00fal Hern\u00e1ndez\" rel=\"nofollow noopener\" target=\"_blank\"><br \/>\n<img decoding=\"async\" class=\"v-mdl-ath__img\" src=\"https:\/\/www.europesays.com\/es\/wp-content\/uploads\/2025\/08\/autor-533-foto-2.jpeg\" alt=\"Ra\u00fal Hern\u00e1ndez\"\/><br \/>\n<\/a><\/p>\n<p class=\"v-mdl-ath__p v-mdl-ath__p--6\">\nDomingo, 30 de noviembre 2025, 12:56<\/p>\n<p>| Actualizado 14:01h.<\/p>\n<p class=\"v-p\">El centro de Murcia se llen\u00f3 este domingo del sonido de los pitos y de la imagen de los brazos alzados de varios centenares de trabajadores por cuenta propia que se concentraron a las once de la ma\u00f1ana en la plaza Circular para iniciar una manifestaci\u00f3n convocada por la Plataforma por la Dignidad de los Aut\u00f3nomos bajo el lema &#8216;Aut\u00f3nomos asfixiados. Basta ya&#8217;. La marcha recorri\u00f3 Alfonso X, Traper\u00eda, la Plaza de Belluga, Teniente Flomesta y finaliz\u00f3 en La Glorieta, frente al Ayuntamiento, donde se ley\u00f3 el manifiesto nacional del colectivo.<\/p>\n<p class=\"v-p\">Durante el recorrido, los participantes portaron carteles con consignas como &#8216;Sin aut\u00f3nomos no hay futuro&#8217; o &#8216;Si el aut\u00f3nomo desaparece, Espa\u00f1a se desvanece&#8217;, mientras hac\u00edan sonar los silbatos de forma constante. Muchos llevaban guantes de color rojo y manten\u00edan los brazos en alto como gesto de reivindicaci\u00f3n.<\/p>\n<p class=\"v-p\">La plataforma convocante, nacida en redes sociales y sin vinculaci\u00f3n con asociaciones ni partidos, reclama una revisi\u00f3n \u00abjusta\u00bb de las cuotas, pago conforme a ingresos reales, rebaja de la presi\u00f3n fiscal, protecci\u00f3n social equiparable a la de los asalariados, aprobaci\u00f3n inmediata de la exenci\u00f3n del IVA para facturaciones inferiores a 75.000 euros, apoyo al peque\u00f1o comercio y la eliminaci\u00f3n de trabas burocr\u00e1ticas.<\/p>\n<p class=\"v-p\">Uno de los portavoces del colectivo, Antonio Rentero, encabez\u00f3 la marcha y explic\u00f3 que la movilizaci\u00f3n responde a una situaci\u00f3n \u00abinsostenible\u00bb. \u00abNo pedimos privilegios, pedimos justicia, tener derechos similares a los asalariados. Muchos negocios est\u00e1n cerrando no porque no funcionen, sino porque estamos asfixiados por la presi\u00f3n de cuotas e impuestos\u00bb, se\u00f1al\u00f3. A\u00f1adi\u00f3 que existe una directiva europea \u00abque permitir\u00eda ma\u00f1ana mismo aplicar la exenci\u00f3n del IVA para quienes facturan menos de 75.000 euros, pero no se hace por falta de voluntad\u00bb.<\/p>\n<p class=\"v-p\">Entre los asistentes se encontraba Graciela Torga, propietaria de una peluquer\u00eda con dos empleadas en Gij\u00f3n. La convocatoria le hab\u00eda pillado en Murcia y no dud\u00f3 en acudir a la protesta para pedir lo que para ella es justo. \u00abCuando te pones enferma lo que te pagan no da para nada y tienes que cubrir a otra persona. \u00bfC\u00f3mo pagas la casa o el alquiler? Llegamos a final de mes con la lengua fuera\u00bb, relat\u00f3. Junto a ella, su madre, Mar\u00eda Elena, aut\u00f3noma jubilada, record\u00f3 las consecuencias econ\u00f3micas de una baja m\u00e9dica. \u00abMe operaron del ri\u00f1\u00f3n y tuve que pagar la cuota. Luego tuve que abonar el doble por haber estado de baja. Toda una vida trabajando para terminar con una pensi\u00f3n ajustada\u00bb.<\/p>\n<p class=\"v-p\">Por su parte, Te\u00f3fila Ruiz, aut\u00f3noma dedicada a la limpieza, cifr\u00f3 en casi 400 euros la cuota mensual que debe abonar. \u00abTrabajo much\u00edsimo y de lo que gano el Gobierno se queda m\u00e1s que yo. Con lo que me sobra, unos 200 euros, \u00bfqu\u00e9 hago? Lo justo ser\u00eda pagar conforme a los ingresos para poder vivir. No puedo contratar a nadie, no tenemos vacaciones, no tenemos baja ni derecho a paro. Si no trabajo, no cobro\u00bb.<\/p>\n<p class=\"v-p\">Entre la columna de manifestantes Jos\u00e9 Francisco Hern\u00e1ndez, empresario e inventor de Ceut\u00ed, fundador de Herga Energy Senal, explic\u00f3 que nunca ha tenido vacaciones en su vida, \u00abtrabajo todos los d\u00edas\u00bb, algo que se resum\u00eda en el cartel que portaba con el mensaje &#8216;Soy aut\u00f3nomo, no soy Superman&#8217;. Con una pr\u00f3tesis reciente tras una intervenci\u00f3n, denunci\u00f3 la falta de cobertura para las empresas y lament\u00f3 la falta de apoyos desde el Gobierno nacional y regional. \u00abNo tengo ni baja ni ayudas pese a llevar toda la vida investigando e invirtiendo. Solo valemos para pagar. Los empresarios estamos fuera de todo, nadie se interesa por nosotros\u00bb.<\/p>\n<p class=\"v-p\">Desde el sector hostelero, Montse Cervera puso sobre la mesa la necesidad de equiparaci\u00f3n en derechos b\u00e1sicos. \u00abSe muere tu madre y pr\u00e1cticamente la entierras y te vas a trabajar. No tenemos paro ni d\u00edas libres reales. Si no facturamos, no podemos pagar. Queremos pagar lo que nos corresponda seg\u00fan lo que ganamos, pero tener derechos tambi\u00e9n\u00bb, explic\u00f3 y a\u00f1adi\u00f3 que \u00abno queremos vivir bien, solo vivir\u00bb. <\/p>\n<p class=\"v-p\">Por su parte, la esteticista Encarna Guerrero resumi\u00f3 el sentir de muchas peque\u00f1as empresas \u00abCon tantos impuestos la peque\u00f1a empresa no es rentable. Al final solo pedimos vivir, pagar seg\u00fan los ingresos y que nos traten mejor\u00bb.<\/p>\n<p class=\"v-p\">La protesta culmin\u00f3 en La Glorieta con la lectura del manifiesto, en el que el colectivo apel\u00f3 a la dignidad del trabajo aut\u00f3nomo y a la necesidad de frenar la precariedad, la presi\u00f3n fiscal y la burocracia que, seg\u00fan denuncian, aceleran el cierre de peque\u00f1os comercios en barrios y pueblos.<\/p>\n<p>Reporta un error<\/p>\n","protected":false},"excerpt":{"rendered":"Domingo, 30 de noviembre 2025, 12:56 | Actualizado 14:01h. El centro de Murcia se llen\u00f3 este domingo del&hellip;\n","protected":false},"author":2,"featured_media":264879,"comment_status":"","ping_status":"","sticky":false,"template":"","format":"standard","meta":{"footnotes":""},"categories":[8],"tags":[65367,44159,14649,17,18,10872,19373,25,24,1998,13,14,6987,11,19,20,1478,9,10,15,16,6213,19791,1138,23,12,21,22,1284],"class_list":{"0":"post-264878","1":"post","2":"type-post","3":"status-publish","4":"format-standard","5":"has-post-thumbnail","7":"category-espana","8":"tag-asfixia","9":"tag-autonomos","10":"tag-bien","11":"tag-breaking-news","12":"tag-breakingnews","13":"tag-calle","14":"tag-cobertura","15":"tag-es","16":"tag-espana","17":"tag-falta","18":"tag-featured-news","19":"tag-featurednews","20":"tag-fiscal","21":"tag-headlines","22":"tag-latest-news","23":"tag-latestnews","24":"tag-murcia","25":"tag-news","26":"tag-noticias","27":"tag-noticias-destacadas","28":"tag-noticiasdestacadas","29":"tag-queremos","30":"tag-salen","31":"tag-solo","32":"tag-spain","33":"tag-titulares","34":"tag-ultimas-noticias","35":"tag-ultimasnoticias","36":"tag-vivir"},"share_on_mastodon":{"url":"https:\/\/pubeurope.com\/@es\/115642620336300263","error":""},"_links":{"self":[{"href":"https:\/\/www.europesays.com\/es\/wp-json\/wp\/v2\/posts\/264878","targetHints":{"allow":["GET"]}}],"collection":[{"href":"https:\/\/www.europesays.com\/es\/wp-json\/wp\/v2\/posts"}],"about":[{"href":"https:\/\/www.europesays.com\/es\/wp-json\/wp\/v2\/types\/post"}],"author":[{"embeddable":true,"href":"https:\/\/www.europesays.com\/es\/wp-json\/wp\/v2\/users\/2"}],"replies":[{"embeddable":true,"href":"https:\/\/www.europesays.com\/es\/wp-json\/wp\/v2\/comments?post=264878"}],"version-history":[{"count":0,"href":"https:\/\/www.europesays.com\/es\/wp-json\/wp\/v2\/posts\/264878\/revisions"}],"wp:featuredmedia":[{"embeddable":true,"href":"https:\/\/www.europesays.com\/es\/wp-json\/wp\/v2\/media\/264879"}],"wp:attachment":[{"href":"https:\/\/www.europesays.com\/es\/wp-json\/wp\/v2\/media?parent=264878"}],"wp:term":[{"taxonomy":"category","embeddable":true,"href":"https:\/\/www.europesays.com\/es\/wp-json\/wp\/v2\/categories?post=264878"},{"taxonomy":"post_tag","embeddable":true,"href":"https:\/\/www.europesays.com\/es\/wp-json\/wp\/v2\/tags?post=264878"}],"curies":[{"name":"wp","href":"https:\/\/api.w.org\/{rel}","templated":true}]}}