{"id":264880,"date":"2025-12-01T05:18:08","date_gmt":"2025-12-01T05:18:08","guid":{"rendered":"https:\/\/www.europesays.com\/es\/264880\/"},"modified":"2025-12-01T05:18:08","modified_gmt":"2025-12-01T05:18:08","slug":"el-auto-del-supremo-sobre-el-asilo-de-menores-migrantes-plantea-dudas-sobre-la-tutela-fuera-de-canarias-espana","status":"publish","type":"post","link":"https:\/\/www.europesays.com\/es\/264880\/","title":{"rendered":"El auto del Supremo sobre el asilo de menores migrantes plantea dudas sobre la tutela fuera de Canarias | Espa\u00f1a"},"content":{"rendered":"<p class=\"\">El estrecho plazo de 15 d\u00edas con el que el Supremo espole\u00f3 al Gobierno para que se hiciera cargo de los <a href=\"https:\/\/elpais.com\/espana\/2025-10-23\/el-supremo-califica-de-inadmisible-la-actuacion-del-gobierno-con-los-menores-solicitantes-de-asilo-en-canarias.html\" target=\"_self\" rel=\"nofollow noopener\" title=\"https:\/\/elpais.com\/espana\/2025-10-23\/el-supremo-califica-de-inadmisible-la-actuacion-del-gobierno-con-los-menores-solicitantes-de-asilo-en-canarias.html\">menores extranjeros solicitantes de asilo<\/a> sigue abriendo grietas administrativas de dif\u00edcil resoluci\u00f3n. Aunque muchos de esos chavales, alrededor de 500, han sido trasladados ya de Canarias a la Pen\u00ednsula para incorporarse a centros estatales que se han reacomodado en un tiempo r\u00e9cord, la pregunta ahora es c\u00f3mo se ejercer\u00e1 la tutela, que sigue manteniendo la comunidad, a miles de kil\u00f3metros de distancia, una vez que ha cedido la guarda al Gobierno y sus pupilos viven ahora en otras comunidades. Mientras, muchachos que no han alcanzado la mayor\u00eda de edad siguen llegando estos \u00faltimos d\u00edas en cayucos hasta las costas de El Hierro procedentes de Mali, lo que garantiza que habr\u00e1 m\u00e1s peticiones de protecci\u00f3n. <\/p>\n<p class=\"\">La consejera de Bienestar Social de Canarias, Candelaria Delgado, asegura que se han comunicado con las fiscal\u00edas de las comunidades a las que han trasladado a los adolescentes para que cuiden de que todo est\u00e9 correcto en esos nuevos centros. \u201cLa labor de las fiscal\u00edas es inspeccionar, pero tambi\u00e9n tenemos t\u00e9cnicos de la Consejer\u00eda que se trasladar\u00e1n hasta all\u00ed\u201d, ha declarado a este peri\u00f3dico Delgado. \u00bfSe lo ha pedido a las fiscal\u00edas expresamente? \u201cEs su deber, yo no pido, comunico. La Fiscal\u00eda nos recuerda a veces por escrito que esa es su labor\u201d, a\u00f1ade Delgado. Asegura tambi\u00e9n que la Fiscal\u00eda canaria ha informado a las dem\u00e1s de que \u201clo mejor ser\u00eda cambiar la tutela\u201d, que tendr\u00eda que recaer en las comunidades, por ley, no en el Estado.<\/p>\n<p class=\"\">\u201cCreo que Canarias no tiene capacidad para ejercer esa tutela\u201d, dice Isabel L\u00e1zaro, catedr\u00e1tica de Derecho Internacional Privado. \u201cSi en situaciones de normalidad se ejerce relativamente, en una situaci\u00f3n como esta\u2026\u201d, a\u00f1ade. Tener la tutela de un ni\u00f1o significa estar pendiente de sus estudios, de que lleve una vida digna y en el caso de extranjeros, de que obtengan los papeles que regularicen su estancia en Espa\u00f1a, entre otras cosas. \u201cCanarias no controla a los propios, ya hemos visto los \u00faltimos esc\u00e1ndalos de lo que pasa en algunos centros, c\u00f3mo acudir\u00e1 a vigilar lo que pasa en otros sitios. No es un sistema que est\u00e9 previsto de ese modo\u201d, sostiene L\u00e1zaro, que pertenece tambi\u00e9n al patronato de Save the Children. \u201cNo me gusta el auto del Supremo, yo creo que no entiende el sistema de protecci\u00f3n internacional, que es donde hay que enganchar el asilo, que no puede ir en contra ni restar competencias a las comunidades aut\u00f3nomas. Da la impresi\u00f3n de que el tribunal no conoce bien c\u00f3mo funciona el sistema\u201d, recalca la experta, en referencia a la guarda que ahora ejerce el Gobierno mientras que los servicios los presta la comunidad de residencia, ya sean educativos, sanitarios o de otra \u00edndole. <\/p>\n<p>Tutela y guarda<\/p>\n<p class=\"\">Lo l\u00f3gico ser\u00eda que Canarias cediera la tutela en favor de esas comunidades, porque el Estado, por ley, no puede ejercerla, \u201cpero en lugar de llegar a acuerdos para ceder la tutela cede solo a guarda\u201d. L\u00e1zaro, que ha estudiado de cerca situaciones anteriores parecidas en Ceuta y Melilla, cree que la explicaci\u00f3n est\u00e1 en el dinero que reciben las comunidades por mantener la tutela de esos ni\u00f1os. El Estado se ha hecho cargo tradicionalmente de dar protecci\u00f3n internacional, cubriendo necesidades b\u00e1sicas, como la vivienda, pero solo cuando se trata de adultos o familias, no en el caso de menores desamparados, y muchos de los que ahora llegan a Canarias solos solicitan esa protecci\u00f3n porque provienen de Mali, donde soplan las balas, no se trata \u00fanicamente de una migraci\u00f3n econ\u00f3mica. <\/p>\n<p class=\"\">L\u00e1zaro entiende la dif\u00edcil situaci\u00f3n por la que atraviesa Canarias. Como ella, son pocos, si es que hay alguno, los que no est\u00e9n de acuerdo en las complicaciones que acarrea la llegada recurrente de migrantes a esas costas. Canarias recibe muchas expresiones de solidaridad, pero no la ayuda que necesita, lamentan sus autoridades. Prueba de ello son los obst\u00e1culos que est\u00e1n poniendo algunas comunidades para acoger a muchos menores (entre los que no han solicitado protecci\u00f3n internacional) para una distribuci\u00f3n equitativa del peso. 2.800 chicos tienen que ser reubicados en otros territorios, pero ese proceso est\u00e1 en mantillas, apenas han salido 17 hacia la Pen\u00ednsula, seg\u00fan la consejera Delgado. <\/p>\n<p class=\"\"><a href=\"https:\/\/elpais.com\/espana\/2025-06-05\/el-supremo-ordena-al-gobierno-medidas-urgentes-con-los-menores-solicitantes-de-asilo-de-canarias.html\" target=\"_self\" rel=\"nofollow noopener\" title=\"https:\/\/elpais.com\/espana\/2025-06-05\/el-supremo-ordena-al-gobierno-medidas-urgentes-con-los-menores-solicitantes-de-asilo-de-canarias.html\">Despu\u00e9s de varios avisos<\/a>, el \u00faltimo auto del Supremo que urg\u00eda al Gobierno a hacerse cargo definitivamente de esos menores ha causado disfunciones y m\u00e1s de un disgusto en algunas familias y cuidadores de los centros de acogida canarios que a\u00fan se est\u00e1n corrigiendo. En el atropellado proceso para sacar de las islas a cientos de adolescentes no siempre se ha tenido en cuenta el arraigo que algunos de ellos ya ten\u00edan en Canarias, integrados en institutos educativos, equipos de f\u00fatbol y familias que les amadrinan. Algunos que fueron trasladados desde otras islas hasta Las Palmas, \u00fanico lugar donde el Estado ten\u00eda hasta ahora un centro de acogida en todo Canarias, han sido devueltos a sus pueblos tras las protestas incesantes de las familias y educadores. Aunque ello incumpla en alguna medida lo dictado por el Supremo, parece que <a href=\"https:\/\/elpais.com\/espana\/2025-04-04\/el-gobierno-recurre-la-orden-del-supremo-de-acoger-a-mil-menores-migrantes-no-acompanados-solicitantes-de-asilo-en-canarias.html\" target=\"_self\" rel=\"nofollow noopener\" title=\"https:\/\/elpais.com\/espana\/2025-04-04\/el-gobierno-recurre-la-orden-del-supremo-de-acoger-a-mil-menores-migrantes-no-acompanados-solicitantes-de-asilo-en-canarias.html\">se ha priorizado el inter\u00e9s superior del menor.<\/a> <\/p>\n<p class=\"\">Fuentes conocedoras de todo el proceso aseguran que se han dado situaciones chocantes, enviando a chiquillos a Valencia cuando ten\u00edan familia en M\u00e1laga, por poner un ejemplo con ciudades ficticias. O mandando a Extremadura a quien cursaba estudios n\u00e1uticos, o separando a hermanos. Todo ello, aseguran, se ha ido reconduciendo. Pero lo que preocupa ahora es que <a href=\"https:\/\/elpais.com\/espana\/2025-07-02\/el-supremo-ordena-a-los-gobiernos-central-y-canario-un-informe-quincenal-sobre-la-atencion-a-los-menores-solicitantes-de-asilo.html\" target=\"_self\" rel=\"nofollow noopener\" title=\"https:\/\/elpais.com\/espana\/2025-07-02\/el-supremo-ordena-a-los-gobiernos-central-y-canario-un-informe-quincenal-sobre-la-atencion-a-los-menores-solicitantes-de-asilo.html\">esos traslados imprevistos<\/a> sean otra estaci\u00f3n en la vapuleada vida de esos muchachos: si su solicitud de asilo fuera denegada deber\u00edan volver a Canarias, quiz\u00e1 cuando ya se hayan adaptado de nuevo a la Pen\u00ednsula. \u00bfCu\u00e1ntos han salido sin tener reconocido todav\u00eda el derecho a protecci\u00f3n internacional? La consejera canaria de Bienestar Social asegura que todos los trasladados lo tienen ya. <\/p>\n<p>Menores en tr\u00e1nsito<\/p>\n<p class=\"\">En los centros del Estado en Canarias, tanto el Canarias 50 como dos m\u00e1s que se han adaptado para ello, quedan a\u00fan decenas de menores, muchos de ellos en tr\u00e1nsito, porque algunos de esos lugares no re\u00fanen las condiciones que se requieren, est\u00e1n ah\u00ed para evaluar las circunstancias de los muchachos y <a href=\"https:\/\/elpais.com\/espana\/2025-05-29\/el-gobierno-reconoce-en-el-supremo-que-todavia-no-ha-evaluado-a-ningun-menor-no-acompanado-solicitante-de-asilo-en-canarias.html\" target=\"_self\" rel=\"nofollow noopener\" title=\"https:\/\/elpais.com\/espana\/2025-05-29\/el-gobierno-reconoce-en-el-supremo-que-todavia-no-ha-evaluado-a-ningun-menor-no-acompanado-solicitante-de-asilo-en-canarias.html\">garantizar que no se rompa abruptamente su arraigo<\/a> en las islas antes de ser derivados a la Pen\u00ednsula, un destino que muchos de ellos desean, como han expresado a este peri\u00f3dico algunos de los jovencillos que pasaban la tarde, esta semana, a las puertas del Canarias 50, unas instalaciones en la capital de las islas concebidas en principio para adultos, que no disponen de aulas de estudio. Otros, que ya tienen edad para salir, cogen cada d\u00eda las guaguas \u2014autobuses\u2014 para acercarse al instituto en sus pueblos, si no hay muchos kil\u00f3metros por medio, y seguir, en la medida de lo posible, con su vida anterior. <\/p>\n<p class=\"\">De los dos nuevos centro habilitados por el Gobierno en las islas para quienes no desean marchar y poder as\u00ed cumplir con el decreto del Supremo \u2015que tampoco tuvo en cuenta esta circunstancia\u2014, uno de ellos tambi\u00e9n est\u00e1 considerado de tr\u00e1nsito. \u201cSi se inspeccionan los centros de menores de esta comunidad, cerrar\u00edamos todos, porque ninguno cumple\u201d, reconoce la propia consejera, en referencia a aquellos establecimientos creados en momentos de emergencias que siempre tienen m\u00e1s, muchos m\u00e1s de los 12 ni\u00f1os que estipulan las normas, no as\u00ed los de los cabildos, recuerda Delgado. A pesar de ello, la consejera conf\u00eda en que los lugares donde se est\u00e1 recibiendo a estos muchachos en la Pen\u00ednsula son los adecuados, porque \u201ctodos han tenido que pasar los filtros que para estos centros imponen las comunidades\u201d. <\/p>\n","protected":false},"excerpt":{"rendered":"El estrecho plazo de 15 d\u00edas con el que el Supremo espole\u00f3 al Gobierno para que se hiciera&hellip;\n","protected":false},"author":2,"featured_media":264881,"comment_status":"","ping_status":"","sticky":false,"template":"","format":"standard","meta":{"footnotes":""},"categories":[5],"tags":[17,18,1896,19689,25,24,13,14,582,11,590,895,15398,2158,19,20,1567,1898,9,10,15,16,15399,10302,23,12,493,21,22],"class_list":{"0":"post-264880","1":"post","2":"type-post","3":"status-publish","4":"format-standard","5":"has-post-thumbnail","7":"category-titulares","8":"tag-breaking-news","9":"tag-breakingnews","10":"tag-canarias","11":"tag-cayucos","12":"tag-es","13":"tag-espana","14":"tag-featured-news","15":"tag-featurednews","16":"tag-gobierno","17":"tag-headlines","18":"tag-inmigracion","19":"tag-inmigracion-irregular","20":"tag-inmigracion-irregular-espana","21":"tag-justicia","22":"tag-latest-news","23":"tag-latestnews","24":"tag-menores","25":"tag-menores-migrantes","26":"tag-news","27":"tag-noticias","28":"tag-noticias-destacadas","29":"tag-noticiasdestacadas","30":"tag-pateras","31":"tag-pateras-canarias","32":"tag-spain","33":"tag-titulares","34":"tag-tribunales","35":"tag-ultimas-noticias","36":"tag-ultimasnoticias"},"share_on_mastodon":{"url":"","error":"Validation failed: Text character limit of 500 exceeded"},"_links":{"self":[{"href":"https:\/\/www.europesays.com\/es\/wp-json\/wp\/v2\/posts\/264880","targetHints":{"allow":["GET"]}}],"collection":[{"href":"https:\/\/www.europesays.com\/es\/wp-json\/wp\/v2\/posts"}],"about":[{"href":"https:\/\/www.europesays.com\/es\/wp-json\/wp\/v2\/types\/post"}],"author":[{"embeddable":true,"href":"https:\/\/www.europesays.com\/es\/wp-json\/wp\/v2\/users\/2"}],"replies":[{"embeddable":true,"href":"https:\/\/www.europesays.com\/es\/wp-json\/wp\/v2\/comments?post=264880"}],"version-history":[{"count":0,"href":"https:\/\/www.europesays.com\/es\/wp-json\/wp\/v2\/posts\/264880\/revisions"}],"wp:featuredmedia":[{"embeddable":true,"href":"https:\/\/www.europesays.com\/es\/wp-json\/wp\/v2\/media\/264881"}],"wp:attachment":[{"href":"https:\/\/www.europesays.com\/es\/wp-json\/wp\/v2\/media?parent=264880"}],"wp:term":[{"taxonomy":"category","embeddable":true,"href":"https:\/\/www.europesays.com\/es\/wp-json\/wp\/v2\/categories?post=264880"},{"taxonomy":"post_tag","embeddable":true,"href":"https:\/\/www.europesays.com\/es\/wp-json\/wp\/v2\/tags?post=264880"}],"curies":[{"name":"wp","href":"https:\/\/api.w.org\/{rel}","templated":true}]}}