{"id":264882,"date":"2025-12-01T05:26:24","date_gmt":"2025-12-01T05:26:24","guid":{"rendered":"https:\/\/www.europesays.com\/es\/264882\/"},"modified":"2025-12-01T05:26:24","modified_gmt":"2025-12-01T05:26:24","slug":"montanana-muy-satisfecha-el-viaje-de-vuelta-de-siete-horas-y-media-sera-diferente","status":"publish","type":"post","link":"https:\/\/www.europesays.com\/es\/264882\/","title":{"rendered":"Monta\u00f1ana, muy satisfecha: \u00abEl viaje de vuelta de siete horas y media ser\u00e1 diferente\u00bb"},"content":{"rendered":"<p><img fetchpriority=\"high\" class=\"v-a-img\" src=\"https:\/\/www.europesays.com\/es\/wp-content\/uploads\/2025\/12\/monta\u00e1na-RASUnGgjajZlZq28poaagjL-1200x840@Gaceta Salamanca.jpg\" loading=\"eager\" decoding=\"async\" alt=\"Monta\u00f1ana, dirigi\u00e9ndose a sus jugadoras en un partido en casa.\"  width=\"1200\" height=\"840\"\/><\/p>\n<p>Monta\u00f1ana, dirigi\u00e9ndose a sus jugadoras en un partido en casa.          LAYA        <\/p>\n<p>\u00abHemos estado bastante consistentes durante muchos minutos\u00bb, se\u00f1ala la valenciana<\/p>\n<p><a class=\"v-mdl-ath__fig-a\" href=\"https:\/\/www.lagacetadesalamanca.es\/autor\/alex-g-santana-6000.html\" title=\"Alex G. Santana\" rel=\"nofollow noopener\" target=\"_blank\"><br \/>\n<img decoding=\"async\" class=\"v-mdl-ath__img\" src=\"https:\/\/www.europesays.com\/es\/wp-content\/uploads\/2025\/09\/autor-6000-foto-1.png\" alt=\"Alex G. Santana\"\/><br \/>\n<\/a><\/p>\n<p class=\"v-mdl-ath__p v-mdl-ath__p--6\">\nDomingo, 30 de noviembre 2025, 13:58<\/p>\n<p class=\"v-p\"><a href=\"https:\/\/www.lagacetadesalamanca.es\/deportes\/baloncesto-local\/perfumeriasavenida\/perfumerias-avenida-saca-garras-logra-gran-triunfo-20251130130047-nt.html\" target=\"_blank\" data-voc-vtm-id=\"in-text-traffic\" title=\"El Perfumer\u00edas Avenida ha vencido este domingo a domicilio al Jairis\" data-mrf-link=\"www.lagacetadesalamanca.es\" rel=\"nofollow noopener\">El Perfumer\u00edas Avenida ha vencido este domingo a domicilio al Jairis<\/a> y su entrenadora, <strong>Anna Monta\u00f1ana<\/strong>, ha destacado la labor de sus jugadoras y el valor del triunfo.<\/p>\n<p class=\"v-p\">\u00abHemos vuelto a estar bastante consistentes durante muchos minutos, provocando que ellas fueran a situaciones donde no quer\u00edan ir porque es un equipo de mucha calidad a nivel de jugadoras y como colectivo. No s\u00f3lo han vuelto, sino que nos han dificultado el \u00faltimo tramo, pero hemos podido mantener cierta distancia para que no nos llegaran a empatar o a estar arriba, y <strong>ahora el viaje de siete horas y medias ser\u00e1 diferente<\/strong> con una victoria fuera de casa muy importante para nosotras\u00ab. As\u00ed resum\u00eda el encuentro en Alcantarilla.<\/p>\n<p class=\"v-p\">Monta\u00f1ana ha valorado muy positivamente que su equipo haya sido capaz de mantenerse firme pese a los intentos del Jairis: \u00abNos hab\u00eda pasado, nos est\u00e1 pasando, de hecho \u00edbamos 9 arriba con una muy buena defensa y ataque y otra vez han vuelto a estar ah\u00ed, pero nos hemos agarrado y no solamente hemos podido tomar buenas decisiones, sino que hemos aportado en rebote, como el que ha cogido Mous y lo ha metido, o situaciones buenas de tiro libre. <strong>Es una buena victoria contra un rival s\u00faper directo<\/strong>\u00bb.<\/p>\n<p class=\"v-p\">Por \u00faltimo, ha sido preguntada por la labor de Djaldi-Tabdi: \u00abSiempre digo que todo el mundo est\u00e1 haciendo mucho esfuerzo por encontrar su espacio y ayudar al equipo y eso es muy importante. A veces lo haces y no tienes recompensa pero<strong> hay que persistir hasta que salga<\/strong>. Mous est\u00e1 haciendo un trabajo que no le sal\u00eda y hoy ha estado en momentos importantes\u00bb.<\/p>\n<p>Reporta un error<\/p>\n","protected":false},"excerpt":{"rendered":"Monta\u00f1ana, dirigi\u00e9ndose a sus jugadoras en un partido en casa. LAYA \u00abHemos estado bastante consistentes durante muchos minutos\u00bb,&hellip;\n","protected":false},"author":2,"featured_media":264883,"comment_status":"","ping_status":"","sticky":false,"template":"","format":"standard","meta":{"footnotes":""},"categories":[269],"tags":[299,298,168,20557,25,24,297,2750,43640,37506,5294,23,167,12856,1357],"class_list":{"0":"post-264882","1":"post","2":"type-post","3":"status-publish","4":"format-standard","5":"has-post-thumbnail","7":"category-baloncesto","8":"tag-baloncesto","9":"tag-basketball","10":"tag-deportes","11":"tag-diferente","12":"tag-es","13":"tag-espana","14":"tag-horas","15":"tag-media","16":"tag-montanana","17":"tag-satisfecha","18":"tag-siete","19":"tag-spain","20":"tag-sports","21":"tag-viaje","22":"tag-vuelta"},"share_on_mastodon":{"url":"https:\/\/pubeurope.com\/@es\/115642655699001115","error":""},"_links":{"self":[{"href":"https:\/\/www.europesays.com\/es\/wp-json\/wp\/v2\/posts\/264882","targetHints":{"allow":["GET"]}}],"collection":[{"href":"https:\/\/www.europesays.com\/es\/wp-json\/wp\/v2\/posts"}],"about":[{"href":"https:\/\/www.europesays.com\/es\/wp-json\/wp\/v2\/types\/post"}],"author":[{"embeddable":true,"href":"https:\/\/www.europesays.com\/es\/wp-json\/wp\/v2\/users\/2"}],"replies":[{"embeddable":true,"href":"https:\/\/www.europesays.com\/es\/wp-json\/wp\/v2\/comments?post=264882"}],"version-history":[{"count":0,"href":"https:\/\/www.europesays.com\/es\/wp-json\/wp\/v2\/posts\/264882\/revisions"}],"wp:featuredmedia":[{"embeddable":true,"href":"https:\/\/www.europesays.com\/es\/wp-json\/wp\/v2\/media\/264883"}],"wp:attachment":[{"href":"https:\/\/www.europesays.com\/es\/wp-json\/wp\/v2\/media?parent=264882"}],"wp:term":[{"taxonomy":"category","embeddable":true,"href":"https:\/\/www.europesays.com\/es\/wp-json\/wp\/v2\/categories?post=264882"},{"taxonomy":"post_tag","embeddable":true,"href":"https:\/\/www.europesays.com\/es\/wp-json\/wp\/v2\/tags?post=264882"}],"curies":[{"name":"wp","href":"https:\/\/api.w.org\/{rel}","templated":true}]}}