{"id":264886,"date":"2025-12-01T05:28:08","date_gmt":"2025-12-01T05:28:08","guid":{"rendered":"https:\/\/www.europesays.com\/es\/264886\/"},"modified":"2025-12-01T05:28:08","modified_gmt":"2025-12-01T05:28:08","slug":"las-lecciones-de-jane-fonda-tras-llegar-a-los-88-anos-estaba-segura-de-que-moriria-antes-de-cumplir-los-treinta-hoy-soy-feliz-estoy-mas-centrada-mas-completa-mas-entera-y-soltera","status":"publish","type":"post","link":"https:\/\/www.europesays.com\/es\/264886\/","title":{"rendered":"Las lecciones de Jane Fonda tras llegar a los 88 a\u00f1os: \u201cEstaba segura de que morir\u00eda antes de cumplir los treinta. Hoy soy feliz, estoy m\u00e1s centrada, m\u00e1s completa, m\u00e1s entera. Y soltera\u201d"},"content":{"rendered":"<p class=\"has-dropcap\">Una juventud dif\u00edcil, que la llev\u00f3 a buscar \u2013y encontrar\u2013 una sorprendente serenidad. <a href=\"https:\/\/www.revistavanityfair.es\/articulos\/robert-redford-y-jane-fonda-una-amistad-irrepetible-marcada-por-un-dolor-comun\" rel=\"nofollow noopener\" target=\"_blank\">Jane Fonda<\/a>, de 87 a\u00f1os, ha contado su historia en el podcast de Michelle Obama, The Look: <strong>\u00abNo pensaba que llegar\u00eda a los 30<\/strong>\u00ab, confiesa la actriz y ganadora de un Oscar. \u00ab<strong>Estaba segura de que iba a morir antes<\/strong>\u00ab.<\/p>\n<p>Los primeros a\u00f1os de su vida estuvieron marcados por a\u00f1os de soledad y desesperaci\u00f3n, y por la muerte de su <strong>madre, Frances Ford Seymour, que se suicid\u00f3 cuando ella s\u00f3lo ten\u00eda 12 a\u00f1os<\/strong>. \u00abMi juventud no fue feliz&#8230; No soy una persona propensa a las adicciones, pero pens\u00e9 que morir\u00eda de drogas y soledad\u00bb, dice. \u00abNo cre\u00eda tener talento. <strong>No me ve\u00eda guapa. Ten\u00eda una forma de dismorfismo corporal<\/strong>. Me sent\u00eda perdida y sin rumbo. Mi autoestima creci\u00f3 a medida que me hac\u00eda mayor\u00bb.<\/p>\n<p>El peso de aquellos a\u00f1os dif\u00edciles, en los que la diva tambi\u00e9n sufri\u00f3 trastornos alimentarios, ha dado paso a una nueva madurez. \u00abEl hecho de que tenga casi 88 a\u00f1os es asombroso\u00bb, contin\u00faa Jane Fonda, que cumple a\u00f1os el 21 de diciembre. \u00abY a\u00fan m\u00e1s asombroso es que ahora tenga mejor aspecto. <strong>No volver\u00eda atr\u00e1s por nada del mundo. Me siento m\u00e1s centrada, m\u00e1s completa, m\u00e1s entera. Soy feliz. Y soltera<\/strong>\u00ab.<\/p>\n<p>La reflexi\u00f3n de la actriz sobre el tiempo y la vida se entrelaza con el recuerdo de su padre, <strong>Henry Fonda<\/strong>, fallecido en 1982 a los 77 a\u00f1os. <strong>\u00abVi morir a mi padre con muchos remordimientos<\/strong>. Fue una toma de conciencia importante para m\u00ed, porque si no quieres morir con remordimientos, tienes que vivir la \u00faltima parte de tu vida de forma que no los tengas\u00bb.<\/p>\n<p>Antes de morir, tuvo una \u00faltima oportunidad de hablar abiertamente con \u00e9l: <strong>\u00abPude decirle que le quer\u00eda y que le perdonaba<\/strong> por&#8230; ya sabes, por todo lo que no pas\u00f3. Y espero que me perdonara por no haber sido una hija mejor. Se lo dije\u00bb. La reacci\u00f3n de su padre la sorprendi\u00f3: \u00abNo dijo nada. Pero llor\u00f3. <strong>Nunca hab\u00eda visto a mi padre llorar. Fue&#8230; impactante<\/strong>\u00ab.<\/p>\n<p>A partir de esas experiencias, <strong>Jane Fonda<\/strong> \u2013pionera en el fitness femenino, revolucionando el entrenamiento de las mujeres en los a\u00f1os 80 con sus v\u00eddeos\u2013 form\u00f3 su filosof\u00eda, la que ahora la gu\u00eda cada d\u00eda: \u00ab<strong>Quiero estar rodeada de gente que me quiera<\/strong>. El perd\u00f3n, incluido el perd\u00f3n hacia m\u00ed misma, ha entrado en juego. Esto ha guiado mi vida durante los \u00faltimos 30 a\u00f1os. <strong>Vivo para no arrepentirme de nada<\/strong>\u00ab, afirma.<\/p>\n<p>Citando una de sus viejas frases, \u00abUno no se siente viejo mientras est\u00e9 sano\u00bb, Jane Fonda a\u00f1ade: <strong>\u00abCreo que la vejez es estupenda cuando se vive con conciencia.<\/strong> La conciencia es la clave. Reflexiona realmente sobre c\u00f3mo vives tu vida\u00bb.<\/p>\n","protected":false},"excerpt":{"rendered":"Una juventud dif\u00edcil, que la llev\u00f3 a buscar \u2013y encontrar\u2013 una sorprendente serenidad. Jane Fonda, de 87 a\u00f1os,&hellip;\n","protected":false},"author":2,"featured_media":264887,"comment_status":"","ping_status":"","sticky":false,"template":"","format":"standard","meta":{"footnotes":""},"categories":[174],"tags":[255,146,147,25,24,256,39489,23],"class_list":{"0":"post-264886","1":"post","2":"type-post","3":"status-publish","4":"format-standard","5":"has-post-thumbnail","7":"category-famosos","8":"tag-celebrities","9":"tag-entertainment","10":"tag-entretenimiento","11":"tag-es","12":"tag-espana","13":"tag-famosos","14":"tag-jane-fonda","15":"tag-spain"},"share_on_mastodon":{"url":"https:\/\/pubeurope.com\/@es\/115642663088878354","error":""},"_links":{"self":[{"href":"https:\/\/www.europesays.com\/es\/wp-json\/wp\/v2\/posts\/264886","targetHints":{"allow":["GET"]}}],"collection":[{"href":"https:\/\/www.europesays.com\/es\/wp-json\/wp\/v2\/posts"}],"about":[{"href":"https:\/\/www.europesays.com\/es\/wp-json\/wp\/v2\/types\/post"}],"author":[{"embeddable":true,"href":"https:\/\/www.europesays.com\/es\/wp-json\/wp\/v2\/users\/2"}],"replies":[{"embeddable":true,"href":"https:\/\/www.europesays.com\/es\/wp-json\/wp\/v2\/comments?post=264886"}],"version-history":[{"count":0,"href":"https:\/\/www.europesays.com\/es\/wp-json\/wp\/v2\/posts\/264886\/revisions"}],"wp:featuredmedia":[{"embeddable":true,"href":"https:\/\/www.europesays.com\/es\/wp-json\/wp\/v2\/media\/264887"}],"wp:attachment":[{"href":"https:\/\/www.europesays.com\/es\/wp-json\/wp\/v2\/media?parent=264886"}],"wp:term":[{"taxonomy":"category","embeddable":true,"href":"https:\/\/www.europesays.com\/es\/wp-json\/wp\/v2\/categories?post=264886"},{"taxonomy":"post_tag","embeddable":true,"href":"https:\/\/www.europesays.com\/es\/wp-json\/wp\/v2\/tags?post=264886"}],"curies":[{"name":"wp","href":"https:\/\/api.w.org\/{rel}","templated":true}]}}