{"id":264888,"date":"2025-12-01T05:31:12","date_gmt":"2025-12-01T05:31:12","guid":{"rendered":"https:\/\/www.europesays.com\/es\/264888\/"},"modified":"2025-12-01T05:31:12","modified_gmt":"2025-12-01T05:31:12","slug":"asi-es-siete-el-consorcio-de-los-afines-al-gobierno-que-aspira-a-la-nueva-tdt","status":"publish","type":"post","link":"https:\/\/www.europesays.com\/es\/264888\/","title":{"rendered":"As\u00ed es Siete, el consorcio de los afines al Gobierno que aspira a la nueva TDT"},"content":{"rendered":"<p>El consorcio de empresarios espa\u00f1oles afines al Gobierno que opta a quedarse con la nueva licencia de televisi\u00f3n en abierto TDT que el Ejecutivo ha sacado a concurso, <strong>se ha agrupado en torno a Siete, la marca elegida para poner nombre a su proyecto<\/strong>. Seg\u00fan ha podido confirmar <a href=\"https:\/\/theobjective.com\/\" rel=\"nofollow noopener\" target=\"_blank\">THE OBJECTIVE<\/a> esta es la denominaci\u00f3n de la sociedad con la que han participado en la puja y la idea es mantener esta identidad, si finalmente son los elegidos por el Ministerio de Transformaci\u00f3n Digital de \u00d3scar L\u00f3pez. Una puja que todav\u00eda tiene largo recorrido por delante, ya que puede resolverse hasta el pr\u00f3ximo 20 de noviembre de 2026.<\/p>\n<p>El consorcio de afines al Gobierno entre los que se encuentran parte de los accionistas rebeldes de Prisa, <strong>otros empresarios espa\u00f1oles y un grupo industrial extranjero \u00abde referencia\u00bb\u00a0\u2014que se mantiene en el anonimato\u2014 se present\u00f3 al concurso junto a Mediaset.<\/strong> Otros grandes grupos de medios, como <a href=\"https:\/\/theobjective.com\/etiqueta\/atresmedia\/\" rel=\"nofollow noopener\" target=\"_blank\">Atresmedia<\/a>, Prisa, Movistar+ y Radio Blanca, renunciaron a participar. Se cumple as\u00ed la hoja de ruta adelantada por este diario, que hablaba de que el propio Ejecutivo de Pedro S\u00e1nchez alentaba la presentaci\u00f3n de la oferta de un grupo cercano. En esta TDT deposita sus esperanzas de poner en marcha una nueva cadena oficialista que sea el altavoz de la oposici\u00f3n del PSOE en caso de que S\u00e1nchez pierda las elecciones en 2027. O antes.<\/p>\n<p>Siete <strong>est\u00e1 basada en el plan que Jos\u00e9 Miguel Contreras present\u00f3 a Prisa hace un a\u00f1o <\/strong>y que Joseph Oughourlian\u00a0rechaz\u00f3 y utiliz\u00f3 para sofocar la rebeli\u00f3n de algunos accionistas como Global Alconaba, Diego Prieto y Adolfo Utor. El presidente del <a href=\"https:\/\/theobjective.com\/etiqueta\/el-pais\/\" rel=\"nofollow noopener\" target=\"_blank\">editor de El Pa\u00eds<\/a> y la SER dijo que el proyecto era inviable y aprovech\u00f3 la coyuntura para despedir a Contreras y forzar la dimisi\u00f3n del entonces CEO de Prisa Media, Carlos N\u00fa\u00f1ez. Desde entonces, este grupo ha intentado sin \u00e9xito apartar al empresario francoarmenio al mismo tiempo que buscaba apoyos para mantener viva esta televisi\u00f3n.<\/p>\n<p>Televisi\u00f3n de Prisa<\/p>\n<p>El plan original pasaba por utilizar las redacciones de la <a href=\"https:\/\/theobjective.com\/etiqueta\/cadena-ser\/\" rel=\"nofollow noopener\" target=\"_blank\">Cadena SER<\/a> y El Pa\u00eds<strong> para poner en marcha una televisi\u00f3n de car\u00e1cter informativo y de actualidad,<\/strong> con un marcado car\u00e1cter de infoentretenimiento. \u00abQuer\u00eda hacer lo mismo que vemos ahora en RTVE\u00bb, dicen quienes vieron los detalles del proyecto. Sin embargo, la p\u00e9rdida de apoyo de Prisa ha hecho que se ajusten algunos flecos. En la cabeza del grupo est\u00e1 hacer una televisi\u00f3n de bajo coste -de 10 a quince millones de inversi\u00f3n-, y est\u00e1n convencidos de que hay un hueco comercial para una cadena informativa de izquierdas.<\/p>\n<p>De momento, Siete ha conseguido conformar un grupo heterog\u00e9neo de inversores, con mayor\u00eda de los rebeldes de Prisa, entre los que se incluyen Andr\u00e9s Varela Entrecanales, Utor y Prieto<strong>, pero adem\u00e1s otros empresarios vinculados a la izquierda y afines a <a href=\"https:\/\/theobjective.com\/etiqueta\/jose-luis-rodriguez-zapatero\/\" rel=\"nofollow noopener\" target=\"_blank\">Jos\u00e9 Luis Rodr\u00edguez Zapatero<\/a>. <\/strong>No hablamos de grandes inversores ni de empresas del IBEX, sino de directivos vinculados al mundo de las comunicaciones y de la publicidad que ya participaron en el asalto frustrado a Prisa.<\/p>\n<p>Es un maridaje impulsado por Moncloa, que ante la falta de otros apoyos externos <strong>ha querido unir a la gran mayor\u00eda de sus asesores externos en torno a esta nueva cadena de TDT.<\/strong> Uno de quienes ha cocinado a fuego lento estas alianzas ha sido el propio <a href=\"https:\/\/theobjective.com\/etiqueta\/oscar-lopez\/\" rel=\"nofollow noopener\" target=\"_blank\">\u00d3scar L\u00f3pez,<\/a> cuyo ministerio debe decidir el concurso. Pero tambi\u00e9n han requerido del apoyo de un player industrial que \u2014seg\u00fan dice el entorno de este consorcio\u2014 apunta a un grupo internacional de referencia.<\/p>\n<p>Nueva TDT<\/p>\n<p>El concurso mandataba presentar un aval bancario por valor de seis millones de euros; que las empresas participantes obtuviesen al menos 2,5 millones de euros en ingresos en los tres a\u00f1os anteriores relacionados con servicios audiovisuales; en el caso de nuevas compa\u00f1\u00edas con menos de cinco a\u00f1os de antig\u00fcedad (como es el caso de Siete) <strong>se podr\u00eda cumplir este requisito a trav\u00e9s de alguno de sus socios con poder de decisi\u00f3n.<\/strong> Con todo, la ley espa\u00f1ola limita la presencia de un grupo extranjero en medios de comunicaci\u00f3n solo al 25% de su capital.<\/p>\n<p>Otra cosa que ya tiene resuelta Siete tiene que ver con algunos aspectos de producci\u00f3n y comerciales. Como ya hab\u00eda publicado este diario, <strong>la producci\u00f3n estar\u00eda a cargo de <a href=\"https:\/\/theobjective.com\/etiqueta\/grupo-mediapro\/\" rel=\"nofollow noopener\" target=\"_blank\">Mediapro<\/a> y la comercializaci\u00f3n de publicidad ser\u00eda de Pulsa,<\/strong> la empresa que ahora mismo gestiona la mayor\u00eda de las cadenas peque\u00f1as de TDT que no son de Atresmedia o Mediaset. Por otro lado, en el proyecto est\u00e1 incluida la posibilidad de utilizar plat\u00f3s e infraestructuras en Madrid de algunas otras peque\u00f1as cadenas que ya est\u00e1n en marcha.<\/p>\n<p>En este sentido, el \u00fanico problema es cerrar una parrilla en condiciones, ya que<strong> buena parte de los programas que en su momento se pensaron hace dos a\u00f1os est\u00e1n ahora en <a href=\"https:\/\/theobjective.com\/etiqueta\/rtve\/\" rel=\"nofollow noopener\" target=\"_blank\">RTVE<\/a>.<\/strong> Tampoco se plantean arrebatar presentadores como se intent\u00f3 en su momento, pero s\u00ed tener un grupo importante de presentadores y tertulianos vinculados a la izquierda que puedan dar continuidad a la programaci\u00f3n. En cualquier caso, para aquilatar el proyecto, el Ministerio de Transformaci\u00f3n Digital (como ya adelant\u00f3 este diario) ya ha indicado que apurar\u00e1 el plazo al m\u00e1ximo (tiene doce meses); a partir de la concesi\u00f3n hay otros seis meses para poner la cadena en el aire.<\/p>\n<p>La marca Siete<\/p>\n<p>\u00bfY por qu\u00e9 Siete? <strong>Es el nombre que ya se barajaba incluso cuando el proyecto estaba en Prisa.<\/strong> Es la forma de darle continuidad a las grandes cadenas de televisi\u00f3n y las que tienen m\u00e1s audiencia (La 1, La 2, Antena 3, <a href=\"https:\/\/theobjective.com\/etiqueta\/cuatro\/\" rel=\"nofollow noopener\" target=\"_blank\">Cuatro<\/a>, Telecinco y La Sexta), aunque no sea estrictamente generalista y se centre en informaci\u00f3n y actualidad. Parad\u00f3jicamente, el ide\u00f3logo es Jos\u00e9 Miguel Contreras, que ya fue fundador y consejero delegado de La Sexta, aunque en esta oportunidad no participa en el accionariado de la sociedad que finalmente se present\u00f3 a la licitaci\u00f3n.<\/p>\n<p>Sin embargo, <strong>no es seguro que cuando ya est\u00e9n en antena (y si es que les dan la licitaci\u00f3n) termine llam\u00e1ndose Siete<\/strong>. En estos momentos, Unidad Editorial emite Veo 7, la cadena generalista del grupo que en su momento tuvo informaci\u00f3n, pero que ahora \u2014tras un letargo de m\u00e1s de una d\u00e9cada\u2014 solo incluye pel\u00edculas y series de cat\u00e1logo. El <a href=\"https:\/\/theobjective.com\/etiqueta\/el-mundo\/\" rel=\"nofollow noopener\" target=\"_blank\">editor de El Mundo<\/a> tuvo que resucitarla despu\u00e9s de que Gol (de Mediapro) no renovara su contrato de emisi\u00f3n. Y aunque son cadenas con distintos contenidos, hay quien piensa que si las dos utilizan el n\u00famero siete podr\u00eda producirse confusi\u00f3n entre los espectadores.<\/p>\n<p>Por otro lado, <strong>Mediaset emiti\u00f3 hace unos a\u00f1os La Siete,<\/strong> cadena que sigue registrada en la Oficina de Patentes y Marcas. Pese a que actualmente est\u00e1 en desuso, tambi\u00e9n podr\u00eda generar alg\u00fan tipo de demanda por utilizaci\u00f3n de la marca. Y esto \u2014aunque no haya demasiado recorrido\u2014supondr\u00eda un conflicto legal largo e inc\u00f3modo.<\/p>\n","protected":false},"excerpt":{"rendered":"El consorcio de empresarios espa\u00f1oles afines al Gobierno que opta a quedarse con la nueva licencia de televisi\u00f3n&hellip;\n","protected":false},"author":2,"featured_media":264889,"comment_status":"","ping_status":"","sticky":false,"template":"","format":"standard","meta":{"footnotes":""},"categories":[171],"tags":[151,146,147,25,24,3748,955,303,3752,518,23,16566,214,3156],"class_list":{"0":"post-264888","1":"post","2":"type-post","3":"status-publish","4":"format-standard","5":"has-post-thumbnail","7":"category-tv","8":"tag-atresmedia","9":"tag-entertainment","10":"tag-entretenimiento","11":"tag-es","12":"tag-espana","13":"tag-grupo-prisa","14":"tag-mediaset","15":"tag-movistar","16":"tag-prisa","17":"tag-rtve","18":"tag-spain","19":"tag-televisiu00f3n-pu00fablica","20":"tag-tv","21":"tag-tve"},"share_on_mastodon":{"url":"https:\/\/pubeurope.com\/@es\/115642675131705465","error":""},"_links":{"self":[{"href":"https:\/\/www.europesays.com\/es\/wp-json\/wp\/v2\/posts\/264888","targetHints":{"allow":["GET"]}}],"collection":[{"href":"https:\/\/www.europesays.com\/es\/wp-json\/wp\/v2\/posts"}],"about":[{"href":"https:\/\/www.europesays.com\/es\/wp-json\/wp\/v2\/types\/post"}],"author":[{"embeddable":true,"href":"https:\/\/www.europesays.com\/es\/wp-json\/wp\/v2\/users\/2"}],"replies":[{"embeddable":true,"href":"https:\/\/www.europesays.com\/es\/wp-json\/wp\/v2\/comments?post=264888"}],"version-history":[{"count":0,"href":"https:\/\/www.europesays.com\/es\/wp-json\/wp\/v2\/posts\/264888\/revisions"}],"wp:featuredmedia":[{"embeddable":true,"href":"https:\/\/www.europesays.com\/es\/wp-json\/wp\/v2\/media\/264889"}],"wp:attachment":[{"href":"https:\/\/www.europesays.com\/es\/wp-json\/wp\/v2\/media?parent=264888"}],"wp:term":[{"taxonomy":"category","embeddable":true,"href":"https:\/\/www.europesays.com\/es\/wp-json\/wp\/v2\/categories?post=264888"},{"taxonomy":"post_tag","embeddable":true,"href":"https:\/\/www.europesays.com\/es\/wp-json\/wp\/v2\/tags?post=264888"}],"curies":[{"name":"wp","href":"https:\/\/api.w.org\/{rel}","templated":true}]}}