{"id":264890,"date":"2025-12-01T05:32:18","date_gmt":"2025-12-01T05:32:18","guid":{"rendered":"https:\/\/www.europesays.com\/es\/264890\/"},"modified":"2025-12-01T05:32:18","modified_gmt":"2025-12-01T05:32:18","slug":"a-ninguno-nos-gusta-eso","status":"publish","type":"post","link":"https:\/\/www.europesays.com\/es\/264890\/","title":{"rendered":"A ninguno nos gusta eso"},"content":{"rendered":"<p>Casi en un abrir y cerrar de ojos, <strong><a href=\"https:\/\/indiehoy.com\/historias\/la-cancion-paul-mccartney-grabo-solo-enojo-a-john-lennon\/\" target=\"_blank\" rel=\"noreferrer noopener nofollow\">John Lennon<\/a><\/strong>, <strong><a href=\"https:\/\/indiehoy.com\/historias\/ringo-starr-mas-alla-de-the-beatles-5-datos-sorprendentes-de-su-vida\/\" target=\"_blank\" rel=\"noreferrer noopener nofollow\">Ringo Starr<\/a><\/strong>, <strong><a href=\"https:\/\/indiehoy.com\/historias\/la-tragica-historia-de-got-my-mind-set-on-you-de-george-harrison\/\" target=\"_blank\" rel=\"noreferrer noopener nofollow\">George Harrison<\/a><\/strong> y <a href=\"https:\/\/indiehoy.com\/noticias\/paul-mccartney-lanza-una-cancion-silenciosa-para-protestar-contra-la-ia\/\" target=\"_blank\" rel=\"noreferrer noopener nofollow\"><strong>Paul<\/strong> <strong>McCartney<\/strong><\/a> pasaron de ser unos j\u00f3venes desconocidos de Liverpool a convertirse en cuatro de los m\u00fasicos m\u00e1s venerados y aclamados de todos los tiempos. <strong>The<\/strong> <strong>Beatles<\/strong> se ganaron el coraz\u00f3n de los fans a fuerza de singles pegadizos, \u00e1lbumes de estudio brillantes y una experimentaci\u00f3n en su sonido que allan\u00f3 el camino para aquellos que vinieron despu\u00e9s. Sin embargo, <strong>hay una pr\u00e1ctica en la que no incursionaron: colaborar con otros artistas<\/strong>.<\/p>\n<p>En aquella \u00e9poca, las colaboraciones estaban a la orden del d\u00eda. A\u00fan as\u00ed, Lennon ten\u00eda una postura muy definida y no dud\u00f3 en rechazar p\u00fablicamente la posibilidad de que su banda participara en algo as\u00ed. Para Lennon hab\u00eda una clara diferencia entre la experimentaci\u00f3n creativa y la producci\u00f3n hecha para satisfacer tendencias, y en una entrevista comparti\u00f3 su postura. \u00ab<strong>A ninguno de nosotros nos gustan esos \u00e1lbumes donde juntan a dos personas que son similares o, no s\u00e9, como Sinatra y alguien m\u00e1s, \u00bfsabes?<\/strong>\u00ab, asegur\u00f3.<\/p>\n<p>Como si lo anterior no fuera suficiente, confes\u00f3: \u00ab<strong>No me gusta eso. Odiar\u00eda un disco as\u00ed<\/strong>\u00ab. Con esa concisa pero contundente frase, mostr\u00f3 no solo su desinter\u00e9s sino su convicci\u00f3n de que The Beatles no deb\u00edan involucrarse en proyectos que no surgieran de su propio trabajo. Adem\u00e1s, agreg\u00f3 que ese tipo de \u00e1lbumes le parec\u00edan una \u201ccuesti\u00f3n de espect\u00e1culo\u201d, algo que no representaba lo que el grupo buscaba para construir su legado.<\/p>\n","protected":false},"excerpt":{"rendered":"Casi en un abrir y cerrar de ojos, John Lennon, Ringo Starr, George Harrison y Paul McCartney pasaron&hellip;\n","protected":false},"author":2,"featured_media":264891,"comment_status":"","ping_status":"","sticky":false,"template":"","format":"standard","meta":{"footnotes":""},"categories":[170],"tags":[146,147,25,24,184,185,23,6620],"class_list":{"0":"post-264890","1":"post","2":"type-post","3":"status-publish","4":"format-standard","5":"has-post-thumbnail","7":"category-musica","8":"tag-entertainment","9":"tag-entretenimiento","10":"tag-es","11":"tag-espana","12":"tag-music","13":"tag-musica","14":"tag-spain","15":"tag-the-beatles"},"share_on_mastodon":{"url":"https:\/\/pubeurope.com\/@es\/115642678880546473","error":""},"_links":{"self":[{"href":"https:\/\/www.europesays.com\/es\/wp-json\/wp\/v2\/posts\/264890","targetHints":{"allow":["GET"]}}],"collection":[{"href":"https:\/\/www.europesays.com\/es\/wp-json\/wp\/v2\/posts"}],"about":[{"href":"https:\/\/www.europesays.com\/es\/wp-json\/wp\/v2\/types\/post"}],"author":[{"embeddable":true,"href":"https:\/\/www.europesays.com\/es\/wp-json\/wp\/v2\/users\/2"}],"replies":[{"embeddable":true,"href":"https:\/\/www.europesays.com\/es\/wp-json\/wp\/v2\/comments?post=264890"}],"version-history":[{"count":0,"href":"https:\/\/www.europesays.com\/es\/wp-json\/wp\/v2\/posts\/264890\/revisions"}],"wp:featuredmedia":[{"embeddable":true,"href":"https:\/\/www.europesays.com\/es\/wp-json\/wp\/v2\/media\/264891"}],"wp:attachment":[{"href":"https:\/\/www.europesays.com\/es\/wp-json\/wp\/v2\/media?parent=264890"}],"wp:term":[{"taxonomy":"category","embeddable":true,"href":"https:\/\/www.europesays.com\/es\/wp-json\/wp\/v2\/categories?post=264890"},{"taxonomy":"post_tag","embeddable":true,"href":"https:\/\/www.europesays.com\/es\/wp-json\/wp\/v2\/tags?post=264890"}],"curies":[{"name":"wp","href":"https:\/\/api.w.org\/{rel}","templated":true}]}}