{"id":264892,"date":"2025-12-01T05:34:22","date_gmt":"2025-12-01T05:34:22","guid":{"rendered":"https:\/\/www.europesays.com\/es\/264892\/"},"modified":"2025-12-01T05:34:22","modified_gmt":"2025-12-01T05:34:22","slug":"el-fc-barcelona-iguala-su-quinta-mejor-racha-goleadora-en-la-liga","status":"publish","type":"post","link":"https:\/\/www.europesays.com\/es\/264892\/","title":{"rendered":"El FC Barcelona iguala su quinta mejor racha goleadora en La Liga"},"content":{"rendered":"<p>El <strong>Bar\u00e7a<\/strong> de <strong>Flick <\/strong>no se detiene y contin\u00faa batiendo r\u00e9cords. Los culers, en el duelo frente al <strong>Alav\u00e9s<\/strong> en el Spotify Camp Nou, correspondiente a la jornada 14 de Liga, han igualado la quinta mejor racha goleadora del Club en la competici\u00f3n dom\u00e9stica: <strong>34 partidos marcando de forma consecutiva<\/strong>. Una din\u00e1mica que tambi\u00e9n consigui\u00f3 el Bar\u00e7a de<strong> Pep Guardiola<\/strong> entre septiembre de 2010 y mayo de 2011.<\/p>\n<p>                <img decoding=\"async\" src=\"https:\/\/www.europesays.com\/es\/wp-content\/uploads\/2025\/12\/GRAF_Partits_Camp_Nou_CAS.jpg\" alt=\"GRAF_Partits_Camp_Nou_CAS\" class=\"embeddable-photo__image\"\/><\/p>\n<p>Tenemos que remontarnos al 15 de diciembre de 2024 para encontrar el \u00faltimo compromiso liguero en el que el Bar\u00e7a se qued\u00f3 sin marcar. Fue contra el <strong>Legan\u00e9s<\/strong>, en la jornada 17 del pasado curso, en un duelo que termin\u00f3 con victoria de los madrile\u00f1os por 0-1. Un partido en el que los de Hansi Flick dispusieron de m\u00faltiples ocasiones, aunque finalmente el gol se resisti\u00f3.<\/p>\n<p>Pedri abri\u00f3 la racha<\/p>\n<p>Una semana despu\u00e9s, sin embargo, esta racha empez\u00f3 a escribirse. El 21 de diciembre, el FC Barcelona cay\u00f3 contra el Atl\u00e9tico de Madrid en el Estadi Ol\u00edmpic Llu\u00eds Companys (1-2). Aun as\u00ed, <strong>el gol de Pedri<\/strong> en la primera parte dio inicio a una din\u00e1mica que ya se ha convertido en hist\u00f3rica. Y es que, casi un a\u00f1o despu\u00e9s, el conjunto azulgrana ha visto porter\u00eda en todos los partidos de Liga que ha disputado.<\/p>\n<p>\u00a015 goleadores<\/p>\n<p>Cabe destacar que, en este periodo, el equipo barcelonista ha anotado un total de 91 goles en La Liga, repartidos entre<strong> Lewandowski <\/strong>(19),<strong> Ferran<\/strong> (14), <strong>Raphinha<\/strong> (10), <strong>Ferm\u00edn<\/strong> (10), <strong>Lamine Yamal<\/strong> (9), <strong>Olmo<\/strong> (8), <strong>Ara\u00fajo<\/strong> (3), <strong>Pedri <\/strong>(3), <strong>Eric <\/strong>(3), <strong>Rashford<\/strong> (2), <strong>Kound\u00e9<\/strong> (2), <strong>Casad\u00f3<\/strong> (1), <strong>Gavi<\/strong> (1), <strong>Gerard Mart\u00edn<\/strong> (1) y <strong>De Jong <\/strong>(1). Durante la racha igualada, la de Guardiola entre 2010 y 2011, se anotaron 89.<\/p>\n<p>A un paso de la segunda mejor racha<\/p>\n<p>Adem\u00e1s, es factible que los hombres de Hansi Flick puedan escalar hasta la segunda mejor racha de la historia azulgrana durante las pr\u00f3ximas semanas, ya que esta es de 37 partidos consecutivos marcando, lograda bajo las \u00f3rdenes de <strong>Ernesto Valverde <\/strong>entre febrero de 2018 y febrero de 2019.<\/p>\n<p>La tercera mejor es de 36 encuentros consecutivos marcando, con <strong>Juan Jos\u00e9 Nogu\u00e9s <\/strong>como entrenador, entre 1942 y 1944. Mientras que la cuarta tambi\u00e9n es obra del <strong>Bar\u00e7a de Guardiola<\/strong>, con 35 duelos seguidos entre 2008 y 2009.<\/p>\n","protected":false},"excerpt":{"rendered":"El Bar\u00e7a de Flick no se detiene y contin\u00faa batiendo r\u00e9cords. Los culers, en el duelo frente al&hellip;\n","protected":false},"author":2,"featured_media":264893,"comment_status":"","ping_status":"","sticky":false,"template":"","format":"standard","meta":{"footnotes":""},"categories":[93],"tags":[168,25,24,23,167,2288],"class_list":{"0":"post-264892","1":"post","2":"type-post","3":"status-publish","4":"format-standard","5":"has-post-thumbnail","7":"category-deportes","8":"tag-deportes","9":"tag-es","10":"tag-espana","11":"tag-spain","12":"tag-sports","13":"tag-text"},"share_on_mastodon":{"url":"https:\/\/pubeurope.com\/@es\/115642687399207740","error":""},"_links":{"self":[{"href":"https:\/\/www.europesays.com\/es\/wp-json\/wp\/v2\/posts\/264892","targetHints":{"allow":["GET"]}}],"collection":[{"href":"https:\/\/www.europesays.com\/es\/wp-json\/wp\/v2\/posts"}],"about":[{"href":"https:\/\/www.europesays.com\/es\/wp-json\/wp\/v2\/types\/post"}],"author":[{"embeddable":true,"href":"https:\/\/www.europesays.com\/es\/wp-json\/wp\/v2\/users\/2"}],"replies":[{"embeddable":true,"href":"https:\/\/www.europesays.com\/es\/wp-json\/wp\/v2\/comments?post=264892"}],"version-history":[{"count":0,"href":"https:\/\/www.europesays.com\/es\/wp-json\/wp\/v2\/posts\/264892\/revisions"}],"wp:featuredmedia":[{"embeddable":true,"href":"https:\/\/www.europesays.com\/es\/wp-json\/wp\/v2\/media\/264893"}],"wp:attachment":[{"href":"https:\/\/www.europesays.com\/es\/wp-json\/wp\/v2\/media?parent=264892"}],"wp:term":[{"taxonomy":"category","embeddable":true,"href":"https:\/\/www.europesays.com\/es\/wp-json\/wp\/v2\/categories?post=264892"},{"taxonomy":"post_tag","embeddable":true,"href":"https:\/\/www.europesays.com\/es\/wp-json\/wp\/v2\/tags?post=264892"}],"curies":[{"name":"wp","href":"https:\/\/api.w.org\/{rel}","templated":true}]}}