{"id":264904,"date":"2025-12-01T05:40:17","date_gmt":"2025-12-01T05:40:17","guid":{"rendered":"https:\/\/www.europesays.com\/es\/264904\/"},"modified":"2025-12-01T05:40:17","modified_gmt":"2025-12-01T05:40:17","slug":"carlos-alsina-estalla-contra-la-polarizacion-politica-que-sufre-la-sexta","status":"publish","type":"post","link":"https:\/\/www.europesays.com\/es\/264904\/","title":{"rendered":"Carlos Alsina estalla contra la \u00abpolarizaci\u00f3n pol\u00edtica\u00bb que sufre La Sexta"},"content":{"rendered":"\n<p> Anoche, <a href=\"https:\/\/www.elconfidencial.com\/tags\/temas\/la-sexta-xplica-21321\/\" target=\"_self\" rel=\"nofollow noopener\">La Sexta Xplica<\/a> charl\u00f3 con Carlos Alsina sobre la actualidad pol\u00edtica de la que informa y debate diariamente. Ante esto, Jos\u00e9 Y\u00e9lamo subray\u00f3 que, aunque el presentador de Onda Cero ha entrevistado a algunos de los pol\u00edticos m\u00e1s importantes del panorama, <strong>ciertas personas lo critican por ser demasiado cr\u00edtico con el Gobierno de Pedro S\u00e1nchez<\/strong>. <\/p>\n<p> \u00abAntes del 2018, me dec\u00edan lo mismo, pero con Rajoy. <strong>De hecho, nos llamaban antimarianistas<\/strong>\u00ab, respondi\u00f3 entre risas Alsina, que expuso su postura sobre este asunto: \u00abEn nuestra profesi\u00f3n, hay muchos criterios posibles. Para m\u00ed, <strong>quien m\u00e1s responsabilidad tiene en la deriva pol\u00edtica de un pa\u00eds es el Gobierno central<\/strong>. Quien gobierna es quien m\u00e1s capacidad tiene para marcar la agenda y, desde hace 7 a\u00f1os, es Pedro S\u00e1nchez quien est\u00e1 en el Gobierno\u00bb, declar\u00f3 el periodista de Onda Cero. <\/p>\n<p> De hecho, <a href=\"https:\/\/www.elconfidencial.com\/tags\/personajes\/carlos-alsina-14770\/\" target=\"_self\" rel=\"nofollow noopener\">Carlos Alsina<\/a> asegur\u00f3 que \u00absi ves las entrevistas a Mariano Rajoy, no se diferencian mucho de las pocas que le he podido hacer a S\u00e1nchez siendo presidente del Gobierno\u00bb. El periodista aprovech\u00f3 este tema de conversaci\u00f3n para <strong>lanzar una rotunda cr\u00edtica a la clase pol\u00edtica<\/strong>: \u00abQue tengamos tan claro que hay ministros que solo van a determinados medios de comunicaci\u00f3n y no a otros, <strong>es una manera de alentar la polarizaci\u00f3n<\/strong>\u00ab, sentenci\u00f3 Alsina. <\/p>\n<p> Ante esto, Jos\u00e9 Y\u00e9lamo se\u00f1al\u00f3 que a Onda Cero acuden pol\u00edticos de \u00abtodos los espectros\u00bb, <strong>pero que a La Sexta Xplica \u00abvienen pocos\u00bbhttps:\/\/www.elconfidencial.com\/television\/programas-tv\/2025-11-30\/la-sexta-xplica-carlos-alsina-estalla-denunciare-polarizacion-politica_4257461\/.\u00bbPues lo denunciar\u00e9 tambi\u00e9n\u00bb<\/strong>, afirm\u00f3 Carlos Alsina al escuchar la queja del presentador de <a href=\"https:\/\/www.elconfidencial.com\/tags\/empresas\/lasexta-31\/\" target=\"_self\" rel=\"nofollow noopener\">La Sexta<\/a>. En cuanto a esto, el presentador de M\u00e1s de uno revel\u00f3 la \u00faltima conversaci\u00f3n que mantuvo con el l\u00edder del Partido Popular. <\/p>\n<p>               Carlos Alsina junto a Jos\u00e9 Y\u00e9lamo en &#8216;La Sexta Xplica&#8217;. (Atresmedia)             <\/p>\n<p> \u00abLa \u00faltima vez que vino Feij\u00f3o a Onda Cero<strong>, le anim\u00e9 a que fuese a entrevistarse con \u00c0ngels Barcel\u00f3 a la SER<\/strong>. En esa \u00e9poca no iba y a m\u00ed me parece que eso contribuye a polarizar. <strong>El debate pol\u00edtico se ha convertido en poner a parir a los competidores<\/strong>. \u00bfQu\u00e9 necesidad tienen de autoelogiarse continuamente y de no reconocer un solo m\u00e9rito a quienes tienen en frente?\u00bb, se pregunt\u00f3 Alsina. <\/p>\n<p> Anoche, <a href=\"https:\/\/www.elconfidencial.com\/tags\/temas\/la-sexta-xplica-21321\/\" target=\"_self\" rel=\"nofollow noopener\">La Sexta Xplica<\/a> charl\u00f3 con Carlos Alsina sobre la actualidad pol\u00edtica de la que informa y debate diariamente. Ante esto, Jos\u00e9 Y\u00e9lamo subray\u00f3 que, aunque el presentador de Onda Cero ha entrevistado a algunos de los pol\u00edticos m\u00e1s importantes del panorama, <strong>ciertas personas lo critican por ser demasiado cr\u00edtico con el Gobierno de Pedro S\u00e1nchez<\/strong>. <\/p>\n","protected":false},"excerpt":{"rendered":"Anoche, La Sexta Xplica charl\u00f3 con Carlos Alsina sobre la actualidad pol\u00edtica de la que informa y debate&hellip;\n","protected":false},"author":2,"featured_media":264905,"comment_status":"","ping_status":"","sticky":false,"template":"","format":"standard","meta":{"footnotes":""},"categories":[8],"tags":[17,18,25,24,13,14,11,19,20,9,10,15,16,23,12,21,22],"class_list":{"0":"post-264904","1":"post","2":"type-post","3":"status-publish","4":"format-standard","5":"has-post-thumbnail","7":"category-espana","8":"tag-breaking-news","9":"tag-breakingnews","10":"tag-es","11":"tag-espana","12":"tag-featured-news","13":"tag-featurednews","14":"tag-headlines","15":"tag-latest-news","16":"tag-latestnews","17":"tag-news","18":"tag-noticias","19":"tag-noticias-destacadas","20":"tag-noticiasdestacadas","21":"tag-spain","22":"tag-titulares","23":"tag-ultimas-noticias","24":"tag-ultimasnoticias"},"share_on_mastodon":{"url":"https:\/\/pubeurope.com\/@es\/115642710464468067","error":""},"_links":{"self":[{"href":"https:\/\/www.europesays.com\/es\/wp-json\/wp\/v2\/posts\/264904","targetHints":{"allow":["GET"]}}],"collection":[{"href":"https:\/\/www.europesays.com\/es\/wp-json\/wp\/v2\/posts"}],"about":[{"href":"https:\/\/www.europesays.com\/es\/wp-json\/wp\/v2\/types\/post"}],"author":[{"embeddable":true,"href":"https:\/\/www.europesays.com\/es\/wp-json\/wp\/v2\/users\/2"}],"replies":[{"embeddable":true,"href":"https:\/\/www.europesays.com\/es\/wp-json\/wp\/v2\/comments?post=264904"}],"version-history":[{"count":0,"href":"https:\/\/www.europesays.com\/es\/wp-json\/wp\/v2\/posts\/264904\/revisions"}],"wp:featuredmedia":[{"embeddable":true,"href":"https:\/\/www.europesays.com\/es\/wp-json\/wp\/v2\/media\/264905"}],"wp:attachment":[{"href":"https:\/\/www.europesays.com\/es\/wp-json\/wp\/v2\/media?parent=264904"}],"wp:term":[{"taxonomy":"category","embeddable":true,"href":"https:\/\/www.europesays.com\/es\/wp-json\/wp\/v2\/categories?post=264904"},{"taxonomy":"post_tag","embeddable":true,"href":"https:\/\/www.europesays.com\/es\/wp-json\/wp\/v2\/tags?post=264904"}],"curies":[{"name":"wp","href":"https:\/\/api.w.org\/{rel}","templated":true}]}}