{"id":264906,"date":"2025-12-01T05:41:10","date_gmt":"2025-12-01T05:41:10","guid":{"rendered":"https:\/\/www.europesays.com\/es\/264906\/"},"modified":"2025-12-01T05:41:10","modified_gmt":"2025-12-01T05:41:10","slug":"los-avisos-por-lluvias-de-la-aemet-alcanzan-una-cifra-record-un-ano-despues-de-la-dana-de-valencia","status":"publish","type":"post","link":"https:\/\/www.europesays.com\/es\/264906\/","title":{"rendered":"Los avisos por lluvias de la Aemet alcanzan una cifra r\u00e9cord un a\u00f1o despu\u00e9s de la dana de Valencia"},"content":{"rendered":"<p style=\"\">La <a href=\"https:\/\/www.abc.es\/sociedad\/hombres-tras-meteorologia-espanola-bola-cristal-20240527173802-nt.html\" target=\"_self\" data-voc-vtm-id=\"in-text-traffic\" title=\"Agencia Estatal de Meteorolog\u00eda\" data-mrf-link=\"www.abc.es\" rel=\"nofollow noopener\">Agencia Estatal de Meteorolog\u00eda<\/a> (Aemet) nunca hab\u00eda emitido tantos <strong>avisos por lluvias en un a\u00f1o<\/strong> como despu\u00e9s de<a href=\"https:\/\/www.abc.es\/espana\/comunidad-valenciana\/vidas-rotas-dana-20251028124400-nt.html\" target=\"_self\" data-voc-vtm-id=\"in-text-traffic\" title=\" la dana de Valencia\" data-mrf-link=\"www.abc.es\" rel=\"nofollow noopener\"> la dana de Valencia<\/a>. Entre el 1 de noviembre del a\u00f1o pasado y el 31 de octubre de 2025 han transcurrido m\u00e1s de  &#8230; <strong>300 d\u00edas<\/strong> en los que al menos una zona de Espa\u00f1a ha tenido alg\u00fan tipo de aviso activo por lluvias (amarillo, naranja o rojo). De ellos,<strong> 20 d\u00edas registraron un &#8216;peligro extremo&#8217;,<\/strong> de nivel rojo, y otros <strong>138 d\u00edas un peligro &#8216;importante&#8217;,<\/strong> de nivel naranja por precipitaciones, seg\u00fan figura en los datos de Aemet Open Data consultados por este peri\u00f3dico. Desde 2018, cuando empieza la serie, nunca se hab\u00edan rebasado los 12 d\u00edas con avisos rojos y los 95 de nivel naranja por lluvias torrenciales para un periodo de tiempo similar.<\/p>\n<p class=\"voc-p\" style=\"\">Espa\u00f1a sigue<a href=\"https:\/\/www.abc.es\/sociedad\/catastrofes-costaron-11330-millones-espana-2024-nuevo-20251126110506-nt.html\" target=\"_self\" data-voc-vtm-id=\"in-text-traffic\" title=\" haciendo balance de la dana\" data-mrf-link=\"www.abc.es\" rel=\"nofollow noopener\"> haciendo balance de la dana<\/a> que aneg\u00f3 Valencia el 29 de octubre de 2024. La cat\u00e1strofe ha elevado la percepci\u00f3n del riesgo por lluvias intensas, ha popularizado el env\u00edo de mensajes con el sistema Es-Alert y ha favorecido que se pongan en marcha <a href=\"https:\/\/www.abc.es\/sociedad\/obras-antirriadas-barranco-poyo-2031-verguenza-tras-20251118042707-nt.html\" target=\"_self\" data-voc-vtm-id=\"in-text-traffic\" title=\"obras antirriadas\" data-mrf-link=\"www.abc.es\" rel=\"nofollow noopener\">obras antirriadas<\/a> que llevaban atascadas m\u00e1s de una d\u00e9cada. Pero, \u00bfest\u00e1 favoreciendo tambi\u00e9n la activaci\u00f3n de avisos meteorol\u00f3gicos desde la agencia estatal? <\/p>\n<p class=\"voc-p\" style=\"\">Los datos analizados por ABC muestran que en los \u00faltimos 12 meses los avisos meteorol\u00f3gicos de nivel rojo<strong> han crecido de forma generalizada<\/strong>. Ha habido un total de 37 d\u00edas con al menos un aviso de m\u00e1ximo rango, incluyendo fen\u00f3menos por altas y bajas temperaturas, nieve, viento o lluvias (solo se han excluido los fen\u00f3menos costeros de este an\u00e1lisis). El m\u00e1s frecuente ha sido el aviso rojo por lluvias: hasta 20 jornadas han contado con una alerta m\u00e1xima el \u00faltimo a\u00f1o. Estas cifras no tienen precedentes en la base de datos. Hasta ahora el r\u00e9cord eran las 12 jornadas en riesgo extremo por precipitaciones de 2018-2019, que abarca la tambi\u00e9n hist\u00f3rica dana que inund\u00f3 la Vega Baja del Segura. En a\u00f1os anteriores lo habitual era que el fen\u00f3meno que m\u00e1s avisos rojos generaba fueran las altas temperaturas. <\/p>\n<p class=\"voc-p\" style=\"\">Adem\u00e1s, el r\u00e9cord de avisos del \u00faltimo a\u00f1o no se limita solo al nivel de m\u00e1ximo peligro. Hubo 304 jornadas con avisos amarillos por precipitaciones entre noviembre de 2024 y octubre de 2025, mientras que 138 jornadas tambi\u00e9n contaron con avisos de nivel naranja. Son <strong>62 d\u00edas m\u00e1s con avisos amarillos<\/strong> respecto al anterior m\u00e1ximo (periodo 2023-2024) y 43 jornadas de m\u00e1s con naranjas (frente al periodo 2022-2023). <\/p>\n<p class=\"voc-p\" style=\"\">Habitualmente, la activaci\u00f3n de estos avisos responde a la previsi\u00f3n de que se <strong>superen ciertos umbrales<\/strong> preestablecidos de precipitaci\u00f3n en un corto periodo de tiempo. Sin embargo, en meteorolog\u00eda no existe la certeza. Es una ciencia que trabaja con <strong>probabilidades<\/strong> y las lluvias son especialmente complicadas de pronosticar, por lo que es habitual encontrar avisos para precipitaciones intensas que tienen entre un 40% y un 70% de posibilidades de ocurrir. A veces, incluso menos.<\/p>\n<p>\nEfecto dana\n<\/p>\n<p class=\"voc-p\" style=\"\">Consultados por estos datos, desde la Aemet <strong>descartan que haya una mayor propensi\u00f3n<\/strong> de los predictores de la agencia a activar avisos por lluvias tras la dana. Aseguran que los avisos se ponen de manera consensuada, siguiendo los protocolos del plan Meteoalerta. <\/p>\n<p class=\"voc-p\" style=\"\">\u00abParece que en 2025 ha habido m\u00e1s <strong>episodios de tiempo adverso<\/strong> que en a\u00f1os anteriores. Y esto justifica que los avisos naranjas o los rojos hayan sido m\u00e1s, adem\u00e1s de una mayor orientaci\u00f3n a los impactos, sobre todo en la provincia de Valencia\u00bb, explica Rub\u00e9n del Campo, portavoz de la Aemet. Para ilustrarlo, alude a la emisi\u00f3n de<strong> boletines especiales<\/strong> en lo que va de a\u00f1o. Estos informes son lanzados cuando la agencia prev\u00e9 una situaci\u00f3n meteorol\u00f3gica especialmente adversa, ya sea por lluvias y tormentas o por olas de calor, bajas temperaturas o nevadas en cotas bajas. \u00abEn 2025, del 1 de enero al 23 de noviembre hemos publicado 37 boletines de aviso especial, con los mismos criterios que antes de la dana. En 2024, en total, a pesar de la dana, fueron 23 boletines. En 2023 fueron 29 y en 2022 fueron 17\u00bb, ilustra. <\/p>\n<p class=\"voc-p\" style=\"\">Sin embargo, seg\u00fan ha podido comprobar ABC, de los 37 boletines de aviso especial de este a\u00f1o, 20 corresponden a olas de calor. Este \u00faltimo verano ha sido, de hecho, el m\u00e1s c\u00e1lido de la serie hist\u00f3rica. La primavera s\u00ed fue muy h\u00fameda (la quinta m\u00e1s h\u00fameda desde el comienzo de la serie en 1961 y la tercera del siglo XXI, detr\u00e1s de 2018 y 2013), mientras que el invierno y el verano fueron de car\u00e1cter seco. <\/p>\n<p class=\"voc-p\" style=\"\">Donde la Aemet s\u00ed reconoce<strong> un &#8216;efecto dana<\/strong>&#8216; es a la hora de tener en cuenta <strong>par\u00e1metros &#8216;extra&#8217;<\/strong> al poner avisos. En concreto, la Aemet ha atendido a la <strong>exposici\u00f3n y la vulnerabilidad<\/strong> del territorio. \u00abTras la riada de octubre de 2024 hubo avisos rojos, sobre todo en la provincia de Valencia, que quiz\u00e1 sin la dana no se hubiesen puesto rojos y quiz\u00e1 se hubiesen quedado en naranja, porque se valor\u00f3 que hab\u00eda una vulnerabilidad mayor en esa zona\u00bb, afirma Del Campo. El alcantarillado, inutilizado, y las infraestructuras, destruidas, podr\u00edan haber colapsado con una cantidad menor de lluvias. \u00abAunque la cantidad de precipitaci\u00f3n prevista pudiese haber quedado en un aviso naranja, como la vulnerabilidad era mayor, se decidi\u00f3 poner avisos rojos\u00bb, dice el portavoz. Esto ocurri\u00f3 a mediados de noviembre, apenas dos semanas despu\u00e9s de la tr\u00e1gica dana, y tambi\u00e9n en febrero de este a\u00f1o.<\/p>\n<p class=\"voc-p\" style=\"\">Esta integraci\u00f3n de los impactos reales dentro de los avisos de Aemet es una evoluci\u00f3n del sistema que lleva tiempo sobre la mesa. Par\u00e1metros como la <strong>densidad de poblaci\u00f3n<\/strong>, el estado de las <strong>infraestructuras<\/strong> o la coincidencia con <strong>fechas se\u00f1aladas<\/strong> (como una operaci\u00f3n retorno en carretera), pueden ser claves a la hora de activar un aviso meteorol\u00f3gico. Es el modelo que siguen desde hace a\u00f1os en EE.UU. \u00abLo recomendable es que se tenga en cuenta el impacto, no solo el umbral de precipitaci\u00f3n\u00bb, dice Del Campo. Este a\u00f1o se ha empezado a aplicar este criterio, explica, pero no puede implementarse de golpe. Son mejoras progresivas, donde tambi\u00e9n se engloba la reciente creaci\u00f3n del \u00c1rea de Protecci\u00f3n Civil y Relaciones Institucionales, que se ha alumbrado para \u00abreforzar\u00bb la coordinaci\u00f3n con Protecci\u00f3n Civil.<\/p>\n<p class=\"voc-p\" style=\"\">En los datos extra\u00eddos por ABC se observa claramente el efecto de tener en cuenta el impacto sobre el terreno de un fen\u00f3meno adverso. El \u00faltimo a\u00f1o, la mayor acumulaci\u00f3n de avisos rojos se ha visto en<strong> el litoral mediterr\u00e1neo.<\/strong> Suma hasta <strong>cinco d\u00edas en nivel rojo<\/strong> por lluvias el litoral sur de Valencia, donde la dana caus\u00f3 estragos, mientras que el litoral norte de Valencia estuvo tres d\u00edas en alerta extrema. No obstante, tambi\u00e9n hay zonas que han visto avisos rojos por lluvias en estos \u00faltimos meses por primera vez en al menos siete a\u00f1os, hasta donde se remonta la base de datos. Destaca And\u00e9valo (Huelva), con hasta tres jornadas en riesgo extremo. <\/p>\n<p>\u00abSabemos que el exceso de avisos rojos es como el cuento de &#8216;Pedro y el lobo&#8217;\u00bb<\/p>\n<p class=\"voc-p\">\u00abSe tiene cuidado con no sobrealertar, hay que avisar a la poblaci\u00f3n pero sabemos que un exceso de avisos rojos al final es como el cuento de &#8216;Pedro y el lobo&#8217;. No conviene sobreavisar\u00bb, asegura el portavoz de la Aemet, Rub\u00e9n del Campo. De hecho, cada a\u00f1o la agencia hace revisi\u00f3n y calcula su tasa de falsa alarma. El objetivo es no superar el 35%. \u00abConsideramos que si dos de cada tres avisos se han cumplido, es aceptable\u00bb, dice el portavoz, ya que hay que tener en cuenta que muchos avisos se ponen con probabilidades del 70%. No obstante, todav\u00eda no pueden ofrecer el c\u00e1lculo de este a\u00f1o. \u00abLas verificaciones requieren su tiempo\u00bb.<\/p>\n<p class=\"voc-p\" style=\"\">\u00abEl estudio es corto\u00bb, comenta el meteor\u00f3logo Francisco Mart\u00edn, ya jubilado de la Aemet, \u00aby este a\u00f1o ha sido significativo en lluvias, con una primavera hist\u00f3rica\u00bb, dice. As\u00ed, la meteorolog\u00eda ha podido influir a la hora de poner avisos, pero tampoco descarta <strong>un factor sociol\u00f3gico.<\/strong> \u00abTodos los seres humanos, cuando hay una situaci\u00f3n adversa como ocurri\u00f3 en la pantanada de Tous o en la dana de octubre del a\u00f1o pasado, somos m\u00e1s sensibles\u00bb. Le ocurre, dice, al pol\u00edtico que debe tomar decisiones, al ciudadano de a pie e incluso al predictor meteorol\u00f3gico. No obstante, Mart\u00edn recuerda que la Aemet funciona con protocolos coordinados dentro del plan Meteoalerta. \u00abTodo se relaciona y el resultado es que posiblemente hay una sobreestimaci\u00f3n a la hora de avisar\u00bb, concluye, \u00abpero har\u00eda falta un estudio\u00bb.<\/p>\n","protected":false},"excerpt":{"rendered":"La Agencia Estatal de Meteorolog\u00eda (Aemet) nunca hab\u00eda emitido tantos avisos por lluvias en un a\u00f1o como despu\u00e9s&hellip;\n","protected":false},"author":2,"featured_media":264907,"comment_status":"","ping_status":"","sticky":false,"template":"","format":"standard","meta":{"footnotes":""},"categories":[5],"tags":[2980,55397,1611,12389,17,18,6482,1681,987,25,24,13,14,11,19,20,6194,9,10,15,16,4722,23,12,21,22],"class_list":{"0":"post-264906","1":"post","2":"type-post","3":"status-publish","4":"format-standard","5":"has-post-thumbnail","7":"category-titulares","8":"tag-aemet","9":"tag-alcanzan","10":"tag-ano","11":"tag-avisos","12":"tag-breaking-news","13":"tag-breakingnews","14":"tag-cifra","15":"tag-dana","16":"tag-despues","17":"tag-es","18":"tag-espana","19":"tag-featured-news","20":"tag-featurednews","21":"tag-headlines","22":"tag-latest-news","23":"tag-latestnews","24":"tag-lluvias","25":"tag-news","26":"tag-noticias","27":"tag-noticias-destacadas","28":"tag-noticiasdestacadas","29":"tag-record","30":"tag-spain","31":"tag-titulares","32":"tag-ultimas-noticias","33":"tag-ultimasnoticias"},"share_on_mastodon":{"url":"https:\/\/pubeurope.com\/@es\/115642714242299560","error":""},"_links":{"self":[{"href":"https:\/\/www.europesays.com\/es\/wp-json\/wp\/v2\/posts\/264906","targetHints":{"allow":["GET"]}}],"collection":[{"href":"https:\/\/www.europesays.com\/es\/wp-json\/wp\/v2\/posts"}],"about":[{"href":"https:\/\/www.europesays.com\/es\/wp-json\/wp\/v2\/types\/post"}],"author":[{"embeddable":true,"href":"https:\/\/www.europesays.com\/es\/wp-json\/wp\/v2\/users\/2"}],"replies":[{"embeddable":true,"href":"https:\/\/www.europesays.com\/es\/wp-json\/wp\/v2\/comments?post=264906"}],"version-history":[{"count":0,"href":"https:\/\/www.europesays.com\/es\/wp-json\/wp\/v2\/posts\/264906\/revisions"}],"wp:featuredmedia":[{"embeddable":true,"href":"https:\/\/www.europesays.com\/es\/wp-json\/wp\/v2\/media\/264907"}],"wp:attachment":[{"href":"https:\/\/www.europesays.com\/es\/wp-json\/wp\/v2\/media?parent=264906"}],"wp:term":[{"taxonomy":"category","embeddable":true,"href":"https:\/\/www.europesays.com\/es\/wp-json\/wp\/v2\/categories?post=264906"},{"taxonomy":"post_tag","embeddable":true,"href":"https:\/\/www.europesays.com\/es\/wp-json\/wp\/v2\/tags?post=264906"}],"curies":[{"name":"wp","href":"https:\/\/api.w.org\/{rel}","templated":true}]}}